

{"id":44341,"date":"2022-10-24T18:22:43","date_gmt":"2022-10-24T21:22:43","guid":{"rendered":"https:\/\/portalfloresnoar.com\/floresnoar\/?p=44341"},"modified":"2023-11-18T12:00:50","modified_gmt":"2023-11-18T15:00:50","slug":"agenda-pe-3a-edicao-da-feira-bola-de-cristal-acontece-no-dia-12-11-no-recife","status":"publish","type":"post","link":"https:\/\/portalfloresnoar.com\/floresnoar\/agenda-pe-3a-edicao-da-feira-bola-de-cristal-acontece-no-dia-12-11-no-recife\/","title":{"rendered":"[AGENDA PE] 3\u00aa edi\u00e7\u00e3o da Feira Bola de Cristal acontece no dia 12\/11 no Recife"},"content":{"rendered":"<p><img decoding=\"async\" loading=\"lazy\" class=\"aligncenter wp-image-44343\" src=\"https:\/\/portalfloresnoar.com\/floresnoar\/wp-content\/uploads\/2023\/10\/feira-mistica-no-recife-700x700.jpeg\" alt=\"\" width=\"601\" height=\"601\" srcset=\"https:\/\/portalfloresnoar.com\/floresnoar\/wp-content\/uploads\/2023\/10\/feira-mistica-no-recife-700x700.jpeg 700w, https:\/\/portalfloresnoar.com\/floresnoar\/wp-content\/uploads\/2023\/10\/feira-mistica-no-recife-300x300.jpeg 300w, https:\/\/portalfloresnoar.com\/floresnoar\/wp-content\/uploads\/2023\/10\/feira-mistica-no-recife-150x150.jpeg 150w, https:\/\/portalfloresnoar.com\/floresnoar\/wp-content\/uploads\/2023\/10\/feira-mistica-no-recife-768x768.jpeg 768w, https:\/\/portalfloresnoar.com\/floresnoar\/wp-content\/uploads\/2023\/10\/feira-mistica-no-recife-1536x1536.jpeg 1536w, https:\/\/portalfloresnoar.com\/floresnoar\/wp-content\/uploads\/2023\/10\/feira-mistica-no-recife-100x100.jpeg 100w, https:\/\/portalfloresnoar.com\/floresnoar\/wp-content\/uploads\/2023\/10\/feira-mistica-no-recife.jpeg 1600w\" sizes=\"(max-width: 601px) 100vw, 601px\" \/><\/p>\n<p>No dia 12 de novembro, das 10h \u00e0s 18h, acontece a terceira edi\u00e7\u00e3o da Feira Bola de Cristal, na Maumau Galeria, no Recife. Unindo terapeutas, oraculistas e artistas, a feira tem o intuito de promover pr\u00e1ticas de autoconhecimento, autocuidado e bem-estar.<\/p>\n<p>Ser\u00e3o oferecidos atendimentos terap\u00eauticos e oraculares, al\u00e9m de feirinha com produtos de cosm\u00e9tica natural, plantas, cristais, tar\u00f4s, velas, cadernos artesanais, corte de cabelo, brech\u00f3, flash tattoo e comidas saud\u00e1veis.<\/p>\n<p>&#8220;Com o Sol\u00a0e a Lua Minguante em Escorpi\u00e3o, estaremos manifestando as inten\u00e7\u00f5es de curas internas e renova\u00e7\u00f5es do esp\u00edrito, preparando-nos uma nova jornada em 2024&#8221;, conta a tar\u00f3loga Sabrina Carvalho, umas das produtoras da feira.<\/p>\n<p>A Bola de Cristal tem o apoio da <a href=\"https:\/\/www.instagram.com\/carcaratarot\/\" target=\"_blank\" rel=\"noopener\">Carcar\u00e1 &#8211; Escola de Tarot<\/a>, Maumau Galeria, <a href=\"https:\/\/portalfloresnoar.com\/floresnoar\" target=\"_blank\" rel=\"noopener\">Portal Flores no Ar<\/a> e <a href=\"https:\/\/www.instagram.com\/selva.ervanaria\/\" target=\"_blank\" rel=\"noopener\">Selva Ervanaria e Cosm\u00e9tica<\/a>.<\/p>\n<p>Em breve divulgaremos a m\u00e1gica programa\u00e7\u00e3o!<\/p>\n<p>SERVI\u00c7O<br \/>\n<strong>Feira Bola de Cristal<\/strong><br \/>\n<strong>Data:<\/strong> 12\/11\/2023 (Domingo)<br \/>\n<strong>Hor\u00e1rio:<\/strong> Das 10h \u00e0s 18h<br \/>\n<strong>Local:<\/strong>\u00a0 MauMau Galeria\u00a0&#8211; Rua Nicar\u00e1gua, 173, Espinheiro, Recife\/PE<\/p>\n","protected":false},"excerpt":{"rendered":"<p>No dia 12 de novembro, das 10h \u00e0s 18h, acontece a terceira edi\u00e7\u00e3o da Feira Bola de Cristal, na Maumau Galeria, no Recife. Unindo terapeutas, oraculistas e artistas, a feira tem o intuito de promover pr\u00e1ticas de autoconhecimento, autocuidado e bem-estar. Ser\u00e3o oferecidos atendimentos terap\u00eauticos e oraculares, al\u00e9m de feirinha com produtos de cosm\u00e9tica natural, [&hellip;]<\/p>\n","protected":false},"author":1,"featured_media":44342,"comment_status":"open","ping_status":"open","sticky":false,"template":"","format":"standard","meta":{"om_disable_all_campaigns":false,"_monsterinsights_skip_tracking":false,"_monsterinsights_sitenote_active":false,"_monsterinsights_sitenote_note":"","_monsterinsights_sitenote_category":0,"footnotes":""},"categories":[8,214],"tags":[18,1121,333,390,86,21],"acf":[],"publishpress_future_action":{"enabled":false,"date":"1969-12-31 21:00:00","action":"","terms":[],"taxonomy":"","browser_timezone_offset":0},"_links":{"self":[{"href":"https:\/\/portalfloresnoar.com\/floresnoar\/wp-json\/wp\/v2\/posts\/44341"}],"collection":[{"href":"https:\/\/portalfloresnoar.com\/floresnoar\/wp-json\/wp\/v2\/posts"}],"about":[{"href":"https:\/\/portalfloresnoar.com\/floresnoar\/wp-json\/wp\/v2\/types\/post"}],"author":[{"embeddable":true,"href":"https:\/\/portalfloresnoar.com\/floresnoar\/wp-json\/wp\/v2\/users\/1"}],"replies":[{"embeddable":true,"href":"https:\/\/portalfloresnoar.com\/floresnoar\/wp-json\/wp\/v2\/comments?post=44341"}],"version-history":[{"count":3,"href":"https:\/\/portalfloresnoar.com\/floresnoar\/wp-json\/wp\/v2\/posts\/44341\/revisions"}],"predecessor-version":[{"id":44361,"href":"https:\/\/portalfloresnoar.com\/floresnoar\/wp-json\/wp\/v2\/posts\/44341\/revisions\/44361"}],"wp:featuredmedia":[{"embeddable":true,"href":"https:\/\/portalfloresnoar.com\/floresnoar\/wp-json\/wp\/v2\/media\/44342"}],"wp:attachment":[{"href":"https:\/\/portalfloresnoar.com\/floresnoar\/wp-json\/wp\/v2\/media?parent=44341"}],"wp:term":[{"taxonomy":"category","embeddable":true,"href":"https:\/\/portalfloresnoar.com\/floresnoar\/wp-json\/wp\/v2\/categories?post=44341"},{"taxonomy":"post_tag","embeddable":true,"href":"https:\/\/portalfloresnoar.com\/floresnoar\/wp-json\/wp\/v2\/tags?post=44341"}],"curies":[{"name":"wp","href":"https:\/\/api.w.org\/{rel}","templated":true}]}}