

{"id":44327,"date":"2023-10-26T16:36:50","date_gmt":"2023-10-26T19:36:50","guid":{"rendered":"https:\/\/portalfloresnoar.com\/floresnoar\/?p=44327"},"modified":"2023-10-26T17:04:42","modified_gmt":"2023-10-26T20:04:42","slug":"lab-artesas-fortalece-mulheres-artesas-atraves-de-encontros-de-experimentacao-e-criacao-coletiva","status":"publish","type":"post","link":"https:\/\/portalfloresnoar.com\/floresnoar\/lab-artesas-fortalece-mulheres-artesas-atraves-de-encontros-de-experimentacao-e-criacao-coletiva\/","title":{"rendered":"Lab Artes\u00e3s fortalece mulheres artes\u00e3s atrav\u00e9s de encontros de experimenta\u00e7\u00e3o e cria\u00e7\u00e3o coletiva"},"content":{"rendered":"<figure id=\"attachment_44351\" aria-describedby=\"caption-attachment-44351\" style=\"width: 617px\" class=\"wp-caption alignnone\"><img decoding=\"async\" loading=\"lazy\" class=\"wp-image-44351\" src=\"https:\/\/portalfloresnoar.com\/floresnoar\/wp-content\/uploads\/2023\/10\/lab-artesas-3-700x614.jpeg\" alt=\"\" width=\"617\" height=\"541\" srcset=\"https:\/\/portalfloresnoar.com\/floresnoar\/wp-content\/uploads\/2023\/10\/lab-artesas-3-700x614.jpeg 700w, https:\/\/portalfloresnoar.com\/floresnoar\/wp-content\/uploads\/2023\/10\/lab-artesas-3-300x263.jpeg 300w, https:\/\/portalfloresnoar.com\/floresnoar\/wp-content\/uploads\/2023\/10\/lab-artesas-3-768x674.jpeg 768w, https:\/\/portalfloresnoar.com\/floresnoar\/wp-content\/uploads\/2023\/10\/lab-artesas-3-1536x1348.jpeg 1536w, https:\/\/portalfloresnoar.com\/floresnoar\/wp-content\/uploads\/2023\/10\/lab-artesas-3.jpeg 1600w\" sizes=\"(max-width: 617px) 100vw, 617px\" \/><figcaption id=\"caption-attachment-44351\" class=\"wp-caption-text\">As participantes do Lab Artes\u00e3s e as cria\u00e7\u00f5es produzidas durante os encontros<\/figcaption><\/figure>\n<p>| <em>Por Lu Rabelo &#8211; Editora do Portal Flores no Ar<\/em> |<\/p>\n<p>Que alegria ver manifestadas as pe\u00e7as criadas durante o Lab Artes\u00e3s, projeto da <a href=\"https:\/\/www.instagram.com\/casa.astral\/\" target=\"_blank\" rel=\"noopener\">Casa Astral<\/a> &#8211; por meio do <a href=\"https:\/\/www.instagram.com\/seu.astral\/\" target=\"_blank\" rel=\"noopener\">Ateli\u00ea Seu Astral<\/a> &#8211; criado pela produtora cultural <a href=\"https:\/\/www.instagram.com\/gomes_guida\/\" target=\"_blank\" rel=\"noopener\">Guida Gomes<\/a>\u00a0 e coordenado pela artes\u00e3 <a href=\"https:\/\/www.instagram.com\/__arteemlinha__\/\" target=\"_blank\" rel=\"noopener\">D\u00e9borah Assun\u00e7\u00e3o<\/a>, com o intuito de unir artes\u00e3s de diferentes t\u00e9cnicas, num espa\u00e7o coletivo de experimenta\u00e7\u00f5es criativas. A a\u00e7\u00e3o teve o apoio do Sebrae-PE, por meio da linha de Economia Criativa.<\/p>\n<p>Ap\u00f3s um processo seletivo com a inscri\u00e7\u00e3o de muitas artes\u00e3s maravilhosas, foram escolhidas 4 mulheres para elaborar e propor pe\u00e7as \u00fanicas, atrav\u00e9s do interc\u00e2mbio de saberes. As selecionadas foram <a href=\"https:\/\/www.instagram.com\/lia_menezes3\/\" target=\"_blank\" rel=\"noopener\">Lia Menezes<\/a>, <a href=\"https:\/\/www.instagram.com\/guadalupeaylaa\/\" target=\"_blank\" rel=\"noopener\">Ayla Guadalupe<\/a>,<a href=\"https:\/\/www.instagram.com\/voteatelie\/\" target=\"_blank\" rel=\"noopener\"> Julia Martins<\/a>, e <a href=\"https:\/\/www.instagram.com\/lcordeiro_art\/\" target=\"_blank\" rel=\"noopener\">Eli Cordeiro<\/a>.<\/p>\n<p>Durante dois meses, as artes\u00e3s participaram de encontros presenciais de cria\u00e7\u00e3o coletiva, al\u00e9m de mentorias, resultando na cria\u00e7\u00e3o de 4 pe\u00e7as artesanais.<\/p>\n<p><em>Foram oferecidas as seguintes mentorias:<\/em><br \/>\n&#8211; <strong>Design de Produto<\/strong>, com Carol Reis (pesquisadora integrante do Imagin\u00e1rio\/UFPE);<br \/>\n&#8211; <strong>Est\u00edmulo e Cases de Cria\u00e7\u00e3o de Produtos Manuais<\/strong>, com o uso de t\u00e9cnicas de reaproveitamento, com Cristiane Ribeiro (designer de moda e arquiteta)<br \/>\n&#8211; <strong>Experi\u00eancias e Narrativas de Processos Criativos e Empreendedorismo<\/strong>, com D\u00e9borah Assump\u00e7\u00e3o (artes\u00e3 da Arte Em Linha)<\/p>\n<p>&#8220;O Lab Artes\u00e3s se apresenta pra gente como uma forte afirma\u00e7\u00e3o da pot\u00eancia criativa feminina, em roda. Foram v\u00e1rias trocas e aprendizados, muitas ideias, muitas pot\u00eancias reunidas&#8221;, comemora Guida.<\/p>\n<p>&#8220;Encontrar essas mulheres causou-me um impacto de alegria, sobretudo por perceber a qualidade e originalidade das cria\u00e7\u00f5es, aliadas \u00e0 trajet\u00f3ria de m\u00e3es solo, na sua maioria (entre 29 e 48 anos), com caminhos cheios de obst\u00e1culos, mas que n\u00e3o abrem m\u00e3o da garantia dos quesitos qualidade, originalidade e t\u00e9cnica refinada, como princ\u00edpios. Elas viraram minha farofa de ideias, oxigenaram meu olhar est\u00e9tico, inclusivo, coletivo, feminil, de diferentes faixas et\u00e1rias, mas com grande sintonia identit\u00e1ria&#8221;, conta a artes\u00e3 Lia Menezes.<\/p>\n<p>Para o Flores no Ar foi uma honra apoiar o projeto! Gratid\u00e3o \u00e0 ilustradora e designer <a href=\"https:\/\/www.instagram.com\/luarluei\/\" target=\"_blank\" rel=\"noopener\">Lua<\/a>, pelas belas artes da divulga\u00e7\u00e3o.<\/p>\n<p>FICHA T\u00c9CNICA<br \/>\n<em>Realiza\u00e7\u00e3o: Casa Astral\/ Seu Astral<\/em><br \/>\n<em>Coordena\u00e7\u00e3o: D\u00e9borah Assun\u00e7\u00e3o e Guida Gomes<\/em><br \/>\n<em>Assessoria de Comunica\u00e7\u00e3o:\u00a0<a class=\"x1i10hfl xjbqb8w x6umtig x1b1mbwd xaqea5y xav7gou x9f619 x1ypdohk xt0psk2 xe8uvvx xdj266r x11i5rnm xat24cr x1mh8g0r xexx8yu x4uap5 x18d9i69 xkhd6sd x16tdsg8 x1hl2dhg xggy1nq x1a2a7pz notranslate _a6hd\" tabindex=\"0\" role=\"link\" href=\"https:\/\/www.instagram.com\/canto.de.lu\/\">@canto.de.lu<\/a>\u00a0<a class=\"x1i10hfl xjbqb8w x6umtig x1b1mbwd xaqea5y xav7gou x9f619 x1ypdohk xt0psk2 xe8uvvx xdj266r x11i5rnm xat24cr x1mh8g0r xexx8yu x4uap5 x18d9i69 xkhd6sd x16tdsg8 x1hl2dhg xggy1nq x1a2a7pz notranslate _a6hd\" tabindex=\"0\" role=\"link\" href=\"https:\/\/www.instagram.com\/floresnoar\/\">@floresnoar<\/a><\/em><br \/>\n<em>Designer: Lua @luarluei<\/em><br \/>\n<em>Artes\u00e3s participantes: <a href=\"https:\/\/www.instagram.com\/lia_menezes3\/\" target=\"_blank\" rel=\"noopener\">Lia Menezes<\/a>, <a href=\"https:\/\/www.instagram.com\/guadalupeaylaa\/\" target=\"_blank\" rel=\"noopener\">Ayla Guadalupe<\/a>,<a href=\"https:\/\/www.instagram.com\/voteatelie\/\" target=\"_blank\" rel=\"noopener\"> Julia Martins<\/a>, e <a href=\"https:\/\/www.instagram.com\/lcordeiro_art\/\" target=\"_blank\" rel=\"noopener\">Eli Cordeiro<\/a><\/em><br \/>\n<em>Imagens: Gil Araujo<\/em><\/p>\n","protected":false},"excerpt":{"rendered":"<p>| Por Lu Rabelo &#8211; Editora do Portal Flores no Ar | Que alegria ver manifestadas as pe\u00e7as criadas durante o Lab Artes\u00e3s, projeto da Casa Astral &#8211; por meio do Ateli\u00ea Seu Astral &#8211; criado pela produtora cultural Guida Gomes\u00a0 e coordenado pela artes\u00e3 D\u00e9borah Assun\u00e7\u00e3o, com o intuito de unir artes\u00e3s de diferentes [&hellip;]<\/p>\n","protected":false},"author":1,"featured_media":44352,"comment_status":"open","ping_status":"open","sticky":false,"template":"","format":"standard","meta":{"om_disable_all_campaigns":false,"_monsterinsights_skip_tracking":false,"_monsterinsights_sitenote_active":false,"_monsterinsights_sitenote_note":"","_monsterinsights_sitenote_category":0,"footnotes":""},"categories":[9],"tags":[44,45,1360,1449],"acf":[],"publishpress_future_action":{"enabled":false,"date":"1969-12-31 21:00:00","action":"","terms":[],"taxonomy":"","browser_timezone_offset":0},"_links":{"self":[{"href":"https:\/\/portalfloresnoar.com\/floresnoar\/wp-json\/wp\/v2\/posts\/44327"}],"collection":[{"href":"https:\/\/portalfloresnoar.com\/floresnoar\/wp-json\/wp\/v2\/posts"}],"about":[{"href":"https:\/\/portalfloresnoar.com\/floresnoar\/wp-json\/wp\/v2\/types\/post"}],"author":[{"embeddable":true,"href":"https:\/\/portalfloresnoar.com\/floresnoar\/wp-json\/wp\/v2\/users\/1"}],"replies":[{"embeddable":true,"href":"https:\/\/portalfloresnoar.com\/floresnoar\/wp-json\/wp\/v2\/comments?post=44327"}],"version-history":[{"count":5,"href":"https:\/\/portalfloresnoar.com\/floresnoar\/wp-json\/wp\/v2\/posts\/44327\/revisions"}],"predecessor-version":[{"id":44355,"href":"https:\/\/portalfloresnoar.com\/floresnoar\/wp-json\/wp\/v2\/posts\/44327\/revisions\/44355"}],"wp:featuredmedia":[{"embeddable":true,"href":"https:\/\/portalfloresnoar.com\/floresnoar\/wp-json\/wp\/v2\/media\/44352"}],"wp:attachment":[{"href":"https:\/\/portalfloresnoar.com\/floresnoar\/wp-json\/wp\/v2\/media?parent=44327"}],"wp:term":[{"taxonomy":"category","embeddable":true,"href":"https:\/\/portalfloresnoar.com\/floresnoar\/wp-json\/wp\/v2\/categories?post=44327"},{"taxonomy":"post_tag","embeddable":true,"href":"https:\/\/portalfloresnoar.com\/floresnoar\/wp-json\/wp\/v2\/tags?post=44327"}],"curies":[{"name":"wp","href":"https:\/\/api.w.org\/{rel}","templated":true}]}}