

{"id":44310,"date":"2023-04-03T06:30:46","date_gmt":"2023-04-03T09:30:46","guid":{"rendered":"https:\/\/portalfloresnoar.com\/floresnoar\/?p=44310"},"modified":"2023-12-18T09:08:04","modified_gmt":"2023-12-18T12:08:04","slug":"agenda-pe-curso-de-reiki-nivel-1-dias-16-e-17-de-dezembro-no-recife","status":"publish","type":"post","link":"https:\/\/portalfloresnoar.com\/floresnoar\/agenda-pe-curso-de-reiki-nivel-1-dias-16-e-17-de-dezembro-no-recife\/","title":{"rendered":"[AGENDA PE] &#8216;Curso de Reiki n\u00edvel 1&#8217; dias 16 e 17 de dezembro no Recife"},"content":{"rendered":"<p><img decoding=\"async\" loading=\"lazy\" class=\"aligncenter wp-image-44312\" src=\"https:\/\/portalfloresnoar.com\/floresnoar\/wp-content\/uploads\/2023\/10\/curso-de-reiki-1-no-recife-700x700.jpeg\" alt=\"\" width=\"531\" height=\"531\" srcset=\"https:\/\/portalfloresnoar.com\/floresnoar\/wp-content\/uploads\/2023\/10\/curso-de-reiki-1-no-recife-700x700.jpeg 700w, https:\/\/portalfloresnoar.com\/floresnoar\/wp-content\/uploads\/2023\/10\/curso-de-reiki-1-no-recife-300x300.jpeg 300w, https:\/\/portalfloresnoar.com\/floresnoar\/wp-content\/uploads\/2023\/10\/curso-de-reiki-1-no-recife-150x150.jpeg 150w, https:\/\/portalfloresnoar.com\/floresnoar\/wp-content\/uploads\/2023\/10\/curso-de-reiki-1-no-recife-768x768.jpeg 768w, https:\/\/portalfloresnoar.com\/floresnoar\/wp-content\/uploads\/2023\/10\/curso-de-reiki-1-no-recife-100x100.jpeg 100w, https:\/\/portalfloresnoar.com\/floresnoar\/wp-content\/uploads\/2023\/10\/curso-de-reiki-1-no-recife.jpeg 1080w\" sizes=\"(max-width: 531px) 100vw, 531px\" \/><\/p>\n<p>O\u00a0<a href=\"https:\/\/instituto-dois-sois-reiki.webnode.page\/\" target=\"_blank\" rel=\"noopener\">Instituto Dois S\u00f3is Reiki\u00a0<\/a>promove nos dias 16 e 17 de dezembro de 2023, no Recife, o Curso de Reiki N\u00edvel 1,\u00a0 conduzido pelos Reiki Masters Roberta Machado e Luiz Amaral. As aulas ser\u00e3o realizadas na Cl\u00ednica \u00c1gape, localizada no bairro da Tamarineira, e as inscri\u00e7\u00f5es j\u00e1 est\u00e3o abertas!<\/p>\n<p>\u201cO Reiki \u00e9 um m\u00e9todo terap\u00eautico japon\u00eas usado para equilibrar naturalmente a nossa energia, refor\u00e7ando o poder de autocura que todos n\u00f3s temos, com atua\u00e7\u00e3o nos n\u00edveis f\u00edsico, mental, emocional, energ\u00e9tico e espiritual. \u00c9 uma terapia integrativa e complementar, de f\u00e1cil aprendizado e ao alcance de todos, podendo ser aplicado em seres humanos, animais, plantas, alimentos, \u00e1gua, rem\u00e9dios, cristais e muito mais\u201d, explicam os facilitadores da t\u00e9cnica.<\/p>\n<p>O Reiki \u00e9 reconhecido pelo Minist\u00e9rio do Trabalho brasileiro como profiss\u00e3o, estando enquadrado dentro das atividades de Pr\u00e1ticas Integrativas e Complementares em Sa\u00fade Humana.<\/p>\n<figure id=\"attachment_44311\" aria-describedby=\"caption-attachment-44311\" style=\"width: 426px\" class=\"wp-caption alignright\"><img decoding=\"async\" loading=\"lazy\" class=\"wp-image-44311\" src=\"https:\/\/portalfloresnoar.com\/floresnoar\/wp-content\/uploads\/2023\/10\/curso-de-reiki-nivel-1-no-recife-700x489.jpg\" alt=\"\" width=\"426\" height=\"297\" srcset=\"https:\/\/portalfloresnoar.com\/floresnoar\/wp-content\/uploads\/2023\/10\/curso-de-reiki-nivel-1-no-recife-700x489.jpg 700w, https:\/\/portalfloresnoar.com\/floresnoar\/wp-content\/uploads\/2023\/10\/curso-de-reiki-nivel-1-no-recife-300x210.jpg 300w, https:\/\/portalfloresnoar.com\/floresnoar\/wp-content\/uploads\/2023\/10\/curso-de-reiki-nivel-1-no-recife-768x537.jpg 768w, https:\/\/portalfloresnoar.com\/floresnoar\/wp-content\/uploads\/2023\/10\/curso-de-reiki-nivel-1-no-recife.jpg 1080w\" sizes=\"(max-width: 426px) 100vw, 426px\" \/><figcaption id=\"caption-attachment-44311\" class=\"wp-caption-text\">Registro fotogr\u00e1fico de uma das pr\u00e1ticas realizadas no Curso de Reiki &#8211; n\u00edvel 1<\/figcaption><\/figure>\n<p><strong>CONFIRA ALGUNS DOS BENEF\u00cdCIOS DO REIKI<\/strong><br \/>\n* Libera bloqueios, limpando o organismo de toxinas e aliviando dores de maneira eficiente;<br \/>\n* Complementa qualquer tipo de tratamento m\u00e9dico, auxiliando na cura de desequil\u00edbrios f\u00edsicos e emocionais;<br \/>\n* Aprofunda o autoconhecimento, ampliando a criatividade, a intui\u00e7\u00e3o e a confian\u00e7a;<br \/>\n* Atua profundamente na pessoa, buscando dissolver a causa de problemas, ampliando a consci\u00eancia;<br \/>\n* Produz um profundo relaxamento, ajudando a eliminar o estresse;<br \/>\n* Ativa gl\u00e2ndulas, \u00f3rg\u00e3os, sistemas nervoso e imunol\u00f3gico;<br \/>\n* Potencializa a a\u00e7\u00e3o positiva dos rem\u00e9dios, diminuindo os efeitos colaterais.<\/p>\n<figure id=\"attachment_43183\" class=\"wp-caption alignright\"><figcaption class=\"wp-caption-text\"><\/figcaption><\/figure>\n<figure id=\"attachment_43759\" class=\"wp-caption alignright\" aria-describedby=\"caption-attachment-43759\"><figcaption id=\"caption-attachment-43759\" class=\"wp-caption-text\"><\/figcaption><\/figure>\n<p><strong>CONTE\u00daDO PROGRAM\u00c1TICO DO CURSO\u00a0DE REIKI N\u00cdVEL 1: F\u00edsico \u201cShoden\u201d \u2013 O Despertar<\/strong><br \/>\n* O despertar da consci\u00eancia;<br \/>\n* Hist\u00f3ria do Reiki;<br \/>\n* Princ\u00edpios do Reiki;<br \/>\n* Pontos energ\u00e9ticos;<br \/>\n* T\u00e9cnicas de imposi\u00e7\u00e3o das m\u00e3os;<br \/>\n* Equil\u00edbrio de chakras;<br \/>\n* Reconstru\u00e7\u00e3o de chakras;<br \/>\n* Tratamento completo;<br \/>\n* Autotratamento;<br \/>\n* Inicia\u00e7\u00e3o;<br \/>\n* Pr\u00e1ticas compartilhadas;<br \/>\n* Tratamento em grupo.<\/p>\n<p><strong>DATA:<\/strong> 16 e 17 de dezembro de 2023 (s\u00e1bado e domingo)<br \/>\n<strong>HOR\u00c1RIO:<\/strong>\u00a0Das 08 \u00e0s 18h<br \/>\n<strong>LOCAL:<\/strong>\u00a0Cl\u00ednica \u00c1gape \u2013 Rua Des. Edmundo Jord\u00e3o, 245, Tamarineira, Recife\/PE<br \/>\n<strong>CARGA HOR\u00c1RIA:<\/strong>\u00a020h<\/p>\n<p><strong>INVESTIMENTO:<\/strong>\u00a0R$ 650,00 (dep\u00f3sito \u00e0 vista ou dividido em duas parcelas atrav\u00e9s de boleto banc\u00e1rio).<br \/>\n<em><strong>Obs.:<\/strong>\u00a0Est\u00e3o inclusos no valor: apostila digital, certificado impresso, coffee break e almo\u00e7o.<\/em><\/p>\n<p>Vagas limitadas!<\/p>\n<p>INSCRI\u00c7\u00d5ES E MAIS INFORMA\u00c7\u00d5ES:<br \/>\n<strong>WhatsApp:<\/strong>\u00a0(81) 996218422<br \/>\n<strong>Instagram:<\/strong>\u00a0<a href=\"https:\/\/www.instagram.com\/doissoisreiki\/\" target=\"_blank\" rel=\"noopener\">@doissoisreiki<\/a><br \/>\n<strong>Site:<\/strong>\u00a0<a href=\"https:\/\/instituto-dois-sois-reiki.webnode.page\/\" target=\"_blank\" rel=\"noopener\">https:\/\/instituto-dois-sois-reiki.webnode.page\/<\/a><\/p>\n","protected":false},"excerpt":{"rendered":"<p>O\u00a0Instituto Dois S\u00f3is Reiki\u00a0promove nos dias 16 e 17 de dezembro de 2023, no Recife, o Curso de Reiki N\u00edvel 1,\u00a0 conduzido pelos Reiki Masters Roberta Machado e Luiz Amaral. As aulas ser\u00e3o realizadas na Cl\u00ednica \u00c1gape, localizada no bairro da Tamarineira, e as inscri\u00e7\u00f5es j\u00e1 est\u00e3o abertas! \u201cO Reiki \u00e9 um m\u00e9todo terap\u00eautico japon\u00eas [&hellip;]<\/p>\n","protected":false},"author":1,"featured_media":44313,"comment_status":"open","ping_status":"open","sticky":false,"template":"","format":"standard","meta":{"om_disable_all_campaigns":false,"_monsterinsights_skip_tracking":false,"_monsterinsights_sitenote_active":false,"_monsterinsights_sitenote_note":"","_monsterinsights_sitenote_category":0,"footnotes":""},"categories":[8,214],"tags":[105,167,37,638],"acf":[],"publishpress_future_action":{"enabled":false,"date":"1969-12-31 21:00:00","action":"","terms":[],"taxonomy":"","browser_timezone_offset":0},"_links":{"self":[{"href":"https:\/\/portalfloresnoar.com\/floresnoar\/wp-json\/wp\/v2\/posts\/44310"}],"collection":[{"href":"https:\/\/portalfloresnoar.com\/floresnoar\/wp-json\/wp\/v2\/posts"}],"about":[{"href":"https:\/\/portalfloresnoar.com\/floresnoar\/wp-json\/wp\/v2\/types\/post"}],"author":[{"embeddable":true,"href":"https:\/\/portalfloresnoar.com\/floresnoar\/wp-json\/wp\/v2\/users\/1"}],"replies":[{"embeddable":true,"href":"https:\/\/portalfloresnoar.com\/floresnoar\/wp-json\/wp\/v2\/comments?post=44310"}],"version-history":[{"count":5,"href":"https:\/\/portalfloresnoar.com\/floresnoar\/wp-json\/wp\/v2\/posts\/44310\/revisions"}],"predecessor-version":[{"id":44315,"href":"https:\/\/portalfloresnoar.com\/floresnoar\/wp-json\/wp\/v2\/posts\/44310\/revisions\/44315"}],"wp:featuredmedia":[{"embeddable":true,"href":"https:\/\/portalfloresnoar.com\/floresnoar\/wp-json\/wp\/v2\/media\/44313"}],"wp:attachment":[{"href":"https:\/\/portalfloresnoar.com\/floresnoar\/wp-json\/wp\/v2\/media?parent=44310"}],"wp:term":[{"taxonomy":"category","embeddable":true,"href":"https:\/\/portalfloresnoar.com\/floresnoar\/wp-json\/wp\/v2\/categories?post=44310"},{"taxonomy":"post_tag","embeddable":true,"href":"https:\/\/portalfloresnoar.com\/floresnoar\/wp-json\/wp\/v2\/tags?post=44310"}],"curies":[{"name":"wp","href":"https:\/\/api.w.org\/{rel}","templated":true}]}}