

{"id":44293,"date":"2023-10-15T11:59:43","date_gmt":"2023-10-15T14:59:43","guid":{"rendered":"https:\/\/portalfloresnoar.com\/floresnoar\/?p=44293"},"modified":"2023-10-15T19:55:56","modified_gmt":"2023-10-15T22:55:56","slug":"canto-de-lu-meu-presente-de-50-anos","status":"publish","type":"post","link":"https:\/\/portalfloresnoar.com\/floresnoar\/canto-de-lu-meu-presente-de-50-anos\/","title":{"rendered":"[CANTO DE LU] Meu presente de 50 anos"},"content":{"rendered":"<figure id=\"attachment_44294\" aria-describedby=\"caption-attachment-44294\" style=\"width: 363px\" class=\"wp-caption alignleft\"><img decoding=\"async\" loading=\"lazy\" class=\"wp-image-44294\" src=\"https:\/\/portalfloresnoar.com\/floresnoar\/wp-content\/uploads\/2023\/10\/lu-rabelo-educadora-e-cantadeira-525x700.jpeg\" alt=\"\" width=\"363\" height=\"484\" srcset=\"https:\/\/portalfloresnoar.com\/floresnoar\/wp-content\/uploads\/2023\/10\/lu-rabelo-educadora-e-cantadeira-525x700.jpeg 525w, https:\/\/portalfloresnoar.com\/floresnoar\/wp-content\/uploads\/2023\/10\/lu-rabelo-educadora-e-cantadeira-225x300.jpeg 225w, https:\/\/portalfloresnoar.com\/floresnoar\/wp-content\/uploads\/2023\/10\/lu-rabelo-educadora-e-cantadeira-768x1024.jpeg 768w, https:\/\/portalfloresnoar.com\/floresnoar\/wp-content\/uploads\/2023\/10\/lu-rabelo-educadora-e-cantadeira-1152x1536.jpeg 1152w, https:\/\/portalfloresnoar.com\/floresnoar\/wp-content\/uploads\/2023\/10\/lu-rabelo-educadora-e-cantadeira.jpeg 1200w\" sizes=\"(max-width: 363px) 100vw, 363px\" \/><figcaption id=\"caption-attachment-44294\" class=\"wp-caption-text\">Foto: Lua &#8211; @luarluei<\/figcaption><\/figure>\n<p>| <em>Por Lu Rabelo*<\/em> |<\/p>\n<p>Neste ano em que completei 50 anos, me dei de presente a matr\u00edcula numa Forma\u00e7\u00e3o Pedag\u00f3gica em Letras-Portugu\u00eas.<\/p>\n<p>Dando uma resumida geral na minha biografia: aos 20 me formei em Jornalismo, aos 30 em Arteterapia, aos 40 me assumi como Artista, aos 50 t\u00f4 sentindo o chamado pra atuar mais diretamente na Educa\u00e7\u00e3o.<\/p>\n<p>N\u00e3o precisei largar o Jornalismo, nem as Terapias, nem a Arte nesse processo todo. Muito pelo contr\u00e1rio, nessa caminhada, t\u00e1 tudo cada vez mais se integrando, e a Educa\u00e7\u00e3o agora vem como resposta \u00e0s minhas ora\u00e7\u00f5es sobre o que mais devo fazer aqui na Terra.<\/p>\n<p>Como numa grande espiral, recordo quando na adolesc\u00eancia meu primeiro trabalho aut\u00f4nomo foi como professora particular de Portugu\u00eas. E quando na juventude, al\u00e9m de Jornalismo minha outra op\u00e7\u00e3o de gradua\u00e7\u00e3o era Letras. Ou, num simbolismo ainda mais amplo, quando meu pai (Jos\u00e9 Alves) e meu padrinho (Jos\u00e9 Rabelo) eram professores de Portugu\u00eas, reverenciados por onde passavam. Minhas refer\u00eancias pedag\u00f3gicas tamb\u00e9m v\u00eam de mainha, graduada em Pedagogia, ex\u00edmia professora, supervisora e diretora de escolas p\u00fablicas em Caruaru e Limoreiro.<\/p>\n<p>Como quase todos n\u00f3s, fui v\u00edtima do p\u00e9ssimo sistema educacional brasileiro. Apesar dos esfor\u00e7os de meus pais em me matricularem no que eles consideravam as melhores escolas, com exce\u00e7\u00e3o dos dois anos em que estudei na Escola Nova do Recife, todas as outras experi\u00eancias foram castradoras.<\/p>\n<p>A \u00fanica aula que recordo nesta vida foi uma aula de Express\u00e3o Corporal, provavelmente quando eu estava no que se chamava de \u2018Alfabetiza\u00e7\u00e3o\u2019, classe que vinha antes da primeira s\u00e9rie.\u00a0 Em minha mem\u00f3ria, recordo de estar deitada no ch\u00e3o da sala, enquanto ouv\u00edamos a m\u00fasica \u2018Foi Deus quem fez voc\u00ea\u2019, na voz de Amelinha. Foi t\u00e3o forte o que senti naquela viv\u00eancia que at\u00e9 hoje ao lembrar deste momento me emociono.<\/p>\n<p>Tamb\u00e9m n\u00e3o tive a sorte de ter bons professores. Me lembro com alegria de apenas tr\u00eas: \u201cTia\u201d V\u00e2nia, da Escola Nova; Venusa, de Reda\u00e7\u00e3o; e Rubem Franca, de Hist\u00f3ria (que era tido como louco).<\/p>\n<p>Quando minha filha Lua nasceu, a \u00fanica certeza que eu tinha era que n\u00e3o colocaria ela no col\u00e9gio onde cursei o segundo grau, uma institui\u00e7\u00e3o privada na zona sul do Recife, cheia de moralismos e preconceitos. Passamos por algumas escolas pequenas at\u00e9 chegarmos na Escola Parque, onde pude ficar mais sossegada. Lembro quando numa reuni\u00e3o com as fam\u00edlias do Ensino M\u00e9dio fui conversar com a querida e s\u00e1bia Myrtha, diretora da Parque. Fui me queixar que Lua s\u00f3 queria saber de desenhar e isso tava me preocupando. Ela pegou na minha m\u00e3o, olhou bem nos meus olhos e disse: \u201cDeixa a menina desenhaaar!\u201d Sa\u00ed de l\u00e1 aliviada. Lua conseguiu entrar numa universidade p\u00fablica pela alta nota da reda\u00e7\u00e3o.<\/p>\n<p>J\u00e1 com meu filho Ravi, pude adiar um pouco mais o tempo de coloc\u00e1-lo numa escola. E, assim que pude, matriculei-o na Escola Parque. Com as novas escolhas que venho fazendo na vida, desde 2020 ele estuda na Escola Waldorf Rural Turmalina, onde estamos experimentando um outro jeito de educar, mais conectado com a Espiritualidade, a Natureza e a Arte.<\/p>\n<p>Diante dos recentes epis\u00f3dios pol\u00edticos no Brasil, desde o golpe de Dilma e, principalmente, no per\u00edodo em que aquele bandido desgovernou o Brasil, de 2018 a 2022, fiquei totalmente mexida. Ent\u00e3o, a minha decis\u00e3o em fazer uma nova gradua\u00e7\u00e3o \u00e9 motivada por duas quest\u00f5es:<\/p>\n<ol>\n<li>Atuar pol\u00edtica-art\u00edstica-pedagogicamente nas bases.<\/li>\n<li>Ter alguma estabilidade financeira, atuando numa \u00e1rea que me d\u00e1 \u00e2nimo (painho, onde quer que ele esteja, deve estar dizendo: eu num disse a vida toda que era pra voc\u00ea fazer um concurso! Hahaha. Eita pai, quem diria que eu a essa altura taria atr\u00e1s dessa estabilidade, e como educadora!)<\/li>\n<\/ol>\n<p><em>* Lu Rabelo \u00e9\u00a0<a href=\"https:\/\/www.instagram.com\/canto.de.lu\" target=\"_blank\" rel=\"noopener\">cantadeira<\/a><a href=\"https:\/\/www.facebook.com\/cantodelu7\/\" target=\"_blank\" rel=\"noopener noreferrer\">,<\/a>\u00a0arteterapeuta, herbalista, jornalista e guardi\u00e3 do\u00a0<a href=\"http:\/\/portalfloresnoar.com\/\" target=\"_blank\" rel=\"noopener noreferrer\">Portal Flores no Ar<\/a>.\u00a0<\/em><\/p>\n","protected":false},"excerpt":{"rendered":"<p>| Por Lu Rabelo* | Neste ano em que completei 50 anos, me dei de presente a matr\u00edcula numa Forma\u00e7\u00e3o Pedag\u00f3gica em Letras-Portugu\u00eas. Dando uma resumida geral na minha biografia: aos 20 me formei em Jornalismo, aos 30 em Arteterapia, aos 40 me assumi como Artista, aos 50 t\u00f4 sentindo o chamado pra atuar mais [&hellip;]<\/p>\n","protected":false},"author":1,"featured_media":44296,"comment_status":"open","ping_status":"open","sticky":false,"template":"","format":"standard","meta":{"om_disable_all_campaigns":false,"_monsterinsights_skip_tracking":false,"_monsterinsights_sitenote_active":false,"_monsterinsights_sitenote_note":"","_monsterinsights_sitenote_category":0,"footnotes":""},"categories":[227,220],"tags":[1071,19,83,591],"acf":[],"publishpress_future_action":{"enabled":false,"date":"1969-12-31 21:00:00","action":"","terms":[],"taxonomy":"","browser_timezone_offset":0},"_links":{"self":[{"href":"https:\/\/portalfloresnoar.com\/floresnoar\/wp-json\/wp\/v2\/posts\/44293"}],"collection":[{"href":"https:\/\/portalfloresnoar.com\/floresnoar\/wp-json\/wp\/v2\/posts"}],"about":[{"href":"https:\/\/portalfloresnoar.com\/floresnoar\/wp-json\/wp\/v2\/types\/post"}],"author":[{"embeddable":true,"href":"https:\/\/portalfloresnoar.com\/floresnoar\/wp-json\/wp\/v2\/users\/1"}],"replies":[{"embeddable":true,"href":"https:\/\/portalfloresnoar.com\/floresnoar\/wp-json\/wp\/v2\/comments?post=44293"}],"version-history":[{"count":6,"href":"https:\/\/portalfloresnoar.com\/floresnoar\/wp-json\/wp\/v2\/posts\/44293\/revisions"}],"predecessor-version":[{"id":44302,"href":"https:\/\/portalfloresnoar.com\/floresnoar\/wp-json\/wp\/v2\/posts\/44293\/revisions\/44302"}],"wp:featuredmedia":[{"embeddable":true,"href":"https:\/\/portalfloresnoar.com\/floresnoar\/wp-json\/wp\/v2\/media\/44296"}],"wp:attachment":[{"href":"https:\/\/portalfloresnoar.com\/floresnoar\/wp-json\/wp\/v2\/media?parent=44293"}],"wp:term":[{"taxonomy":"category","embeddable":true,"href":"https:\/\/portalfloresnoar.com\/floresnoar\/wp-json\/wp\/v2\/categories?post=44293"},{"taxonomy":"post_tag","embeddable":true,"href":"https:\/\/portalfloresnoar.com\/floresnoar\/wp-json\/wp\/v2\/tags?post=44293"}],"curies":[{"name":"wp","href":"https:\/\/api.w.org\/{rel}","templated":true}]}}