

{"id":44242,"date":"2023-10-15T09:19:09","date_gmt":"2023-10-15T12:19:09","guid":{"rendered":"https:\/\/portalfloresnoar.com\/floresnoar\/?p=44242"},"modified":"2023-10-16T11:34:06","modified_gmt":"2023-10-16T14:34:06","slug":"agenda-pe-espaco-gerar-comemora-19-anos","status":"publish","type":"post","link":"https:\/\/portalfloresnoar.com\/floresnoar\/agenda-pe-espaco-gerar-comemora-19-anos\/","title":{"rendered":"[AGENDA PE] Espa\u00e7o Gerar comemora 19 anos!"},"content":{"rendered":"<figure id=\"attachment_44249\" aria-describedby=\"caption-attachment-44249\" style=\"width: 631px\" class=\"wp-caption aligncenter\"><img decoding=\"async\" loading=\"lazy\" class=\"wp-image-44249\" src=\"https:\/\/portalfloresnoar.com\/floresnoar\/wp-content\/uploads\/2023\/10\/atendimentos-terapeuticos-recife-700x466.jpeg\" alt=\"\" width=\"631\" height=\"420\" srcset=\"https:\/\/portalfloresnoar.com\/floresnoar\/wp-content\/uploads\/2023\/10\/atendimentos-terapeuticos-recife-700x466.jpeg 700w, https:\/\/portalfloresnoar.com\/floresnoar\/wp-content\/uploads\/2023\/10\/atendimentos-terapeuticos-recife-300x200.jpeg 300w, https:\/\/portalfloresnoar.com\/floresnoar\/wp-content\/uploads\/2023\/10\/atendimentos-terapeuticos-recife-768x512.jpeg 768w, https:\/\/portalfloresnoar.com\/floresnoar\/wp-content\/uploads\/2023\/10\/atendimentos-terapeuticos-recife.jpeg 1280w\" sizes=\"(max-width: 631px) 100vw, 631px\" \/><figcaption id=\"caption-attachment-44249\" class=\"wp-caption-text\">O Gerar foi fundado em 2004, no Recife, sendo, desde ent\u00e3o, refer\u00eancia em Sa\u00fade Mental na regi\u00e3o<\/figcaption><\/figure>\n<p>No dia 12 de outubro de 2023 o Espa\u00e7o Gerar &#8211; Psicologia, Arteterapia e Bem-Estar celebrou 19 anos de exist\u00eancia.<\/p>\n<p>Localizado na capital pernambucana, o Gerar \u00e9 refer\u00eancia regional em Sa\u00fade Mental, promovendo sa\u00fade e qualidade de vida, atrav\u00e9s do oferecimento de diversas abordagens terap\u00eauticas, como:<br \/>\n&gt;&gt;&gt; Psicologia (Psicologia Junguiana, Bioenerg\u00e9tica, Gestalt e TCC)<br \/>\n&gt;&gt;&gt; Arteterapia<br \/>\n&gt;&gt;&gt; Psiquiatria<br \/>\n&gt;&gt;&gt; Pr\u00e1ticas integrativas (Reiki, Hipnoterapia, Aromaterapia, Terapia Floral, Cristaloterapia, ThetaHealing, Barras de Access, Yogaterapia, Mindfulness, entre outras).<\/p>\n<p>Atualmente, 29 profissionais de sa\u00fade comp\u00f5em a equipe do Gerar. O espa\u00e7o oferece <a href=\"https:\/\/portalfloresnoar.com\/floresnoar\/noticias-espaco-gerar-oferece-salas-para-sublocacao-na-zona-norte-do-recife\/\" target=\"_blank\" rel=\"noopener\"><strong>salas para subloca\u00e7\u00e3o<\/strong><\/a>, al\u00e9m de contar com alguns projetos, como o \u2018Gerando Cuidado\u2019 e o \u2018Gerar nas Empresas\u2019.<\/p>\n<p>O \u2018Gerando Cuidado\u2019 oferece atendimentos terap\u00eauticos com valor social, visando beneficiar pessoas que n\u00e3o est\u00e3o em condi\u00e7\u00f5es financeiras de pagar o valor integral.<\/p>\n<p>J\u00e1 o \u2018Gerar nas Empresas\u2019, atrav\u00e9s de parcerias, oferta viv\u00eancias em grupo, consultoria em desenvolvimento humano, atendimentos terap\u00eauticos com valores diferenciados e sele\u00e7\u00e3o de pessoal, a partir de entrevistas e processos criativos. Mais informa\u00e7\u00f5es, <strong><a href=\"https:\/\/portalfloresnoar.com\/floresnoar\/espaco-gerar-lanca-o-projeto-gerar-nas-empresas\/\" target=\"_blank\" rel=\"noopener\">neste link<\/a><\/strong>!<\/p>\n<p>&#8220;Agradecemos por esse espa\u00e7o\/tempo que nos cabe e cont\u00e9m nossos prop\u00f3sitos de partilha, reflex\u00e3o e cuidado amoroso. Este ano, especialmente, celebramos tamb\u00e9m o nascimento do Gerar On-Line, que \u00e9 o Gerar chegando perto mesmo de quem est\u00e1 distante em geografia&#8221;, contam as gestoras do Gerar \u00a0Fabiana Guimar\u00e3es, Josefina Campos e Patr\u00edcia Mello. O <a href=\"https:\/\/www.gerarterapias.com.br\/\" target=\"_blank\" rel=\"noopener\">Gerar On-Line<\/a>, \u00e9 uma plataforma digital de atendimentos terap\u00eauticos, e ser\u00e1 lan\u00e7ado oficialmente no dia do anivers\u00e1rio (12\/10).<\/p>\n<p><strong>GERAR &#8211; PSICOLOGIA, ARTETERAPIA E BEM-ESTAR<\/strong><br \/>\n<strong>Fone\/WhatsApp:<\/strong> (81) 99760.6383<br \/>\n<strong>E-mail:<\/strong> gerararte@gmail.com<br \/>\n<strong>Instagram:<\/strong> \u00a0<a href=\"https:\/\/www.instagram.com\/gerararteterapia\/\" target=\"_blank\" rel=\"noopener\">@gerararteterapia<\/a><br \/>\n<strong>Endere\u00e7o:<\/strong> Rua Luiz Guimar\u00e3es, 253, Po\u00e7o da Panela, Recife\/PE<br \/>\n<em>(Mapa com a localiza\u00e7\u00e3o: <a href=\"https:\/\/maps.app.goo.gl\/kZCHrg1TKRm8Qhmv9\" target=\"_blank\" rel=\"noopener\">https:\/\/maps.app.goo.gl\/kZCHrg1TKRm8Qhmv9<\/a>)<\/em><br \/>\n<strong>Gerar On-line:<\/strong> <a href=\"https:\/\/www.gerarterapias.com.br\/\" target=\"_blank\" rel=\"noopener\">www.gerarterapias.com.br<\/a><\/p>\n","protected":false},"excerpt":{"rendered":"<p>No dia 12 de outubro de 2023 o Espa\u00e7o Gerar &#8211; Psicologia, Arteterapia e Bem-Estar celebrou 19 anos de exist\u00eancia. Localizado na capital pernambucana, o Gerar \u00e9 refer\u00eancia regional em Sa\u00fade Mental, promovendo sa\u00fade e qualidade de vida, atrav\u00e9s do oferecimento de diversas abordagens terap\u00eauticas, como: &gt;&gt;&gt; Psicologia (Psicologia Junguiana, Bioenerg\u00e9tica, Gestalt e TCC) &gt;&gt;&gt; [&hellip;]<\/p>\n","protected":false},"author":1,"featured_media":44249,"comment_status":"open","ping_status":"open","sticky":false,"template":"","format":"standard","meta":{"om_disable_all_campaigns":false,"_monsterinsights_skip_tracking":false,"_monsterinsights_sitenote_active":false,"_monsterinsights_sitenote_note":"","_monsterinsights_sitenote_category":0,"footnotes":""},"categories":[9],"tags":[34,136,243,1057,81,1020,1148,127],"acf":[],"publishpress_future_action":{"enabled":false,"date":"1969-12-31 21:00:00","action":"","terms":[],"taxonomy":"","browser_timezone_offset":0},"_links":{"self":[{"href":"https:\/\/portalfloresnoar.com\/floresnoar\/wp-json\/wp\/v2\/posts\/44242"}],"collection":[{"href":"https:\/\/portalfloresnoar.com\/floresnoar\/wp-json\/wp\/v2\/posts"}],"about":[{"href":"https:\/\/portalfloresnoar.com\/floresnoar\/wp-json\/wp\/v2\/types\/post"}],"author":[{"embeddable":true,"href":"https:\/\/portalfloresnoar.com\/floresnoar\/wp-json\/wp\/v2\/users\/1"}],"replies":[{"embeddable":true,"href":"https:\/\/portalfloresnoar.com\/floresnoar\/wp-json\/wp\/v2\/comments?post=44242"}],"version-history":[{"count":9,"href":"https:\/\/portalfloresnoar.com\/floresnoar\/wp-json\/wp\/v2\/posts\/44242\/revisions"}],"predecessor-version":[{"id":44304,"href":"https:\/\/portalfloresnoar.com\/floresnoar\/wp-json\/wp\/v2\/posts\/44242\/revisions\/44304"}],"wp:featuredmedia":[{"embeddable":true,"href":"https:\/\/portalfloresnoar.com\/floresnoar\/wp-json\/wp\/v2\/media\/44249"}],"wp:attachment":[{"href":"https:\/\/portalfloresnoar.com\/floresnoar\/wp-json\/wp\/v2\/media?parent=44242"}],"wp:term":[{"taxonomy":"category","embeddable":true,"href":"https:\/\/portalfloresnoar.com\/floresnoar\/wp-json\/wp\/v2\/categories?post=44242"},{"taxonomy":"post_tag","embeddable":true,"href":"https:\/\/portalfloresnoar.com\/floresnoar\/wp-json\/wp\/v2\/tags?post=44242"}],"curies":[{"name":"wp","href":"https:\/\/api.w.org\/{rel}","templated":true}]}}