

{"id":44200,"date":"2023-04-02T09:53:55","date_gmt":"2023-04-02T12:53:55","guid":{"rendered":"https:\/\/portalfloresnoar.com\/floresnoar\/?p=44200"},"modified":"2023-10-07T18:42:14","modified_gmt":"2023-10-07T21:42:14","slug":"agenda-pe-curso-recife-de-formacao-em-pedagogia-waldorf-realiza-encontro-nesta-sexta-feira","status":"publish","type":"post","link":"https:\/\/portalfloresnoar.com\/floresnoar\/agenda-pe-curso-recife-de-formacao-em-pedagogia-waldorf-realiza-encontro-nesta-sexta-feira\/","title":{"rendered":"[AGENDA PE] Curso Recife de Forma\u00e7\u00e3o em Pedagogia Waldorf realiza encontro nesta sexta-feira"},"content":{"rendered":"<p><img decoding=\"async\" loading=\"lazy\" class=\"aligncenter wp-image-44204\" src=\"https:\/\/portalfloresnoar.com\/floresnoar\/wp-content\/uploads\/2023\/10\/curso-de-pedagogia-waldorf-recife-698x700.jpeg\" alt=\"\" width=\"629\" height=\"631\" srcset=\"https:\/\/portalfloresnoar.com\/floresnoar\/wp-content\/uploads\/2023\/10\/curso-de-pedagogia-waldorf-recife-698x700.jpeg 698w, https:\/\/portalfloresnoar.com\/floresnoar\/wp-content\/uploads\/2023\/10\/curso-de-pedagogia-waldorf-recife-300x300.jpeg 300w, https:\/\/portalfloresnoar.com\/floresnoar\/wp-content\/uploads\/2023\/10\/curso-de-pedagogia-waldorf-recife-150x150.jpeg 150w, https:\/\/portalfloresnoar.com\/floresnoar\/wp-content\/uploads\/2023\/10\/curso-de-pedagogia-waldorf-recife-100x100.jpeg 100w, https:\/\/portalfloresnoar.com\/floresnoar\/wp-content\/uploads\/2023\/10\/curso-de-pedagogia-waldorf-recife.jpeg 718w\" sizes=\"(max-width: 629px) 100vw, 629px\" \/><\/p>\n<p>As pessoas interessadas na pr\u00f3xima turma da Forma\u00e7\u00e3o em Pedagogia Waldorf, que ser\u00e1 realizada em Pernambuco, est\u00e3o convidadas a participar de um encontro aberto na pr\u00f3xima sexta-feira (6), \u00e0s 19h, na Escola Waldorf Recife, no bairro do Po\u00e7o da Panela. Na ocasi\u00e3o, ser\u00e1 apresentado o Curso Recife de Forma\u00e7\u00e3o em Pedagogia Waldorf, que iniciar\u00e1 a 6\u00aa turma em 2024.<\/p>\n<p>No encontro, a professora e pedagoga Waldorf K\u00e1tia Galdi, coordenadora do curso, ministrar\u00e1 uma palestra sobre o tema: &#8220;A Pedagogia Waldorf como resposta para os desafios do nosso tempo.&#8221;<\/p>\n<p>As aulas da Forma\u00e7\u00e3o acontecem na sede do VilaVerde Turmalina e Escola Waldorf Rural Turmalina, em Paudalho\/PE, em formato de m\u00f3dulos trimestrais, cada um com dura\u00e7\u00e3o de uma semana. O curso todo tem dura\u00e7\u00e3o de quatro anos e meio.<\/p>\n<p><strong>Lan\u00e7amento<\/strong> &#8211; A professora e pedagoga Waldorf K\u00e1tia Galdi lan\u00e7a nesta quinta-feira (05\/10), no Recife, o livro \u2018Educa\u00e7\u00e3o e sa\u00fade, um di\u00e1logo poss\u00edvel\u2019. O evento, que acontece na livraria Jaqueira do Pa\u00e7o Alf\u00e2ndega, tem in\u00edcio \u00e0s 18h, e conta com a participa\u00e7\u00e3o do m\u00fasico e ator Carlos Filho. A entrada \u00e9 gratuita!<br \/>\n<em>Mais informa\u00e7\u00f5es, neste link: <a href=\"https:\/\/portalfloresnoar.com\/floresnoar\/agenda-pe-livro-educacao-e-saude-um-dialogo-possivel-de-katia-galdi-sera-lancado-nesta-quinta-no-recife\/\" target=\"_blank\" rel=\"noopener\">https:\/\/portalfloresnoar.com\/floresnoar\/agenda-pe-livro-educacao-e-saude-um-dialogo-possivel-de-katia-galdi-sera-lancado-nesta-quinta-no-recife\/<\/a><\/em><\/p>\n<p><strong>Sobre a Pedagogia Waldorf e os desafios do nosso tempo<\/strong><\/p>\n<p>Idealizada pelo fil\u00f3sofo austr\u00edaco Rudolf Steiner, em 1919, ap\u00f3s a segunda grande guerra, a Pedagogia Waldorf surge como resposta ao cen\u00e1rio de viol\u00eancia, cat\u00e1strofe e destrui\u00e7\u00e3o em que o mundo se encontrava.<\/p>\n<p>De acordo com K\u00e1tia Galdi, os desafios atuais permanecem graves e demasiados. &#8220;Como emitir sinais de confian\u00e7a, quando a imagem nos mostra um mundo de ponta cabe\u00e7a? As crian\u00e7as nascem e chegam a n\u00f3s desejosas pela nossa capacidade de inverter situa\u00e7\u00f5es dif\u00edceis, de gerar confian\u00e7a atrav\u00e9s de bonitas imagens, de encontros oportunos em que a diferen\u00e7a social seja um meio e n\u00e3o um ponto extremo, perif\u00e9rico&#8221;, explica.<\/p>\n<p>A pedagoga afirma que a escola deve ser um lugar acolhedor, intencionalmente desenhado para apoiar jovens e crian\u00e7as, que muitas vezes, carregam feridas, traumas e buscam por uma dire\u00e7\u00e3o.<\/p>\n<p>&#8220;O ambiente f\u00edsico \u00e9 permeado por imagens de uma verdade que desejamos encontrar no mundo, aquela em que nosso cora\u00e7\u00e3o anseia certificar-se de sua identidade enquanto pessoa que vive na Terra&#8221;, pontua.<\/p>\n<p>No aspecto pedag\u00f3gico, ressalta o papel do professor que, por meio de hist\u00f3rias, atividades art\u00edsticas e muito movimento, proporciona um ritmo a fim de restaurar, diariamente, a confian\u00e7a no ser humano e na vida, em sentir que vale a pena viver.<\/p>\n<p>&#8220;As dificuldades existentes tornam-se conscientes mediante a oportunidade em lidar com elas atrav\u00e9s da necessidade, da capacidade individual da crian\u00e7a e do jovem, considerando acima de tudo sua idade, sua constitui\u00e7\u00e3o, sua individualidade, o tempo que necessita para desenvolver as habilidades humanas, para conquistar seguramente a confian\u00e7a que o mundo \u00e9 pleno em beleza, o cora\u00e7\u00e3o pulsa bondade e o homem deve proferir ideias, palavras verdadeiras acalentadas pelo cora\u00e7\u00e3o&#8221;, afirma.<\/p>\n<p>Para K\u00e1tia, que coordena o Curso Recife de Forma\u00e7\u00e3o em Pedagogia Waldorf, \u00e9 meta do professor ter uma presen\u00e7a aut\u00eantica no cuidado com o ser humano: considerar a hist\u00f3ria, a singularidade no universo plural e a observa\u00e7\u00e3o cont\u00ednua, apurada e confiante na capacidade humana de transforma\u00e7\u00e3o.<\/p>\n<p>K\u00e1tia defende que a pedagogia Waldorf se mostra como um caminho para enfrentar os desafios do nosso tempo, n\u00e3o ocultando os fatos, mas criando espa\u00e7o de resili\u00eancia para a manifesta\u00e7\u00e3o do prop\u00f3sito humano.<\/p>\n<p>Ela ressalta ainda, a necessidade de restaurar a confian\u00e7a entre os seres humanos e cita o poeta Thiago de Melo no 4\u00ba artigo do Estatuto do Homem:<br \/>\n<em>\u201cFica decretado que o homem n\u00e3o precisar\u00e1 nunca mais duvidar do homem. Que o homem confiar\u00e1 no homem como a palmeira confia no vento, como o vento confia no\u00a0ar, como o ar confia no campo azul do c\u00e9u.<br \/>\nPar\u00e1grafo \u00fanico:<br \/>\nO homem confiar\u00e1 no homem como o menino confia em outro menino.\u201d<\/em><\/p>\n<p>SERVI\u00c7O<br \/>\n<strong>Encontro de apresenta\u00e7\u00e3o do Curso Recife de Forma\u00e7\u00e3o em Pedagogia Waldorf &#8211; Turma 6<\/strong><br \/>\n<strong>Data:<\/strong> 06\/10\/2023 (sexta-feira)<br \/>\n<strong>Hora:<\/strong> 19h<br \/>\n<strong>Local:<\/strong> Escola Waldorf Recife &#8211; Estrada Real do Po\u00e7o, 191, Po\u00e7o da Panela, Recife\/PE<br \/>\n<strong>Investimento:<\/strong> R$ 70<\/p>\n<p><strong>INSCRI\u00c7\u00d5ES E MAIS INFORMA\u00c7\u00d5ES<\/strong><br \/>\ncurso@escolawaldorfrecife.org \/ (81) 99994 3214<\/p>\n","protected":false},"excerpt":{"rendered":"<p>As pessoas interessadas na pr\u00f3xima turma da Forma\u00e7\u00e3o em Pedagogia Waldorf, que ser\u00e1 realizada em Pernambuco, est\u00e3o convidadas a participar de um encontro aberto na pr\u00f3xima sexta-feira (6), \u00e0s 19h, na Escola Waldorf Recife, no bairro do Po\u00e7o da Panela. Na ocasi\u00e3o, ser\u00e1 apresentado o Curso Recife de Forma\u00e7\u00e3o em Pedagogia Waldorf, que iniciar\u00e1 a [&hellip;]<\/p>\n","protected":false},"author":1,"featured_media":44205,"comment_status":"open","ping_status":"open","sticky":false,"template":"","format":"standard","meta":{"om_disable_all_campaigns":false,"_monsterinsights_skip_tracking":false,"_monsterinsights_sitenote_active":false,"_monsterinsights_sitenote_note":"","_monsterinsights_sitenote_category":0,"footnotes":""},"categories":[8,214],"tags":[23,167,461,115],"acf":[],"publishpress_future_action":{"enabled":false,"date":"1969-12-31 21:00:00","action":"","terms":[],"taxonomy":"","browser_timezone_offset":0},"_links":{"self":[{"href":"https:\/\/portalfloresnoar.com\/floresnoar\/wp-json\/wp\/v2\/posts\/44200"}],"collection":[{"href":"https:\/\/portalfloresnoar.com\/floresnoar\/wp-json\/wp\/v2\/posts"}],"about":[{"href":"https:\/\/portalfloresnoar.com\/floresnoar\/wp-json\/wp\/v2\/types\/post"}],"author":[{"embeddable":true,"href":"https:\/\/portalfloresnoar.com\/floresnoar\/wp-json\/wp\/v2\/users\/1"}],"replies":[{"embeddable":true,"href":"https:\/\/portalfloresnoar.com\/floresnoar\/wp-json\/wp\/v2\/comments?post=44200"}],"version-history":[{"count":3,"href":"https:\/\/portalfloresnoar.com\/floresnoar\/wp-json\/wp\/v2\/posts\/44200\/revisions"}],"predecessor-version":[{"id":44210,"href":"https:\/\/portalfloresnoar.com\/floresnoar\/wp-json\/wp\/v2\/posts\/44200\/revisions\/44210"}],"wp:featuredmedia":[{"embeddable":true,"href":"https:\/\/portalfloresnoar.com\/floresnoar\/wp-json\/wp\/v2\/media\/44205"}],"wp:attachment":[{"href":"https:\/\/portalfloresnoar.com\/floresnoar\/wp-json\/wp\/v2\/media?parent=44200"}],"wp:term":[{"taxonomy":"category","embeddable":true,"href":"https:\/\/portalfloresnoar.com\/floresnoar\/wp-json\/wp\/v2\/categories?post=44200"},{"taxonomy":"post_tag","embeddable":true,"href":"https:\/\/portalfloresnoar.com\/floresnoar\/wp-json\/wp\/v2\/tags?post=44200"}],"curies":[{"name":"wp","href":"https:\/\/api.w.org\/{rel}","templated":true}]}}