

{"id":44199,"date":"2023-03-01T09:08:30","date_gmt":"2023-03-01T12:08:30","guid":{"rendered":"https:\/\/portalfloresnoar.com\/floresnoar\/?p=44199"},"modified":"2023-10-07T18:43:44","modified_gmt":"2023-10-07T21:43:44","slug":"agenda-pe-livro-educacao-e-saude-um-dialogo-possivel-de-katia-galdi-sera-lancado-nesta-quinta-no-recife","status":"publish","type":"post","link":"https:\/\/portalfloresnoar.com\/floresnoar\/agenda-pe-livro-educacao-e-saude-um-dialogo-possivel-de-katia-galdi-sera-lancado-nesta-quinta-no-recife\/","title":{"rendered":"[AGENDA PE] Livro &#8216;Educa\u00e7\u00e3o e sa\u00fade, um di\u00e1logo poss\u00edvel&#8217;, de K\u00e1tia Galdi, ser\u00e1 lan\u00e7ado nesta quinta no Recife"},"content":{"rendered":"<p><img decoding=\"async\" loading=\"lazy\" class=\"aligncenter wp-image-44201\" src=\"https:\/\/portalfloresnoar.com\/floresnoar\/wp-content\/uploads\/2023\/10\/livro-katia-galdi-pedagogia-waldorf-700x700.jpeg\" alt=\"\" width=\"601\" height=\"601\" srcset=\"https:\/\/portalfloresnoar.com\/floresnoar\/wp-content\/uploads\/2023\/10\/livro-katia-galdi-pedagogia-waldorf-700x700.jpeg 700w, https:\/\/portalfloresnoar.com\/floresnoar\/wp-content\/uploads\/2023\/10\/livro-katia-galdi-pedagogia-waldorf-300x300.jpeg 300w, https:\/\/portalfloresnoar.com\/floresnoar\/wp-content\/uploads\/2023\/10\/livro-katia-galdi-pedagogia-waldorf-150x150.jpeg 150w, https:\/\/portalfloresnoar.com\/floresnoar\/wp-content\/uploads\/2023\/10\/livro-katia-galdi-pedagogia-waldorf-768x768.jpeg 768w, https:\/\/portalfloresnoar.com\/floresnoar\/wp-content\/uploads\/2023\/10\/livro-katia-galdi-pedagogia-waldorf-100x100.jpeg 100w, https:\/\/portalfloresnoar.com\/floresnoar\/wp-content\/uploads\/2023\/10\/livro-katia-galdi-pedagogia-waldorf.jpeg 1080w\" sizes=\"(max-width: 601px) 100vw, 601px\" \/><\/p>\n<p>A professora e pedagoga Waldorf K\u00e1tia Galdi lan\u00e7a nesta quinta-feira (05\/10), no Recife, o livro &#8216;Educa\u00e7\u00e3o e sa\u00fade, um di\u00e1logo poss\u00edvel&#8217;. O evento, que acontece na livraria Jaqueira do Pa\u00e7o Alf\u00e2ndega, tem in\u00edcio \u00e0s 18h, e conta com a participa\u00e7\u00e3o do m\u00fasico e ator Carlos Filho. A entrada \u00e9 gratuita!<\/p>\n<p>Fruto de uma investiga\u00e7\u00e3o acad\u00eamica da autora, o livro aborda o trabalho com o tra\u00e7ado de retas e curvas, e suas combina\u00e7\u00f5es, realizado por crian\u00e7as, de forma planejada e consequente. A autora constatou o impacto na postura, no equil\u00edbrio, na concentra\u00e7\u00e3o e frequ\u00eancia respirat\u00f3ria das crian\u00e7as envolvidas na investiga\u00e7\u00e3o.<\/p>\n<p>Presente no curr\u00edculo da Pedagogia Waldorf, o desenho de formas foi levado para al\u00e9m dos muros destas escolas e a pesquisa aconteceu, tamb\u00e9m, com crian\u00e7as de uma escola p\u00fablica, com outra abordagem pedag\u00f3gica.<\/p>\n<p>Segundo K\u00e1tia Galdi, as formas tra\u00e7adas s\u00e3o uma express\u00e3o do movimento em repouso. A autora convida a uma reflex\u00e3o sobre a import\u00e2ncia do movimento no processo de educa\u00e7\u00e3o e aprendizagem das crian\u00e7as, uma vez que o tema assume import\u00e2ncia nova na p\u00f3s pandemia Covid em 2020.<\/p>\n<p><strong>Palestra<\/strong> &#8211; Na sexta-feira, dia 06\/10, \u00e0s 19h, na <a href=\"https:\/\/www.escolawaldorfrecife.org\/\" target=\"_blank\" rel=\"noopener\">Escola Waldorf Recife<\/a>, K\u00e1tia Galdi far\u00e1 uma palestra sobre o tema &#8216;A Pedagogia Waldorf como resposta para os desafios do nosso tempo.&#8217; O encontro faz parte da programa\u00e7\u00e3o de de divulga\u00e7\u00e3o do Curso Recife de Forma\u00e7\u00e3o em Pedagogia Waldorf, que iniciar\u00e1 uma nova turma em 2024.\u00a0Para participar da palestra \u00e9 necess\u00e1rio realizar a inscri\u00e7\u00e3o no e-mail: curso@escolawaldorfrecife.org<br \/>\n<em><strong>Mais informa\u00e7\u00f5es neste link:<\/strong> <a href=\"https:\/\/portalfloresnoar.com\/floresnoar\/agenda-pe-curso-recife-de-formacao-em-pedagogia-waldorf-realiza-encontro-nesta-sexta-feira\/\" target=\"_blank\" rel=\"noopener\">https:\/\/portalfloresnoar.com\/floresnoar\/agenda-pe-curso-recife-de-formacao-em-pedagogia-waldorf-realiza-encontro-nesta-sexta-feira\/<\/a><\/em><\/p>\n<p>SERVI\u00c7O<br \/>\n<strong>Lan\u00e7amento do livro &#8216;Educa\u00e7\u00e3o e sa\u00fade, um di\u00e1logo poss\u00edvel&#8217;, de K\u00e1tia Galdi<\/strong><br \/>\n<strong>Data:<\/strong> 05\/10\/2023 (quinta-feira)<br \/>\n<strong>Hora:<\/strong> 18h<br \/>\n<strong>Local:<\/strong> Livraria Jaqueira do Pa\u00e7o Alf\u00e2ndega &#8211; Rua Madre de Deus, 110, Recife Antigo<br \/>\n<strong>Entrada:<\/strong> Gratuita<br \/>\n<em>Obs.: O valor do livro no dia do lan\u00e7amento ser\u00e1 R$ 100,00<\/em><\/p>\n","protected":false},"excerpt":{"rendered":"<p>A professora e pedagoga Waldorf K\u00e1tia Galdi lan\u00e7a nesta quinta-feira (05\/10), no Recife, o livro &#8216;Educa\u00e7\u00e3o e sa\u00fade, um di\u00e1logo poss\u00edvel&#8217;. O evento, que acontece na livraria Jaqueira do Pa\u00e7o Alf\u00e2ndega, tem in\u00edcio \u00e0s 18h, e conta com a participa\u00e7\u00e3o do m\u00fasico e ator Carlos Filho. A entrada \u00e9 gratuita! Fruto de uma investiga\u00e7\u00e3o acad\u00eamica [&hellip;]<\/p>\n","protected":false},"author":1,"featured_media":44202,"comment_status":"open","ping_status":"open","sticky":false,"template":"","format":"standard","meta":{"om_disable_all_campaigns":false,"_monsterinsights_skip_tracking":false,"_monsterinsights_sitenote_active":false,"_monsterinsights_sitenote_note":"","_monsterinsights_sitenote_category":0,"footnotes":""},"categories":[8,214],"tags":[83,62,461,115,801,27],"acf":[],"publishpress_future_action":{"enabled":false,"date":"1969-12-31 21:00:00","action":"","terms":[],"taxonomy":"","browser_timezone_offset":0},"_links":{"self":[{"href":"https:\/\/portalfloresnoar.com\/floresnoar\/wp-json\/wp\/v2\/posts\/44199"}],"collection":[{"href":"https:\/\/portalfloresnoar.com\/floresnoar\/wp-json\/wp\/v2\/posts"}],"about":[{"href":"https:\/\/portalfloresnoar.com\/floresnoar\/wp-json\/wp\/v2\/types\/post"}],"author":[{"embeddable":true,"href":"https:\/\/portalfloresnoar.com\/floresnoar\/wp-json\/wp\/v2\/users\/1"}],"replies":[{"embeddable":true,"href":"https:\/\/portalfloresnoar.com\/floresnoar\/wp-json\/wp\/v2\/comments?post=44199"}],"version-history":[{"count":2,"href":"https:\/\/portalfloresnoar.com\/floresnoar\/wp-json\/wp\/v2\/posts\/44199\/revisions"}],"predecessor-version":[{"id":44207,"href":"https:\/\/portalfloresnoar.com\/floresnoar\/wp-json\/wp\/v2\/posts\/44199\/revisions\/44207"}],"wp:featuredmedia":[{"embeddable":true,"href":"https:\/\/portalfloresnoar.com\/floresnoar\/wp-json\/wp\/v2\/media\/44202"}],"wp:attachment":[{"href":"https:\/\/portalfloresnoar.com\/floresnoar\/wp-json\/wp\/v2\/media?parent=44199"}],"wp:term":[{"taxonomy":"category","embeddable":true,"href":"https:\/\/portalfloresnoar.com\/floresnoar\/wp-json\/wp\/v2\/categories?post=44199"},{"taxonomy":"post_tag","embeddable":true,"href":"https:\/\/portalfloresnoar.com\/floresnoar\/wp-json\/wp\/v2\/tags?post=44199"}],"curies":[{"name":"wp","href":"https:\/\/api.w.org\/{rel}","templated":true}]}}