

{"id":44174,"date":"2023-04-28T18:42:10","date_gmt":"2023-04-28T21:42:10","guid":{"rendered":"https:\/\/portalfloresnoar.com\/floresnoar\/?p=44174"},"modified":"2023-10-23T17:58:29","modified_gmt":"2023-10-23T20:58:29","slug":"agenda-pe-o-poder-pessoal-e-tema-da-vivencia-feminina-sob-o-veu-de-isis-dia-21-10-no-recife","status":"publish","type":"post","link":"https:\/\/portalfloresnoar.com\/floresnoar\/agenda-pe-o-poder-pessoal-e-tema-da-vivencia-feminina-sob-o-veu-de-isis-dia-21-10-no-recife\/","title":{"rendered":"[AGENDA PE] Poder Pessoal \u00e9 tema da viv\u00eancia feminina &#8216;Sob o v\u00e9u de \u00cdsis&#8217; dia 21\/10 no Recife"},"content":{"rendered":"<figure id=\"attachment_44178\" aria-describedby=\"caption-attachment-44178\" style=\"width: 381px\" class=\"wp-caption alignleft\"><img decoding=\"async\" loading=\"lazy\" class=\"wp-image-44178\" src=\"https:\/\/portalfloresnoar.com\/floresnoar\/wp-content\/uploads\/2023\/09\/eloina-santos-terapeuta-1-468x700.jpeg\" alt=\"\" width=\"381\" height=\"570\" srcset=\"https:\/\/portalfloresnoar.com\/floresnoar\/wp-content\/uploads\/2023\/09\/eloina-santos-terapeuta-1-468x700.jpeg 468w, https:\/\/portalfloresnoar.com\/floresnoar\/wp-content\/uploads\/2023\/09\/eloina-santos-terapeuta-1-200x300.jpeg 200w, https:\/\/portalfloresnoar.com\/floresnoar\/wp-content\/uploads\/2023\/09\/eloina-santos-terapeuta-1-768x1150.jpeg 768w, https:\/\/portalfloresnoar.com\/floresnoar\/wp-content\/uploads\/2023\/09\/eloina-santos-terapeuta-1-1026x1536.jpeg 1026w, https:\/\/portalfloresnoar.com\/floresnoar\/wp-content\/uploads\/2023\/09\/eloina-santos-terapeuta-1.jpeg 1068w\" sizes=\"(max-width: 381px) 100vw, 381px\" \/><figcaption id=\"caption-attachment-44178\" class=\"wp-caption-text\">Foto: Mari Souto\/ Divulga\u00e7\u00e3o<\/figcaption><\/figure>\n<p>O despertar do poder pessoal \u00e9 o objetivo da viv\u00eancia &#8216;Sob o v\u00e9u de \u00cdsis&#8217;, que acontece no dia 21 de outubro, voltada para mulheres em busca de autoconhecimento, empoderamento e prosperidade. O encontro ser\u00e1 facilitado pela terapeuta Elo\u00edna Santos, das 8h45 \u00e0s 13h, no Espa\u00e7o Gerar, no Recife.<\/p>\n<p>&#8220;Durante a viv\u00eancia vamos olhar para o nosso terceiro chakra, localizado logo abaixo do umbigo, e resgatar o nosso poder pessoal, removendo os entraves que moram nesse lugar e que atrapalham a conex\u00e3o consigo mesma e com os outros, atrav\u00e9s de ferramentas sist\u00eamicas e leituras de campo. O intuito \u00e9 desvendar o potencial interior que reside em cada mulher, removendo os obst\u00e1culos que muitas vezes a impedem de se manifestar plenamente&#8221;, explica a terapeuta.<\/p>\n<p>SOBRE A TERAPEUTA<br \/>\n<strong>Elo\u00edna Santos<\/strong> \u00e9 terapeuta, psicanalista, consteladora Familiar, mestre em Reiki, leitora de Registros Ak\u00e1shicos, PhD em Ci\u00eancias da Sa\u00fade e facilitadora de C\u00edrculos de Mulheres. &#8220;Sou buscadora, mulher, m\u00e3e, terapeuta, pesquisadora e gosto de encontrar maneiras pr\u00e1ticas e criativas para sairmos do v\u00e9u das incertezas e encararmos a nossa verdade, sempre mantendo uma egr\u00e9gora de um feminino vivo, plural e amoroso.&#8221;<\/p>\n<p>PROGRAMA\u00c7\u00c3O DA VIV\u00caNCIA<br \/>\n&#8211; Medita\u00e7\u00e3o para a crian\u00e7a interior<br \/>\n&#8211; Viv\u00eancia dos arqu\u00e9tipos da Donzela, M\u00e3e, Feiticeira e Anci\u00e3<br \/>\n&#8211; Exerc\u00edcios sist\u00eamicos sobre os entrave que impedem o desenvolvimento do poder pessoal<\/p>\n<p>SERVI\u00c7O<br \/>\n<strong>Viv\u00eancia Sob o v\u00e9u de Isis<\/strong><br \/>\n<strong>Tema :<\/strong> Poder Pessoal<br \/>\n<strong>Data:<\/strong> 21\/10\/2023<br \/>\n<strong>Hor\u00e1rio:<\/strong> 08h45 \u00e0s 13h<br \/>\n<strong>Local:<\/strong> Espa\u00e7o Gerar &#8211; Rua Luiz Guimar\u00e3es, 253, Po\u00e7o da Panela, Recife\/PE<br \/>\n<em>(Mapa com a localiza\u00e7\u00e3o:\u00a0<a href=\"https:\/\/maps.app.goo.gl\/kZCHrg1TKRm8Qhmv9\" target=\"_blank\" rel=\"noopener\">https:\/\/maps.app.goo.gl\/kZCHrg1TKRm8Qhmv9<\/a>)<\/em><\/p>\n<p><strong>Investimento:<\/strong> R$ 160,00 (atrav\u00e9s de PIX ou Cart\u00e3o de Cr\u00e9dito)<\/p>\n<p>INSCRI\u00c7\u00d5ES E MAIS INFORMA\u00c7\u00d5ES<br \/>\n<strong>Fone\/WhatsApp:<\/strong> <a href=\"https:\/\/api.whatsapp.com\/send\/?phone=5581998771793&amp;text&amp;type=phone_number&amp;app_absent=0\" target=\"_blank\" rel=\"noopener\">81 998771793<\/a><br \/>\n<strong>E-mail:<\/strong> eloina.santos@gmail.com<br \/>\n<strong>Instagram:<\/strong> <a href=\"https:\/\/www.instagram.com\/eloina_santos\/\" target=\"_blank\" rel=\"noopener\">@eloina_santos<\/a><\/p>\n","protected":false},"excerpt":{"rendered":"<p>O despertar do poder pessoal \u00e9 o objetivo da viv\u00eancia &#8216;Sob o v\u00e9u de \u00cdsis&#8217;, que acontece no dia 21 de outubro, voltada para mulheres em busca de autoconhecimento, empoderamento e prosperidade. O encontro ser\u00e1 facilitado pela terapeuta Elo\u00edna Santos, das 8h45 \u00e0s 13h, no Espa\u00e7o Gerar, no Recife. &#8220;Durante a viv\u00eancia vamos olhar para [&hellip;]<\/p>\n","protected":false},"author":1,"featured_media":44182,"comment_status":"open","ping_status":"open","sticky":false,"template":"","format":"standard","meta":{"om_disable_all_campaigns":false,"_monsterinsights_skip_tracking":false,"_monsterinsights_sitenote_active":false,"_monsterinsights_sitenote_note":"","_monsterinsights_sitenote_category":0,"footnotes":""},"categories":[8,214],"tags":[1440,1441,358,22,1264,238,304],"acf":[],"publishpress_future_action":{"enabled":false,"date":"1969-12-31 21:00:00","action":"","terms":[],"taxonomy":"","browser_timezone_offset":0},"_links":{"self":[{"href":"https:\/\/portalfloresnoar.com\/floresnoar\/wp-json\/wp\/v2\/posts\/44174"}],"collection":[{"href":"https:\/\/portalfloresnoar.com\/floresnoar\/wp-json\/wp\/v2\/posts"}],"about":[{"href":"https:\/\/portalfloresnoar.com\/floresnoar\/wp-json\/wp\/v2\/types\/post"}],"author":[{"embeddable":true,"href":"https:\/\/portalfloresnoar.com\/floresnoar\/wp-json\/wp\/v2\/users\/1"}],"replies":[{"embeddable":true,"href":"https:\/\/portalfloresnoar.com\/floresnoar\/wp-json\/wp\/v2\/comments?post=44174"}],"version-history":[{"count":4,"href":"https:\/\/portalfloresnoar.com\/floresnoar\/wp-json\/wp\/v2\/posts\/44174\/revisions"}],"predecessor-version":[{"id":44184,"href":"https:\/\/portalfloresnoar.com\/floresnoar\/wp-json\/wp\/v2\/posts\/44174\/revisions\/44184"}],"wp:featuredmedia":[{"embeddable":true,"href":"https:\/\/portalfloresnoar.com\/floresnoar\/wp-json\/wp\/v2\/media\/44182"}],"wp:attachment":[{"href":"https:\/\/portalfloresnoar.com\/floresnoar\/wp-json\/wp\/v2\/media?parent=44174"}],"wp:term":[{"taxonomy":"category","embeddable":true,"href":"https:\/\/portalfloresnoar.com\/floresnoar\/wp-json\/wp\/v2\/categories?post=44174"},{"taxonomy":"post_tag","embeddable":true,"href":"https:\/\/portalfloresnoar.com\/floresnoar\/wp-json\/wp\/v2\/tags?post=44174"}],"curies":[{"name":"wp","href":"https:\/\/api.w.org\/{rel}","templated":true}]}}