

{"id":44169,"date":"2023-04-02T09:47:11","date_gmt":"2023-04-02T12:47:11","guid":{"rendered":"https:\/\/portalfloresnoar.com\/floresnoar\/?p=44169"},"modified":"2023-10-16T11:37:56","modified_gmt":"2023-10-16T14:37:56","slug":"agenda-pe-oficina-de-dancas-e-brincadeiras-brasileiras-com-a-mestra-ana-maria-carvalho-dia-14-10-no-recife","status":"publish","type":"post","link":"https:\/\/portalfloresnoar.com\/floresnoar\/agenda-pe-oficina-de-dancas-e-brincadeiras-brasileiras-com-a-mestra-ana-maria-carvalho-dia-14-10-no-recife\/","title":{"rendered":"[AGENDA PE] &#8216;Oficina de Dan\u00e7as e Brincadeiras Brasileiras&#8217; com a mestra maranhense Ana Maria Carvalho dia 14\/10 no Recife"},"content":{"rendered":"<figure id=\"attachment_44186\" aria-describedby=\"caption-attachment-44186\" style=\"width: 601px\" class=\"wp-caption aligncenter\"><img decoding=\"async\" loading=\"lazy\" class=\"wp-image-44186 \" src=\"https:\/\/portalfloresnoar.com\/floresnoar\/wp-content\/uploads\/2023\/09\/mestra-ana-maria-carvalho-1-700x467.jpeg\" alt=\"\" width=\"601\" height=\"401\" srcset=\"https:\/\/portalfloresnoar.com\/floresnoar\/wp-content\/uploads\/2023\/09\/mestra-ana-maria-carvalho-1-700x467.jpeg 700w, https:\/\/portalfloresnoar.com\/floresnoar\/wp-content\/uploads\/2023\/09\/mestra-ana-maria-carvalho-1-300x200.jpeg 300w, https:\/\/portalfloresnoar.com\/floresnoar\/wp-content\/uploads\/2023\/09\/mestra-ana-maria-carvalho-1-768x512.jpeg 768w, https:\/\/portalfloresnoar.com\/floresnoar\/wp-content\/uploads\/2023\/09\/mestra-ana-maria-carvalho-1.jpeg 1000w\" sizes=\"(max-width: 601px) 100vw, 601px\" \/><figcaption id=\"caption-attachment-44186\" class=\"wp-caption-text\">Foto: <a href=\"https:\/\/www.instagram.com\/marcoskinao\/\" target=\"_blank\" rel=\"noopener\">@marcoskinao<\/a>\/ Divulga\u00e7\u00e3o<\/figcaption><\/figure>\n<p>A mestra e griot maranhense Ana Maria Carvalho estar\u00e1 no Recife, no dia 14 de outubro, onde oferecer\u00e1 a &#8216;Oficina de Dan\u00e7as e Brincadeiras Brasileiras&#8217;. No encontro, a mestra compartilhar\u00e1 sua trajet\u00f3ria como brincante, artista e educadora, permeando a viv\u00eancia com brincadeiras dan\u00e7adas e cantadas. A oficina ser\u00e1 das 10h \u00e0s 12h30, na Casa Astral, localizada no bairro do Po\u00e7o da Panela. O convite \u00e9 para pessoas de todas as idades!<\/p>\n<p>A experi\u00eancia da mestra com as tradi\u00e7\u00f5es populares vivenciadas na inf\u00e2ncia, no Maranh\u00e3o, e sua chegada no<br \/>\nSudeste, ser\u00e3o o mote do encontro, que enfatizar\u00e1 a import\u00e2ncia do brincar na vida de todos, trazendo algumas brincadeiras pra roda, como o Cacuri\u00e1, o Bumba Meu Boi e a Dan\u00e7a do Caro\u00e7o. A oficina \u00e9 voltada para jovens, adultos, idosos, professores, pesquisadores e interessados em geral. Crian\u00e7as dever\u00e3o estar acompanhadas dos respons\u00e1veis.<\/p>\n<p>A mestra, compositora, cantora, atriz e figurinista Ana Maria Carvalho \u00e9 natural de Cururupu (MA). \u00c9 herdeira direta das tradi\u00e7\u00f5es populares maranhenses, como o Bumba Boi, Tambor de Crioula, Cacuri\u00e1, Ciranda, Ladainhas do Esp\u00edrito Santo e Cantigas Tradicionais. Foi contemplada com o Pr\u00eamio de Culturas Populares (MINC) em 2017, e com o Pr\u00eamio de mestres e mestras de S\u00e3o Jos\u00e9 dos Campos (2022), cidade que reside h\u00e1 20 anos. \u00c9 integrante do Teatro do Vento Forte e fundadora do Grupo Cupua\u00e7u. Lan\u00e7ou seu primeiro \u00e1lbum &#8216;Por mim e Pelo Meu Povo&#8217;, em 2012, pelo Selo Por Do Som, com apoio do ProAC. Em 2021 representou o Brasil no Festival Internacional de Teatro de Set\u00fabal (PT). Atualmente trabalha na produ\u00e7\u00e3o de um \u00e1lbum de brincadeiras e cantigas de roda, com apoio do Fomento \u00e0s Culturas Negras da cidade de S\u00e3o Paulo.<\/p>\n<p>SERVI\u00c7O<br \/>\n<strong>&#8216;Oficina de Dan\u00e7as e Brincadeiras Brasileiras&#8217;, com a mestra e griot Ana Maria Carvalho<\/strong><br \/>\n<strong>Data:<\/strong> 14\/10\/2023 (S\u00e1bado)<br \/>\n<strong>Hora:<\/strong> Das 10h\u00a0 \u00e0s 12h30<br \/>\n<strong>Local:<\/strong> Casa Astral &#8211; Rua Joaquim Xavier de Andrade, 104, Po\u00e7o da Panela, Recife\/PE &#8211; <a href=\"https:\/\/www.instagram.com\/casa.astral\/\" target=\"_blank\" rel=\"noopener\">@casa.astral<\/a><br \/>\n<strong>Investimento:<\/strong> Social: R$ 70,00 \/ Ideal: R$ 80,00 \/ Abundante: R$ 100,00<\/p>\n<p><em><strong>Obs.:<\/strong> \u00c9 sugerido ir com roupas confort\u00e1veis e saias rodadas. Pede-se tamb\u00e9m que os participantes levem um peda\u00e7o de retalho para utiliza\u00e7\u00e3o em uma das brincadeiras.<\/em><\/p>\n<p>INSCRI\u00c7\u00d5ES E MAIS INFORMA\u00c7\u00d5ES<br \/>\n<strong>E-mail:<\/strong> ebanocarvalho13@gmail.com<br \/>\n<strong>Fone\/WhatsApp:<\/strong> (81) 30190724<\/p>\n","protected":false},"excerpt":{"rendered":"<p>A mestra e griot maranhense Ana Maria Carvalho estar\u00e1 no Recife, no dia 14 de outubro, onde oferecer\u00e1 a &#8216;Oficina de Dan\u00e7as e Brincadeiras Brasileiras&#8217;. No encontro, a mestra compartilhar\u00e1 sua trajet\u00f3ria como brincante, artista e educadora, permeando a viv\u00eancia com brincadeiras dan\u00e7adas e cantadas. A oficina ser\u00e1 das 10h \u00e0s 12h30, na Casa Astral, [&hellip;]<\/p>\n","protected":false},"author":1,"featured_media":44187,"comment_status":"open","ping_status":"open","sticky":false,"template":"","format":"standard","meta":{"om_disable_all_campaigns":false,"_monsterinsights_skip_tracking":false,"_monsterinsights_sitenote_active":false,"_monsterinsights_sitenote_note":"","_monsterinsights_sitenote_category":0,"footnotes":""},"categories":[8,214],"tags":[853,373,347,1439],"acf":[],"publishpress_future_action":{"enabled":false,"date":"1969-12-31 21:00:00","action":"","terms":[],"taxonomy":"","browser_timezone_offset":0},"_links":{"self":[{"href":"https:\/\/portalfloresnoar.com\/floresnoar\/wp-json\/wp\/v2\/posts\/44169"}],"collection":[{"href":"https:\/\/portalfloresnoar.com\/floresnoar\/wp-json\/wp\/v2\/posts"}],"about":[{"href":"https:\/\/portalfloresnoar.com\/floresnoar\/wp-json\/wp\/v2\/types\/post"}],"author":[{"embeddable":true,"href":"https:\/\/portalfloresnoar.com\/floresnoar\/wp-json\/wp\/v2\/users\/1"}],"replies":[{"embeddable":true,"href":"https:\/\/portalfloresnoar.com\/floresnoar\/wp-json\/wp\/v2\/comments?post=44169"}],"version-history":[{"count":7,"href":"https:\/\/portalfloresnoar.com\/floresnoar\/wp-json\/wp\/v2\/posts\/44169\/revisions"}],"predecessor-version":[{"id":44191,"href":"https:\/\/portalfloresnoar.com\/floresnoar\/wp-json\/wp\/v2\/posts\/44169\/revisions\/44191"}],"wp:featuredmedia":[{"embeddable":true,"href":"https:\/\/portalfloresnoar.com\/floresnoar\/wp-json\/wp\/v2\/media\/44187"}],"wp:attachment":[{"href":"https:\/\/portalfloresnoar.com\/floresnoar\/wp-json\/wp\/v2\/media?parent=44169"}],"wp:term":[{"taxonomy":"category","embeddable":true,"href":"https:\/\/portalfloresnoar.com\/floresnoar\/wp-json\/wp\/v2\/categories?post=44169"},{"taxonomy":"post_tag","embeddable":true,"href":"https:\/\/portalfloresnoar.com\/floresnoar\/wp-json\/wp\/v2\/tags?post=44169"}],"curies":[{"name":"wp","href":"https:\/\/api.w.org\/{rel}","templated":true}]}}