

{"id":44160,"date":"2023-03-27T10:40:28","date_gmt":"2023-03-27T13:40:28","guid":{"rendered":"https:\/\/portalfloresnoar.com\/floresnoar\/?p=44160"},"modified":"2023-11-07T11:06:18","modified_gmt":"2023-11-07T14:06:18","slug":"agenda-pe-exposicao-a-radio-que-paulo-freire-sonhou-esta-em-cartaz-ate-31-10-na-ufpe","status":"publish","type":"post","link":"https:\/\/portalfloresnoar.com\/floresnoar\/agenda-pe-exposicao-a-radio-que-paulo-freire-sonhou-esta-em-cartaz-ate-31-10-na-ufpe\/","title":{"rendered":"[AGENDA PE] Exposi\u00e7\u00e3o &#8216;A R\u00e1dio que Paulo Freire sonhou&#8217; est\u00e1 em cartaz at\u00e9 31\/10 na UFPE"},"content":{"rendered":"<p><img decoding=\"async\" loading=\"lazy\" class=\"aligncenter  wp-image-44162\" src=\"https:\/\/portalfloresnoar.com\/floresnoar\/wp-content\/uploads\/2023\/09\/radio-universitaria-ufpe-700x696.jpeg\" alt=\"\" width=\"574\" height=\"571\" srcset=\"https:\/\/portalfloresnoar.com\/floresnoar\/wp-content\/uploads\/2023\/09\/radio-universitaria-ufpe-700x696.jpeg 700w, https:\/\/portalfloresnoar.com\/floresnoar\/wp-content\/uploads\/2023\/09\/radio-universitaria-ufpe-300x298.jpeg 300w, https:\/\/portalfloresnoar.com\/floresnoar\/wp-content\/uploads\/2023\/09\/radio-universitaria-ufpe-150x150.jpeg 150w, https:\/\/portalfloresnoar.com\/floresnoar\/wp-content\/uploads\/2023\/09\/radio-universitaria-ufpe-100x100.jpeg 100w, https:\/\/portalfloresnoar.com\/floresnoar\/wp-content\/uploads\/2023\/09\/radio-universitaria-ufpe.jpeg 720w\" sizes=\"(max-width: 574px) 100vw, 574px\" \/><\/p>\n<p>Est\u00e1 em cartaz, at\u00e9 o dia 31\/10, no hall do Centro de Artes e Comunica\u00e7\u00e3o (CAC) da UFPE, a exposi\u00e7\u00e3o &#8216;A R\u00e1dio que Paulo Freire sonhou&#8217;.<\/p>\n<p>A mostra faz parte das comemora\u00e7\u00f5es dos 60 anos da R\u00e1dio Universit\u00e1ria Paulo Freire, apresentando momentos marcantes da emissora, desde a sua funda\u00e7\u00e3o, passando pelo Golpe de 1964 at\u00e9 o ano de 2018, quando foi transformada em r\u00e1dio-escola com o nome do seu fundador.<\/p>\n<p>Em 16 pain\u00e9is, o visitante ter\u00e1 a oportunidade de conhecer o contexto hist\u00f3rico e acad\u00eamico da inaugura\u00e7\u00e3o, o embate nos jornais da \u00e9poca em torno do projeto paulofreireano de comunica\u00e7\u00e3o, a grade de programa\u00e7\u00e3o, bem como a modifica\u00e7\u00e3o por for\u00e7a do Golpe de 64 e a refunda\u00e7\u00e3o como r\u00e1dio-escola, em cogest\u00e3o do Departamento de Comunica\u00e7\u00e3o (DCOM) com o N\u00facleo de Televis\u00e3o e R\u00e1dios Universit\u00e1rias (NTVRU) da Universidade.<\/p>\n<p>A mostra \u00e9 resultado de uma extensa pesquisa documental em arquivos p\u00fablicos e digitais nos quais foram localizados fotos, documentos e mais de 300 not\u00edcias de jornais, entre 1958 e 1965.<\/p>\n<p>A r\u00e1dio foi fundada em 29 de setembro de 1963, como R\u00e1dio Universidade, criada pelo pedagogo Paulo Freire, como parte do Servi\u00e7o de Extens\u00e3o Cultural (SEC) da Universidade do Recife, atual UFPE. Foi no SEC que Paulo Freire consolidou o que ficaria depois internacionalmente conhecido como o seu \u201cm\u00e9todo\u201d de alfabetiza\u00e7\u00e3o de adultos. Em sintonia com a proposta educacional de Paulo Freire, a antiga R\u00e1dio Universidade era um importante bra\u00e7o da promo\u00e7\u00e3o da cultura, dos saberes populares e da campanha de alfabetiza\u00e7\u00e3o de adultos pautada pela leitura cr\u00edtica da realidade.<\/p>\n","protected":false},"excerpt":{"rendered":"<p>Est\u00e1 em cartaz, at\u00e9 o dia 31\/10, no hall do Centro de Artes e Comunica\u00e7\u00e3o (CAC) da UFPE, a exposi\u00e7\u00e3o &#8216;A R\u00e1dio que Paulo Freire sonhou&#8217;. A mostra faz parte das comemora\u00e7\u00f5es dos 60 anos da R\u00e1dio Universit\u00e1ria Paulo Freire, apresentando momentos marcantes da emissora, desde a sua funda\u00e7\u00e3o, passando pelo Golpe de 1964 at\u00e9 [&hellip;]<\/p>\n","protected":false},"author":1,"featured_media":44161,"comment_status":"open","ping_status":"open","sticky":false,"template":"","format":"standard","meta":{"om_disable_all_campaigns":false,"_monsterinsights_skip_tracking":false,"_monsterinsights_sitenote_active":false,"_monsterinsights_sitenote_note":"","_monsterinsights_sitenote_category":0,"footnotes":""},"categories":[8,214],"tags":[49,653,1106],"acf":[],"publishpress_future_action":{"enabled":false,"date":"1969-12-31 21:00:00","action":"","terms":[],"taxonomy":"","browser_timezone_offset":0},"_links":{"self":[{"href":"https:\/\/portalfloresnoar.com\/floresnoar\/wp-json\/wp\/v2\/posts\/44160"}],"collection":[{"href":"https:\/\/portalfloresnoar.com\/floresnoar\/wp-json\/wp\/v2\/posts"}],"about":[{"href":"https:\/\/portalfloresnoar.com\/floresnoar\/wp-json\/wp\/v2\/types\/post"}],"author":[{"embeddable":true,"href":"https:\/\/portalfloresnoar.com\/floresnoar\/wp-json\/wp\/v2\/users\/1"}],"replies":[{"embeddable":true,"href":"https:\/\/portalfloresnoar.com\/floresnoar\/wp-json\/wp\/v2\/comments?post=44160"}],"version-history":[{"count":1,"href":"https:\/\/portalfloresnoar.com\/floresnoar\/wp-json\/wp\/v2\/posts\/44160\/revisions"}],"predecessor-version":[{"id":44163,"href":"https:\/\/portalfloresnoar.com\/floresnoar\/wp-json\/wp\/v2\/posts\/44160\/revisions\/44163"}],"wp:featuredmedia":[{"embeddable":true,"href":"https:\/\/portalfloresnoar.com\/floresnoar\/wp-json\/wp\/v2\/media\/44161"}],"wp:attachment":[{"href":"https:\/\/portalfloresnoar.com\/floresnoar\/wp-json\/wp\/v2\/media?parent=44160"}],"wp:term":[{"taxonomy":"category","embeddable":true,"href":"https:\/\/portalfloresnoar.com\/floresnoar\/wp-json\/wp\/v2\/categories?post=44160"},{"taxonomy":"post_tag","embeddable":true,"href":"https:\/\/portalfloresnoar.com\/floresnoar\/wp-json\/wp\/v2\/tags?post=44160"}],"curies":[{"name":"wp","href":"https:\/\/api.w.org\/{rel}","templated":true}]}}