

{"id":44143,"date":"2024-09-22T06:00:54","date_gmt":"2024-09-22T09:00:54","guid":{"rendered":"https:\/\/portalfloresnoar.com\/floresnoar\/?p=44143"},"modified":"2024-09-24T12:07:41","modified_gmt":"2024-09-24T15:07:41","slug":"artigo-o-sol-entra-no-signo-de-libra-bem-vinda-primavera","status":"publish","type":"post","link":"https:\/\/portalfloresnoar.com\/floresnoar\/artigo-o-sol-entra-no-signo-de-libra-bem-vinda-primavera\/","title":{"rendered":"[ARTIGO] O Sol entra no signo de Libra. Bem-vinda, Primavera!"},"content":{"rendered":"<figure id=\"attachment_44145\" aria-describedby=\"caption-attachment-44145\" style=\"width: 531px\" class=\"wp-caption aligncenter\"><img decoding=\"async\" loading=\"lazy\" class=\"wp-image-44145\" src=\"https:\/\/portalfloresnoar.com\/floresnoar\/wp-content\/uploads\/2023\/09\/equinocio-de-primavera-_-foto-flores-no-ar-700x525.jpg\" alt=\"\" width=\"531\" height=\"398\" srcset=\"https:\/\/portalfloresnoar.com\/floresnoar\/wp-content\/uploads\/2023\/09\/equinocio-de-primavera-_-foto-flores-no-ar-700x525.jpg 700w, https:\/\/portalfloresnoar.com\/floresnoar\/wp-content\/uploads\/2023\/09\/equinocio-de-primavera-_-foto-flores-no-ar-300x225.jpg 300w, https:\/\/portalfloresnoar.com\/floresnoar\/wp-content\/uploads\/2023\/09\/equinocio-de-primavera-_-foto-flores-no-ar-768x576.jpg 768w, https:\/\/portalfloresnoar.com\/floresnoar\/wp-content\/uploads\/2023\/09\/equinocio-de-primavera-_-foto-flores-no-ar-160x120.jpg 160w, https:\/\/portalfloresnoar.com\/floresnoar\/wp-content\/uploads\/2023\/09\/equinocio-de-primavera-_-foto-flores-no-ar.jpg 900w\" sizes=\"(max-width: 531px) 100vw, 531px\" \/><figcaption id=\"caption-attachment-44145\" class=\"wp-caption-text\">Foto: Banco de Imagens\/ Flores no Ar<\/figcaption><\/figure>\n<p>| <em>Da Reda\u00e7\u00e3o Flores no Ar<\/em> |<\/p>\n<p>Neste ano de 2024, \u00e0s 9h43 da manh\u00e3, aconteceu no Hemisf\u00e9rio Sul o Equin\u00f3cio de Primavera (e no Hemisf\u00e9rio Norte o de Outono). No Equin\u00f3cio, dia e noite t\u00eam a mesma dura\u00e7\u00e3o. Luz e Sombra em equil\u00edbrio. Masculino e Feminino integrados. Tempo de florescimento c\u00e1 pras bandas Sul. Fim do Inverno.<\/p>\n<p>Segundo a Astrologia Tropical, o Equin\u00f3cio de Primavera acontece justo quando o Sol ingressa no signo de Libra. A balan\u00e7a \u00e9 o s\u00edmbolo de Libra. \u00c9 o \u00fanico signo que tem como s\u00edmbolo um objeto, todos os outros s\u00e3o representados por animais ou personagens mitol\u00f3gicos. Simbolicamente, a balan\u00e7a representa a busca pelo equil\u00edbrio, harmonia, prud\u00eancia, justi\u00e7a.<\/p>\n<p>\u201cLibra rege os relacionamentos com os outros como espelhos de n\u00f3s mesmos. Por isso este signo parece meio desligado de si mesmo. Conhecer outros no meio do caminho, comprometer-se e negociar est\u00e1 sob o dom\u00ednio de Libra. O foco agora est\u00e1 no equil\u00edbrio \u2013 encontrar o ponto do meio e a harmonia por interm\u00e9dio do relacionamento com os outros e da arte. Libra \u00e9 o s\u00e9timo signo, o primeiro da chamada zona social do Zod\u00edaco. Na progress\u00e3o dos signos, os seis primeiros tratam do indiv\u00edduo olhando para si mesmo. Depois do individualismo de \u00c1ries, o concreto de Touro, a comunica\u00e7\u00e3o de G\u00eameos, a fam\u00edlia em C\u00e2ncer, a consci\u00eancia de Le\u00e3o e o trabalho de Virgem, chega a hora de pensar no outro, abrir-se para o mundo e enfiar-se em um relacionamento, o carro-forte de Libra. \u201c <em>(trechos do blog <a href=\"https:\/\/berliqueseberloques.wordpress.com\/\" target=\"_blank\" rel=\"noopener\">Berliques e Berloques<\/a>)<\/em><\/p>\n<p>Diz-se que os librianos s\u00e3o indecisos. A libriana Lu Rabelo, cantadeira e editora do Portal Flores no Ar, n\u00e3o se acha indecisa. &#8220;Percebo que ponderamos demais, pensamos demais em todos os lados, mas n\u00e3o acho que haja exatamente uma indecis\u00e3o. Talvez demoramos um pouco mais pra decidir. Provavelmente pelo fato de ser do elemento Ar, pensamos muito, tentamos pesar muito bem as consequ\u00eancias de nossas escolhas antes de agir. Mas a gente decide!&#8221;<\/p>\n<p>O planeta regente de Libra \u00e9 V\u00eanus (tamb\u00e9m se considera o aster\u00f3ide Pallas Atena como co-regente). V\u00eanus, Afrodite, \u00e9 a Deusa do Amor e da Beleza e a influ\u00eancia dela pode ser vista no senso de est\u00e9tica das librianas e librianos, e num certo lirismo.<\/p>\n<p>Libra \u00e9 um signo de ritmo cardinal, impulsiona, come\u00e7a coisas. Tem din\u00e2mica, iniciativa.<\/p>\n<p>\u00c9 ainda considerado pacificador, elegante e diplom\u00e1tico.<\/p>\n<p><strong>SIGNO DE LIBRA<\/strong><br \/>\n<strong>Elemento:<\/strong>\u00a0Ar<br \/>\n<strong>Planeta Regente:<\/strong> V\u00eanus (alguns astr\u00f3logos trabalham com Palas Atena, como regente de Libra)<br \/>\n<strong>Ritmo:<\/strong>\u00a0Cardinal<br \/>\n<strong>Palavras-chave:<\/strong>\u00a0\u00a0equil\u00edbrio, harmonia, diplomacia, beleza, ponderabilidade, concilia\u00e7\u00e3o, romantismo, propor\u00e7\u00e3o, simetria, charme, eleg\u00e2ncia, est\u00e9tica, polidez, gentileza, estilo, toler\u00e2ncia, sociabilidade, cordialidade, relacionamentos, uni\u00e3o, parceria, associa\u00e7\u00e3o.<br \/>\n<strong>Per\u00edodo de perman\u00eancia do Sol em Libra:<\/strong>\u00a0aproximadamente, de 22 ou 23 de setembro a 22 ou 23 de outubro.<\/p>\n","protected":false},"excerpt":{"rendered":"<p>| Da Reda\u00e7\u00e3o Flores no Ar | Neste ano de 2024, \u00e0s 9h43 da manh\u00e3, aconteceu no Hemisf\u00e9rio Sul o Equin\u00f3cio de Primavera (e no Hemisf\u00e9rio Norte o de Outono). No Equin\u00f3cio, dia e noite t\u00eam a mesma dura\u00e7\u00e3o. Luz e Sombra em equil\u00edbrio. Masculino e Feminino integrados. Tempo de florescimento c\u00e1 pras bandas Sul. [&hellip;]<\/p>\n","protected":false},"author":1,"featured_media":44146,"comment_status":"open","ping_status":"open","sticky":false,"template":"","format":"standard","meta":{"om_disable_all_campaigns":false,"_monsterinsights_skip_tracking":false,"_monsterinsights_sitenote_active":false,"_monsterinsights_sitenote_note":"","_monsterinsights_sitenote_category":0,"footnotes":""},"categories":[10],"tags":[499,18,868,870,786],"acf":[],"publishpress_future_action":{"enabled":false,"date":"1969-12-31 21:00:00","action":"","terms":[],"taxonomy":"","browser_timezone_offset":0},"_links":{"self":[{"href":"https:\/\/portalfloresnoar.com\/floresnoar\/wp-json\/wp\/v2\/posts\/44143"}],"collection":[{"href":"https:\/\/portalfloresnoar.com\/floresnoar\/wp-json\/wp\/v2\/posts"}],"about":[{"href":"https:\/\/portalfloresnoar.com\/floresnoar\/wp-json\/wp\/v2\/types\/post"}],"author":[{"embeddable":true,"href":"https:\/\/portalfloresnoar.com\/floresnoar\/wp-json\/wp\/v2\/users\/1"}],"replies":[{"embeddable":true,"href":"https:\/\/portalfloresnoar.com\/floresnoar\/wp-json\/wp\/v2\/comments?post=44143"}],"version-history":[{"count":3,"href":"https:\/\/portalfloresnoar.com\/floresnoar\/wp-json\/wp\/v2\/posts\/44143\/revisions"}],"predecessor-version":[{"id":45406,"href":"https:\/\/portalfloresnoar.com\/floresnoar\/wp-json\/wp\/v2\/posts\/44143\/revisions\/45406"}],"wp:featuredmedia":[{"embeddable":true,"href":"https:\/\/portalfloresnoar.com\/floresnoar\/wp-json\/wp\/v2\/media\/44146"}],"wp:attachment":[{"href":"https:\/\/portalfloresnoar.com\/floresnoar\/wp-json\/wp\/v2\/media?parent=44143"}],"wp:term":[{"taxonomy":"category","embeddable":true,"href":"https:\/\/portalfloresnoar.com\/floresnoar\/wp-json\/wp\/v2\/categories?post=44143"},{"taxonomy":"post_tag","embeddable":true,"href":"https:\/\/portalfloresnoar.com\/floresnoar\/wp-json\/wp\/v2\/tags?post=44143"}],"curies":[{"name":"wp","href":"https:\/\/api.w.org\/{rel}","templated":true}]}}