

{"id":44142,"date":"2023-10-12T10:20:43","date_gmt":"2023-10-12T13:20:43","guid":{"rendered":"https:\/\/portalfloresnoar.com\/floresnoar\/?p=44142"},"modified":"2023-11-23T10:18:06","modified_gmt":"2023-11-23T13:18:06","slug":"gerar-lanca-plataforma-on-line-de-atendimentos-terapeuticos","status":"publish","type":"post","link":"https:\/\/portalfloresnoar.com\/floresnoar\/gerar-lanca-plataforma-on-line-de-atendimentos-terapeuticos\/","title":{"rendered":"Gerar lan\u00e7a plataforma on-line de atendimentos terap\u00eauticos"},"content":{"rendered":"<figure id=\"attachment_44280\" aria-describedby=\"caption-attachment-44280\" style=\"width: 700px\" class=\"wp-caption aligncenter\"><a href=\"https:\/\/www.gerarterapias.com.br\/\"><img decoding=\"async\" loading=\"lazy\" class=\"wp-image-44280 size-large\" src=\"https:\/\/portalfloresnoar.com\/floresnoar\/wp-content\/uploads\/2023\/10\/gerar-online-700x322.jpg\" alt=\"\" width=\"700\" height=\"322\" srcset=\"https:\/\/portalfloresnoar.com\/floresnoar\/wp-content\/uploads\/2023\/10\/gerar-online-700x322.jpg 700w, https:\/\/portalfloresnoar.com\/floresnoar\/wp-content\/uploads\/2023\/10\/gerar-online-300x138.jpg 300w, https:\/\/portalfloresnoar.com\/floresnoar\/wp-content\/uploads\/2023\/10\/gerar-online-768x353.jpg 768w, https:\/\/portalfloresnoar.com\/floresnoar\/wp-content\/uploads\/2023\/10\/gerar-online.jpg 1340w\" sizes=\"(max-width: 700px) 100vw, 700px\" \/><\/a><figcaption id=\"caption-attachment-44280\" class=\"wp-caption-text\">O GERAR ON-LINE pode ser acessado atrav\u00e9s do endere\u00e7o: <a href=\"https:\/\/www.gerarterapias.com.br\/\" target=\"_blank\" rel=\"noopener\">www.gerarterapias.com.br<\/a><\/figcaption><\/figure>\n<p>Em celebra\u00e7\u00e3o aos 19 anos de exist\u00eancia, o Gerar &#8211; Psicologia, Arteterapia e Bem-estar lan\u00e7a oficialmente hoje, 12 de outubro, no dia do anivers\u00e1rio,\u00a0 o GERAR ON-LINE, uma plataforma digital que oferece atendimentos terap\u00eauticos em diversas abordagens. Para conhecer a novidade, \u00e9 s\u00f3 acessar o endere\u00e7o:<a href=\"https:\/\/www.gerarterapias.com.br\/\" target=\"_blank\" rel=\"noopener\"> www.gerarterapias.com.br<\/a><\/p>\n<p>A plataforma conta com recursos de acessibilidade digital, melhorando a usabilidade e experi\u00eancia dos usu\u00e1rios que t\u00eam necessidades especiais.<\/p>\n<p>Diversas abordagens terap\u00eauticas podem ser encontradas em um mesmo local. S\u00e3o disponibilizados atendimentos em Psicologia, Arteterapia, Psiquiatria, Reiki, Massoterapia, Cristaloterapia, Aromaterapia, Hipnoterapia, Terapia Floral, ThetaHealing\u00ae, Barras de Access\u00ae, Soul-Collage\u00ae Yogaterapia, Mindfulness, entre outras t\u00e9cnicas. Os servi\u00e7os s\u00e3o oferecidos por profissionais de diversos estados do Brasil, como atua\u00e7\u00f5es comprovadas.<\/p>\n<p>As sess\u00f5es podem ser agendadas <a href=\"https:\/\/www.gerarterapias.com.br\/profissionais\/\" target=\"_blank\" rel=\"noopener\">diretamente com cada terapeuta<\/a>, ou atrav\u00e9s da <a href=\"https:\/\/www.gerarterapias.com.br\/agendar-consulta\/\" target=\"_blank\" rel=\"noopener\">central de agendamentos<\/a>.<\/p>\n<p>Uma outra funcionalidade do site, \u00e9 a possibilidade de busca de terapeutas por especialidade, demanda, e\/ou tipo de servi\u00e7o (presencial ou on-line).<\/p>\n<p>&#8220;O Gerar On-line surge da vontade de estender os atributos diferenciados de acolhimento e gest\u00e3o humanizada do Gerar f\u00edsico para o mundo do atendimento virtual. O Gerar desenvolve as suas atividades presenciais desde 2004 e \u00e9 uma refer\u00eancia como espa\u00e7o de sa\u00fade mental e de cuidados preventivos, influindo muito fortemente para o di\u00e1logo e a experi\u00eancia plural entre Psicoterapia, Arteterapia e Terapias Integrativas. A nossa proposta envolve a compreens\u00e3o integral do ser humano, considerando a sa\u00fade em sua dimens\u00e3o sist\u00eamica &#8211; f\u00edsica, mental, emocional, social e espiritual&#8221;, informam as gestoras do Gerar Fabiana Guimar\u00e3es, Josefina Campos e Patr\u00edcia Mello.<\/p>\n<p><strong>CADASTRO DE TERAPEUTAS<\/strong> &#8211; Os terapeutas interessados na parceria com o GERAR ON-LINE devem realizar o cadastro no site. Ap\u00f3s preencher o formul\u00e1rio, o cadastro passar\u00e1 por uma avalia\u00e7\u00e3o t\u00e9cnica e, em seguida, o terapeuta ser\u00e1 convidado para uma reuni\u00e3o on-line com a equipe gestora do Gerar.<\/p>\n<p>O Gerar on-line oferece ao terapeuta o autogerenciamento da sua cl\u00ednica, disponibilizando servi\u00e7os como:<br \/>\n\u2022 Prontu\u00e1rio Eletr\u00f4nico;<br \/>\n\u2022 Agenda on-line;<br \/>\n\u2022 Sala on-line;<br \/>\n\u2022 Controle de mensalidades;<br \/>\n\u2022 Pesquisa de satisfa\u00e7\u00e3o;<br \/>\n\u2022 Controle financeiro completo com fluxo de caixa e contas a pagar\/receber.<\/p>\n<p><strong>GERAR &#8211; PSICOLOGIA, ARTETERAPIA E BEM-ESTAR<\/strong><br \/>\n<strong>Fone\/WhatsApp:<\/strong>\u00a0(81) 99760.6383<br \/>\n<strong>E-mail:<\/strong> gerararte.comunicacao@gmail.com<br \/>\n<strong>Instagram:<\/strong>\u00a0\u00a0<a href=\"https:\/\/www.instagram.com\/gerararteterapia\/\" target=\"_blank\" rel=\"noopener\">@gerararteterapia<\/a><br \/>\n<strong>Endere\u00e7o f\u00edsico:<\/strong>\u00a0Rua Luiz Guimar\u00e3es, 253, Po\u00e7o da Panela, Recife\/PE<br \/>\n<em>(Mapa com a localiza\u00e7\u00e3o:\u00a0<a href=\"https:\/\/maps.app.goo.gl\/kZCHrg1TKRm8Qhmv9\" target=\"_blank\" rel=\"noopener\">https:\/\/maps.app.goo.gl\/kZCHrg1TKRm8Qhmv9<\/a>)<\/em><br \/>\n<strong>Gerar On-line:<\/strong> <a href=\"https:\/\/www.gerarterapias.com.br\/\" target=\"_blank\" rel=\"noopener\">https:\/\/www.gerarterapias.com.br\/<\/a><\/p>\n","protected":false},"excerpt":{"rendered":"<p>Em celebra\u00e7\u00e3o aos 19 anos de exist\u00eancia, o Gerar &#8211; Psicologia, Arteterapia e Bem-estar lan\u00e7a oficialmente hoje, 12 de outubro, no dia do anivers\u00e1rio,\u00a0 o GERAR ON-LINE, uma plataforma digital que oferece atendimentos terap\u00eauticos em diversas abordagens. Para conhecer a novidade, \u00e9 s\u00f3 acessar o endere\u00e7o: www.gerarterapias.com.br A plataforma conta com recursos de acessibilidade digital, [&hellip;]<\/p>\n","protected":false},"author":1,"featured_media":44283,"comment_status":"open","ping_status":"open","sticky":false,"template":"","format":"standard","meta":{"om_disable_all_campaigns":false,"_monsterinsights_skip_tracking":false,"_monsterinsights_sitenote_active":false,"_monsterinsights_sitenote_note":"","_monsterinsights_sitenote_category":0,"footnotes":""},"categories":[224,9],"tags":[34,243,1057,81,1148,41,127],"acf":[],"publishpress_future_action":{"enabled":false,"date":"1969-12-31 21:00:00","action":"","terms":[],"taxonomy":"","browser_timezone_offset":0},"_links":{"self":[{"href":"https:\/\/portalfloresnoar.com\/floresnoar\/wp-json\/wp\/v2\/posts\/44142"}],"collection":[{"href":"https:\/\/portalfloresnoar.com\/floresnoar\/wp-json\/wp\/v2\/posts"}],"about":[{"href":"https:\/\/portalfloresnoar.com\/floresnoar\/wp-json\/wp\/v2\/types\/post"}],"author":[{"embeddable":true,"href":"https:\/\/portalfloresnoar.com\/floresnoar\/wp-json\/wp\/v2\/users\/1"}],"replies":[{"embeddable":true,"href":"https:\/\/portalfloresnoar.com\/floresnoar\/wp-json\/wp\/v2\/comments?post=44142"}],"version-history":[{"count":12,"href":"https:\/\/portalfloresnoar.com\/floresnoar\/wp-json\/wp\/v2\/posts\/44142\/revisions"}],"predecessor-version":[{"id":44489,"href":"https:\/\/portalfloresnoar.com\/floresnoar\/wp-json\/wp\/v2\/posts\/44142\/revisions\/44489"}],"wp:featuredmedia":[{"embeddable":true,"href":"https:\/\/portalfloresnoar.com\/floresnoar\/wp-json\/wp\/v2\/media\/44283"}],"wp:attachment":[{"href":"https:\/\/portalfloresnoar.com\/floresnoar\/wp-json\/wp\/v2\/media?parent=44142"}],"wp:term":[{"taxonomy":"category","embeddable":true,"href":"https:\/\/portalfloresnoar.com\/floresnoar\/wp-json\/wp\/v2\/categories?post=44142"},{"taxonomy":"post_tag","embeddable":true,"href":"https:\/\/portalfloresnoar.com\/floresnoar\/wp-json\/wp\/v2\/tags?post=44142"}],"curies":[{"name":"wp","href":"https:\/\/api.w.org\/{rel}","templated":true}]}}