

{"id":44093,"date":"2023-03-14T08:18:41","date_gmt":"2023-03-14T11:18:41","guid":{"rendered":"https:\/\/portalfloresnoar.com\/floresnoar\/?p=44093"},"modified":"2023-09-25T10:52:11","modified_gmt":"2023-09-25T13:52:11","slug":"agenda-pe-vivencia-e-roda-de-conversa-maes-e-filhos-como-melhorar-a-relacao-dia-23-09-no-recife","status":"publish","type":"post","link":"https:\/\/portalfloresnoar.com\/floresnoar\/agenda-pe-vivencia-e-roda-de-conversa-maes-e-filhos-como-melhorar-a-relacao-dia-23-09-no-recife\/","title":{"rendered":"[AGENDA PE] \u2018Viv\u00eancia e Roda de Conversa: M\u00e3es e filhos \u2013 como melhorar a rela\u00e7\u00e3o?\u2019, dia 23\/09, no Recife"},"content":{"rendered":"<p><img decoding=\"async\" loading=\"lazy\" class=\"aligncenter wp-image-44079\" src=\"https:\/\/portalfloresnoar.com\/floresnoar\/wp-content\/uploads\/2023\/09\/vivencia-terapeutica-para-maes-no-recife-700x507.jpeg\" alt=\"\" width=\"587\" height=\"425\" srcset=\"https:\/\/portalfloresnoar.com\/floresnoar\/wp-content\/uploads\/2023\/09\/vivencia-terapeutica-para-maes-no-recife-700x507.jpeg 700w, https:\/\/portalfloresnoar.com\/floresnoar\/wp-content\/uploads\/2023\/09\/vivencia-terapeutica-para-maes-no-recife-300x217.jpeg 300w, https:\/\/portalfloresnoar.com\/floresnoar\/wp-content\/uploads\/2023\/09\/vivencia-terapeutica-para-maes-no-recife.jpeg 702w\" sizes=\"(max-width: 587px) 100vw, 587px\" \/><\/p>\n<p>A terapeuta Gisela Santana realiza, no dia 23 de setembro de 2023, a &#8216;Viv\u00eancia e Roda de Conversa: M\u00e3es e filhos &#8211; como melhorar a rela\u00e7\u00e3o?&#8217;. O encontro \u00e9 voltado para qualquer m\u00e3e interessada, e acontecer\u00e1 das 14h30 \u00e0s 18h, no Espa\u00e7o Gerar, localizado no Po\u00e7o da Panela, no Recife. As inscri\u00e7\u00f5es devem ser feitas antecipadamente!<\/p>\n<p>O encontro tem o intuito de reunir m\u00e3es comprometidas em melhorar a qualidade das rela\u00e7\u00f5es com seus filhos(as), assim como fortalecer os v\u00ednculos afetivos com eles(elas). &#8220;A proposta deste trabalho \u00e9 criar uma roda de di\u00e1logos entre m\u00e3es que buscam se fortalecer na maternagem de seus filhos e filhas; m\u00e3es que percebem a import\u00e2ncia de criar momentos de mais qualidade para si e de conviv\u00eancia com seus filhos, que querem se fortalecer para superar os desafios da maternidade, em prol da harmonia familiar e da melhoria da qualidade de vida e educa\u00e7\u00e3o de seus filhos e filhas.<\/p>\n<p><strong>Algumas atividades propostas no encontro:<\/strong><br \/>\n&#8211; Autocuidado<br \/>\n&#8211; T\u00e9cnicas e ferramentas de melhoria na conex\u00e3o m\u00e3es e filho(a)s<br \/>\n&#8211; Atividades l\u00fadicas para ampliar a intera\u00e7\u00e3o m\u00e3es e filho(a)s<br \/>\n&#8211; Abordagem de tem\u00e1tica e de di\u00e1logos para trocas de experi\u00eancias<\/p>\n<p>SOBRE A TERAPEUTA<br \/>\n<strong>Gisela Verri de Santana<\/strong> \u00e9 m\u00e3e, terapeuta Integrativa e Coach, encantada pela transforma\u00e7\u00e3o humana, pela melhoria da qualidade das rela\u00e7\u00f5es e pela possibilidade de cura por meio do autoconhecimento. Foi professora universit\u00e1ria por mais de 10 anos, \u00e9 arquiteta, doutora em Psicologia Social, Thetahealer, apaixonada pela F\u00edsica Qu\u00e2ntica, pelas rela\u00e7\u00f5es com a Natureza, pelo estudo do Biogr\u00e1fico e da Psicossom\u00e1tica.<\/p>\n<p>SERVI\u00c7O<br \/>\n<strong> Viv\u00eancia e Roda de Conversa: M\u00e3es e filhos como melhorar a rela\u00e7\u00e3o?<\/strong><br \/>\n<strong>Data:<\/strong> 23\/09\/2023 (S\u00e1bado)<br \/>\n<strong>Hor\u00e1rio:<\/strong> 14h30 \u00e0s 18h<br \/>\n<strong>Local:<\/strong> Espa\u00e7o Gerar &#8211; Psicologia, Arteterapia e Bem-Estar:\u00a0 Rua Luiz Guimar\u00e3es, 253, Po\u00e7o da Panela, Recife\/PE<br \/>\n<em>(Mapa com a localiza\u00e7\u00e3o:\u00a0<a href=\"https:\/\/maps.app.goo.gl\/kZCHrg1TKRm8Qhmv9\" target=\"_blank\" rel=\"noopener\">https:\/\/maps.app.goo.gl\/kZCHrg1TKRm8Qhmv9<\/a>)<\/em><br \/>\n<strong>Investimento:<\/strong> R$ 52,00 + 1 Kg de alimento (para doa\u00e7\u00e3o \u00e0 entidade &#8216;Menino de Luz&#8217;)<\/p>\n<p>INSCRI\u00c7\u00d5ES<br \/>\nPara que a inscri\u00e7\u00e3o seja efetivada, \u00e9 necess\u00e1rio preencher a ficha de inscri\u00e7\u00e3o, atrav\u00e9s deste link: <a href=\"https:\/\/forms.gle\/WKoVY7E8wWUaAmo59\" target=\"_blank\" rel=\"noopener\">https:\/\/forms.gle\/WKoVY7E8wWUaAmo59<\/a> , e efetuar o pagamento. Em seguida, entrar em contato via WhatsApp (81) 98190\u20117596 com Gisela, para receber as orienta\u00e7\u00f5es sobre a viv\u00eancia.<\/p>\n<p>MAIS INFORMA\u00c7\u00d5ES<br \/>\n<strong>Fone\/ WhatsApp:<\/strong> (81) 98190\u20117596<br \/>\n<strong>Instagram:<\/strong> <a href=\"https:\/\/www.instagram.com\/giselasantanaalquimia\/\" target=\"_blank\" rel=\"noopener\">@giselasantanaalquimia<\/a><\/p>\n","protected":false},"excerpt":{"rendered":"<p>A terapeuta Gisela Santana realiza, no dia 23 de setembro de 2023, a &#8216;Viv\u00eancia e Roda de Conversa: M\u00e3es e filhos &#8211; como melhorar a rela\u00e7\u00e3o?&#8217;. O encontro \u00e9 voltado para qualquer m\u00e3e interessada, e acontecer\u00e1 das 14h30 \u00e0s 18h, no Espa\u00e7o Gerar, localizado no Po\u00e7o da Panela, no Recife. As inscri\u00e7\u00f5es devem ser feitas [&hellip;]<\/p>\n","protected":false},"author":1,"featured_media":44078,"comment_status":"open","ping_status":"open","sticky":false,"template":"","format":"standard","meta":{"om_disable_all_campaigns":false,"_monsterinsights_skip_tracking":false,"_monsterinsights_sitenote_active":false,"_monsterinsights_sitenote_note":"","_monsterinsights_sitenote_category":0,"footnotes":""},"categories":[8,214],"tags":[315,828,696,518,1431,304],"acf":[],"publishpress_future_action":{"enabled":false,"date":"1969-12-31 21:00:00","action":"","terms":[],"taxonomy":"","browser_timezone_offset":0},"_links":{"self":[{"href":"https:\/\/portalfloresnoar.com\/floresnoar\/wp-json\/wp\/v2\/posts\/44093"}],"collection":[{"href":"https:\/\/portalfloresnoar.com\/floresnoar\/wp-json\/wp\/v2\/posts"}],"about":[{"href":"https:\/\/portalfloresnoar.com\/floresnoar\/wp-json\/wp\/v2\/types\/post"}],"author":[{"embeddable":true,"href":"https:\/\/portalfloresnoar.com\/floresnoar\/wp-json\/wp\/v2\/users\/1"}],"replies":[{"embeddable":true,"href":"https:\/\/portalfloresnoar.com\/floresnoar\/wp-json\/wp\/v2\/comments?post=44093"}],"version-history":[{"count":4,"href":"https:\/\/portalfloresnoar.com\/floresnoar\/wp-json\/wp\/v2\/posts\/44093\/revisions"}],"predecessor-version":[{"id":44141,"href":"https:\/\/portalfloresnoar.com\/floresnoar\/wp-json\/wp\/v2\/posts\/44093\/revisions\/44141"}],"wp:featuredmedia":[{"embeddable":true,"href":"https:\/\/portalfloresnoar.com\/floresnoar\/wp-json\/wp\/v2\/media\/44078"}],"wp:attachment":[{"href":"https:\/\/portalfloresnoar.com\/floresnoar\/wp-json\/wp\/v2\/media?parent=44093"}],"wp:term":[{"taxonomy":"category","embeddable":true,"href":"https:\/\/portalfloresnoar.com\/floresnoar\/wp-json\/wp\/v2\/categories?post=44093"},{"taxonomy":"post_tag","embeddable":true,"href":"https:\/\/portalfloresnoar.com\/floresnoar\/wp-json\/wp\/v2\/tags?post=44093"}],"curies":[{"name":"wp","href":"https:\/\/api.w.org\/{rel}","templated":true}]}}