

{"id":44059,"date":"2023-09-10T21:24:55","date_gmt":"2023-09-11T00:24:55","guid":{"rendered":"https:\/\/portalfloresnoar.com\/floresnoar\/?p=44059"},"modified":"2023-09-13T12:16:18","modified_gmt":"2023-09-13T15:16:18","slug":"noticias-creche-escola-publica-inspirada-na-pedagogia-waldorf-comeca-a-funcionar-no-recife","status":"publish","type":"post","link":"https:\/\/portalfloresnoar.com\/floresnoar\/noticias-creche-escola-publica-inspirada-na-pedagogia-waldorf-comeca-a-funcionar-no-recife\/","title":{"rendered":"[NOT\u00cdCIAS] Creche Escola p\u00fablica inspirada na Pedagogia Waldorf come\u00e7a a funcionar no Recife"},"content":{"rendered":"<figure id=\"attachment_44060\" aria-describedby=\"caption-attachment-44060\" style=\"width: 601px\" class=\"wp-caption aligncenter\"><img decoding=\"async\" loading=\"lazy\" class=\"wp-image-44060\" src=\"https:\/\/portalfloresnoar.com\/floresnoar\/wp-content\/uploads\/2023\/09\/escola-publica-waldorf-no-recife-700x525.jpeg\" alt=\"\" width=\"601\" height=\"451\" srcset=\"https:\/\/portalfloresnoar.com\/floresnoar\/wp-content\/uploads\/2023\/09\/escola-publica-waldorf-no-recife-700x525.jpeg 700w, https:\/\/portalfloresnoar.com\/floresnoar\/wp-content\/uploads\/2023\/09\/escola-publica-waldorf-no-recife-300x225.jpeg 300w, https:\/\/portalfloresnoar.com\/floresnoar\/wp-content\/uploads\/2023\/09\/escola-publica-waldorf-no-recife-768x576.jpeg 768w, https:\/\/portalfloresnoar.com\/floresnoar\/wp-content\/uploads\/2023\/09\/escola-publica-waldorf-no-recife-1536x1152.jpeg 1536w, https:\/\/portalfloresnoar.com\/floresnoar\/wp-content\/uploads\/2023\/09\/escola-publica-waldorf-no-recife-160x120.jpeg 160w, https:\/\/portalfloresnoar.com\/floresnoar\/wp-content\/uploads\/2023\/09\/escola-publica-waldorf-no-recife.jpeg 1600w\" sizes=\"(max-width: 601px) 100vw, 601px\" \/><figcaption id=\"caption-attachment-44060\" class=\"wp-caption-text\">A Creche Escola Nossa Casa do Chafariz funciona no Morro da Concei\u00e7\u00e3o, bairro de Casa Amarela, no Recife<\/figcaption><\/figure>\n<p>A Creche Escola Nossa Casa do Chafariz, jardim de inf\u00e2ncia p\u00fablico inspirado na Pedagogia Waldorf, abriu as portas neste m\u00eas de setembro de 2023, gra\u00e7as \u00e0 parceria entre uma rede de amigos ligados \u00e0 Pedagogia Waldorf e a Prefeitura do Recife. O jardim fica localizado no Morro da Concei\u00e7\u00e3o, no bairro de Casa Amarela.<\/p>\n<p>A escola abriu com tr\u00eas salas, acolhendo 60 crian\u00e7as de 1 ano a 3 anos e 11 meses. Para 2024 j\u00e1 est\u00e1 sendo montado um ber\u00e7\u00e1rio e mais duas salas, que possibilitar\u00e3o receber crian\u00e7as de ber\u00e7\u00e1rio a 5 anos e 11 meses. O desejo \u00e9 que em breve tamb\u00e9m seja poss\u00edvel oferecer turmas do Ensino Fundamental.<\/p>\n<p>Na casa foram feitas reformas, constru\u00eddo o parquinho e as duas cozinhas est\u00e3o prontas e equipadas. A maior parte dos investimentos foi conquistada pela professora Simone Carvalho junto \u00e0 Prefeitura do Recife.<\/p>\n<p><img decoding=\"async\" loading=\"lazy\" class=\"wp-image-44061 alignright\" src=\"https:\/\/portalfloresnoar.com\/floresnoar\/wp-content\/uploads\/2023\/09\/escola-publica-pedagogia-waldorf-no-recife-3-700x394.jpeg\" alt=\"\" width=\"368\" height=\"207\" srcset=\"https:\/\/portalfloresnoar.com\/floresnoar\/wp-content\/uploads\/2023\/09\/escola-publica-pedagogia-waldorf-no-recife-3-700x394.jpeg 700w, https:\/\/portalfloresnoar.com\/floresnoar\/wp-content\/uploads\/2023\/09\/escola-publica-pedagogia-waldorf-no-recife-3-300x169.jpeg 300w, https:\/\/portalfloresnoar.com\/floresnoar\/wp-content\/uploads\/2023\/09\/escola-publica-pedagogia-waldorf-no-recife-3-768x432.jpeg 768w, https:\/\/portalfloresnoar.com\/floresnoar\/wp-content\/uploads\/2023\/09\/escola-publica-pedagogia-waldorf-no-recife-3.jpeg 1024w\" sizes=\"(max-width: 368px) 100vw, 368px\" \/>Neste momento as professoras est\u00e3o em busca de brinquedos e material Waldorf [panos, fios e linhas (pra croch\u00ea, barbantes e de malha), cabanas e brinquedos de pano ou de l\u00e3, brinquedos de madeira, banquinhos, cadeirinhas, cavaletes e cavalinhos de madeira, utens\u00edlios de alum\u00ednio pra brincar na areia e especialmente fantasias], os quais n\u00e3o foram contemplados pelos recursos financeiros conquistados.<\/p>\n<p>Quem tiver desse material que tenha sido de seus filhos ou puder adquirir algo para doar \u00e0 Creche, as crian\u00e7as e professoras ficar\u00e3o muito felizes.<\/p>\n<p><strong>Para envio dos materiais e mais informa\u00e7\u00f5es, entrar em contato com Carla Lacerda atrav\u00e9s do WhatsApp:<\/strong> (81) 996312136<\/p>\n<p>MAIS INFORMA\u00c7\u00d5ES<br \/>\n<strong>WhatsApp:<\/strong> (81) 99680-5906<\/p>\n","protected":false},"excerpt":{"rendered":"<p>A Creche Escola Nossa Casa do Chafariz, jardim de inf\u00e2ncia p\u00fablico inspirado na Pedagogia Waldorf, abriu as portas neste m\u00eas de setembro de 2023, gra\u00e7as \u00e0 parceria entre uma rede de amigos ligados \u00e0 Pedagogia Waldorf e a Prefeitura do Recife. O jardim fica localizado no Morro da Concei\u00e7\u00e3o, no bairro de Casa Amarela. A [&hellip;]<\/p>\n","protected":false},"author":1,"featured_media":44060,"comment_status":"open","ping_status":"open","sticky":false,"template":"","format":"standard","meta":{"om_disable_all_campaigns":false,"_monsterinsights_skip_tracking":false,"_monsterinsights_sitenote_active":false,"_monsterinsights_sitenote_note":"","_monsterinsights_sitenote_category":0,"footnotes":""},"categories":[9],"tags":[23,223,83,1427,1428,1426,461,115],"acf":[],"publishpress_future_action":{"enabled":false,"date":"1969-12-31 21:00:00","action":"","terms":[],"taxonomy":"","browser_timezone_offset":0},"_links":{"self":[{"href":"https:\/\/portalfloresnoar.com\/floresnoar\/wp-json\/wp\/v2\/posts\/44059"}],"collection":[{"href":"https:\/\/portalfloresnoar.com\/floresnoar\/wp-json\/wp\/v2\/posts"}],"about":[{"href":"https:\/\/portalfloresnoar.com\/floresnoar\/wp-json\/wp\/v2\/types\/post"}],"author":[{"embeddable":true,"href":"https:\/\/portalfloresnoar.com\/floresnoar\/wp-json\/wp\/v2\/users\/1"}],"replies":[{"embeddable":true,"href":"https:\/\/portalfloresnoar.com\/floresnoar\/wp-json\/wp\/v2\/comments?post=44059"}],"version-history":[{"count":7,"href":"https:\/\/portalfloresnoar.com\/floresnoar\/wp-json\/wp\/v2\/posts\/44059\/revisions"}],"predecessor-version":[{"id":44084,"href":"https:\/\/portalfloresnoar.com\/floresnoar\/wp-json\/wp\/v2\/posts\/44059\/revisions\/44084"}],"wp:featuredmedia":[{"embeddable":true,"href":"https:\/\/portalfloresnoar.com\/floresnoar\/wp-json\/wp\/v2\/media\/44060"}],"wp:attachment":[{"href":"https:\/\/portalfloresnoar.com\/floresnoar\/wp-json\/wp\/v2\/media?parent=44059"}],"wp:term":[{"taxonomy":"category","embeddable":true,"href":"https:\/\/portalfloresnoar.com\/floresnoar\/wp-json\/wp\/v2\/categories?post=44059"},{"taxonomy":"post_tag","embeddable":true,"href":"https:\/\/portalfloresnoar.com\/floresnoar\/wp-json\/wp\/v2\/tags?post=44059"}],"curies":[{"name":"wp","href":"https:\/\/api.w.org\/{rel}","templated":true}]}}