

{"id":44042,"date":"2023-03-14T15:37:46","date_gmt":"2023-03-14T18:37:46","guid":{"rendered":"https:\/\/portalfloresnoar.com\/floresnoar\/?p=44042"},"modified":"2023-09-24T10:37:07","modified_gmt":"2023-09-24T13:37:07","slug":"agenda-pe-encontro-presencial-manta-de-retalhos-acontece-dia-23-09-no-recife","status":"publish","type":"post","link":"https:\/\/portalfloresnoar.com\/floresnoar\/agenda-pe-encontro-presencial-manta-de-retalhos-acontece-dia-23-09-no-recife\/","title":{"rendered":"[AGENDA PE] Encontro presencial &#8216;Manta de Retalhos&#8217; acontece dia 23\/09 no Recife"},"content":{"rendered":"<p><figure id=\"attachment_44105\" aria-describedby=\"caption-attachment-44105\" style=\"width: 619px\" class=\"wp-caption aligncenter\"><img decoding=\"async\" loading=\"lazy\" class=\"wp-image-44105 \" src=\"https:\/\/portalfloresnoar.com\/floresnoar\/wp-content\/uploads\/2023\/09\/manta-de-retalhos-tanto-mar-1-700x417.jpg\" alt=\"\" width=\"619\" height=\"369\" srcset=\"https:\/\/portalfloresnoar.com\/floresnoar\/wp-content\/uploads\/2023\/09\/manta-de-retalhos-tanto-mar-1-700x417.jpg 700w, https:\/\/portalfloresnoar.com\/floresnoar\/wp-content\/uploads\/2023\/09\/manta-de-retalhos-tanto-mar-1-300x179.jpg 300w, https:\/\/portalfloresnoar.com\/floresnoar\/wp-content\/uploads\/2023\/09\/manta-de-retalhos-tanto-mar-1-768x457.jpg 768w, https:\/\/portalfloresnoar.com\/floresnoar\/wp-content\/uploads\/2023\/09\/manta-de-retalhos-tanto-mar-1.jpg 1080w\" sizes=\"(max-width: 619px) 100vw, 619px\" \/><figcaption id=\"caption-attachment-44105\" class=\"wp-caption-text\">A Manta de Retalhos, que est\u00e1 sendo tecida coletivamente por mulheres de v\u00e1rias localidades do mundo, chegou ao Brasil.\u00a0 [Foto: Lu Rabelo\/ Flores no Ar]<\/figcaption><\/figure>No dia em que chega a Primavera c\u00e1 no Hemisf\u00e9rio Sul &#8211; 23 de setembro &#8211; ser\u00e1 realizado no Recife o encontro presencial &#8216;Manta de Retalhos&#8217; do projeto Tanto Mar. O evento ser\u00e1 das 10h \u00e0s 14h no Espa\u00e7o Corpo Vida, no bairro das Gra\u00e7as, e \u00e9 aberto a todas as mulheres interessadas em participar.<\/p>\n<p>No encontro ser\u00e1 apresentada pela primeira vez em terras brasileiras a Manta criada com os 71 retalhos, vindos de Portugal, Espanha, Brasil, Fran\u00e7a e Su\u00ed\u00e7a. &#8220;Algumas das mulheres brasileiras que fizeram parte do projeto, enviando os seus retalhos, ter\u00e3o a oportunidade de encontrar com a Manta neste encontro no Recife, que tamb\u00e9m est\u00e1 aberto \u00e0 chegada de outras mulheres com seus retalhos&#8221;, conta Neusa Rodrigues, uma das criadoras do projeto, e quem guiar\u00e1 esta roda presencial.<\/p>\n<figure id=\"attachment_44045\" aria-describedby=\"caption-attachment-44045\" style=\"width: 417px\" class=\"wp-caption alignleft\"><img decoding=\"async\" loading=\"lazy\" class=\"wp-image-44045\" src=\"https:\/\/portalfloresnoar.com\/floresnoar\/wp-content\/uploads\/2023\/09\/projeto-manta-de-retalhos.jpg\" alt=\"\" width=\"417\" height=\"278\" srcset=\"https:\/\/portalfloresnoar.com\/floresnoar\/wp-content\/uploads\/2023\/09\/projeto-manta-de-retalhos.jpg 700w, https:\/\/portalfloresnoar.com\/floresnoar\/wp-content\/uploads\/2023\/09\/projeto-manta-de-retalhos-300x200.jpg 300w\" sizes=\"(max-width: 417px) 100vw, 417px\" \/><figcaption id=\"caption-attachment-44045\" class=\"wp-caption-text\">Neusa Rodrigues e Catarina Ferreira, do projeto Tanto Mar, durante o Retiro Cerimonial de Nascimento da Manta, em Portugal<\/figcaption><\/figure>\n<p><strong>SOBRE O PROJETO MANTA DE RETALHOS TANTO MAR<\/strong><br \/>\nO Manta de Retalhos nasceu dos C\u00edrculos de Mulheres que fazem parte do projeto Tanto Mar, criado em dezembro de 2021. &#8220;Surgiu da nossa vontade de celebrar e honrar a magia que acontece sempre que as mulheres se sentam em roda. Pensamos que uma forma simb\u00f3lica de materializar este sonho seria a produ\u00e7\u00e3o e a costura de retalhos de mulheres de v\u00e1rias partes do mundo. Depressa esta ideia galgou os nossos c\u00edrculos, tornando-se uma proposta aberta a todas as mulheres que queiram participar, individualmente ou em grupo\u201d, contam as idealizadoras do projeto Catarina Ferreira e Neusa Rodrigues.<\/p>\n<p>Acontece assim: cada mulher cria um retalho, num quadrado de 20 cent\u00edmetros, escolhendo as t\u00e9cnicas e materiais que entender, n\u00e3o sendo necess\u00e1rio ser bordadeira ou tecedeira, apenas ter vontade e criatividade.<\/p>\n<p>Num retiro cerimonial realizado em junho de 2023, na Courela da Freixeirinha, interior de Portugal, os 71 retalhos enviados por mulheres de v\u00e1rias localidades foram costurados coletivamente. Agora, no Recife, a Manta receber\u00e1 novos retalhos e, provavelmente em outubro, vai voltar para Portugal, seguindo para Espanha, onde encontrar\u00e1 v\u00e1rias mulheres que participaram com seu retalho.<\/p>\n<p>&#8220;Nossa ideia \u00e9 que a Manta passe por todos os lugares onde h\u00e1 mulheres que participaram&#8221;, conta Neusa, acrescentando: &#8220;A Manta \u00e9 um objeto vivo, fruto do trabalho e dedica\u00e7\u00e3o de todas, uma homenagem ao poder do c\u00edrculo e \u00e0s bravas guerreiras que resistem, persistindo nesta postura de sororidade, partilha e crescimento conjunto&#8221;.<\/p>\n<p>PROGRAMA\u00c7\u00c3O DO ENCONTRO PRESENCIAL NO RECIFE<br \/>\n&#8211; Recep\u00e7\u00e3o das mulheres<br \/>\n&#8211; Medita\u00e7\u00e3o guiada<br \/>\n&#8211; Apresenta\u00e7\u00e3o do projeto<br \/>\n&#8211; Partilhas<br \/>\n&#8211; Mostrado v\u00eddeo do Retiro Cerimonial de Nascimento da Manta<br \/>\n&#8211; Lanche<br \/>\n&#8211; Costura dos novos retalhos na Manta<\/p>\n<p>SERVI\u00c7O<br \/>\n<strong>Encontro presencial &#8216;Manta de Retalhos&#8217;<\/strong><br \/>\n<strong>Data:<\/strong> 23\/09\/2023 (S\u00e1bado)<br \/>\n<strong>Hor\u00e1rio:<\/strong> 10h \u00e0s 14h<br \/>\n<strong>Local:<\/strong> Espa\u00e7o Corpo Vida &#8211; Rua das Gra\u00e7as, 68, Gra\u00e7as, Recife\/PE<br \/>\n<strong>Investimento:<\/strong> R$ 150,00<\/p>\n<p>INSCRI\u00c7\u00d5ES E MAIS INFORMA\u00c7\u00d5ES:<br \/>\n<strong>Telefone\/ WhatsApp:<\/strong>\u00a081 98576-6396<br \/>\n<strong>E-mail:<\/strong>\u00a0circulos.tantomar@gmail.com<br \/>\n<strong>Instagram:<\/strong>\u00a0<a href=\"https:\/\/www.instagram.com\/tantomar_\/\" target=\"_blank\" rel=\"noopener\">@tantomar_<\/a><br \/>\n<strong>Blog:<\/strong>\u00a0<a href=\"https:\/\/projetotantomar.blogspot.com\/\" target=\"_blank\" rel=\"noopener\">https:\/\/projetotantomar.blogspot.com<\/a> \/ <a href=\"https:\/\/projetomantaderetalhos.blogspot.com\" target=\"_blank\" rel=\"noopener\">https:\/\/projetomantaderetalhos.blogspot.com<\/a><\/p>\n","protected":false},"excerpt":{"rendered":"<p>No dia em que chega a Primavera c\u00e1 no Hemisf\u00e9rio Sul &#8211; 23 de setembro &#8211; ser\u00e1 realizado no Recife o encontro presencial &#8216;Manta de Retalhos&#8217; do projeto Tanto Mar. O evento ser\u00e1 das 10h \u00e0s 14h no Espa\u00e7o Corpo Vida, no bairro das Gra\u00e7as, e \u00e9 aberto a todas as mulheres interessadas em participar. [&hellip;]<\/p>\n","protected":false},"author":1,"featured_media":44106,"comment_status":"open","ping_status":"open","sticky":false,"template":"","format":"standard","meta":{"om_disable_all_campaigns":false,"_monsterinsights_skip_tracking":false,"_monsterinsights_sitenote_active":false,"_monsterinsights_sitenote_note":"","_monsterinsights_sitenote_category":0,"footnotes":""},"categories":[8,214],"tags":[355,358,770,1264,238],"acf":[],"publishpress_future_action":{"enabled":false,"date":"1969-12-31 21:00:00","action":"","terms":[],"taxonomy":"","browser_timezone_offset":0},"_links":{"self":[{"href":"https:\/\/portalfloresnoar.com\/floresnoar\/wp-json\/wp\/v2\/posts\/44042"}],"collection":[{"href":"https:\/\/portalfloresnoar.com\/floresnoar\/wp-json\/wp\/v2\/posts"}],"about":[{"href":"https:\/\/portalfloresnoar.com\/floresnoar\/wp-json\/wp\/v2\/types\/post"}],"author":[{"embeddable":true,"href":"https:\/\/portalfloresnoar.com\/floresnoar\/wp-json\/wp\/v2\/users\/1"}],"replies":[{"embeddable":true,"href":"https:\/\/portalfloresnoar.com\/floresnoar\/wp-json\/wp\/v2\/comments?post=44042"}],"version-history":[{"count":7,"href":"https:\/\/portalfloresnoar.com\/floresnoar\/wp-json\/wp\/v2\/posts\/44042\/revisions"}],"predecessor-version":[{"id":44108,"href":"https:\/\/portalfloresnoar.com\/floresnoar\/wp-json\/wp\/v2\/posts\/44042\/revisions\/44108"}],"wp:featuredmedia":[{"embeddable":true,"href":"https:\/\/portalfloresnoar.com\/floresnoar\/wp-json\/wp\/v2\/media\/44106"}],"wp:attachment":[{"href":"https:\/\/portalfloresnoar.com\/floresnoar\/wp-json\/wp\/v2\/media?parent=44042"}],"wp:term":[{"taxonomy":"category","embeddable":true,"href":"https:\/\/portalfloresnoar.com\/floresnoar\/wp-json\/wp\/v2\/categories?post=44042"},{"taxonomy":"post_tag","embeddable":true,"href":"https:\/\/portalfloresnoar.com\/floresnoar\/wp-json\/wp\/v2\/tags?post=44042"}],"curies":[{"name":"wp","href":"https:\/\/api.w.org\/{rel}","templated":true}]}}