

{"id":43915,"date":"2023-08-28T09:42:08","date_gmt":"2023-08-28T12:42:08","guid":{"rendered":"http:\/\/portalfloresnoar.com\/floresnoar\/?p=43915"},"modified":"2023-08-28T10:12:11","modified_gmt":"2023-08-28T13:12:11","slug":"artigo-saboreando-a-vida","status":"publish","type":"post","link":"https:\/\/portalfloresnoar.com\/floresnoar\/artigo-saboreando-a-vida\/","title":{"rendered":"[ARTIGO] Saboreando a vida"},"content":{"rendered":"<figure id=\"attachment_43918\" aria-describedby=\"caption-attachment-43918\" style=\"width: 313px\" class=\"wp-caption alignleft\"><img decoding=\"async\" loading=\"lazy\" class=\"wp-image-43918\" src=\"http:\/\/portalfloresnoar.com\/floresnoar\/wp-content\/uploads\/2023\/08\/ilustracao-joao-carlos-paretti-640x700.jpeg\" alt=\"\" width=\"313\" height=\"342\" srcset=\"https:\/\/portalfloresnoar.com\/floresnoar\/wp-content\/uploads\/2023\/08\/ilustracao-joao-carlos-paretti-640x700.jpeg 640w, https:\/\/portalfloresnoar.com\/floresnoar\/wp-content\/uploads\/2023\/08\/ilustracao-joao-carlos-paretti-274x300.jpeg 274w, https:\/\/portalfloresnoar.com\/floresnoar\/wp-content\/uploads\/2023\/08\/ilustracao-joao-carlos-paretti-768x840.jpeg 768w, https:\/\/portalfloresnoar.com\/floresnoar\/wp-content\/uploads\/2023\/08\/ilustracao-joao-carlos-paretti.jpeg 1068w\" sizes=\"(max-width: 313px) 100vw, 313px\" \/><figcaption id=\"caption-attachment-43918\" class=\"wp-caption-text\">Ilustra\u00e7\u00e3o: Jo\u00e3o Carlos Paretti<\/figcaption><\/figure>\n<p>| <em>Por Jo\u00e3o Carlos Paretti<\/em> *|<\/p>\n<p>Recentemente completei 63 anos. Uma amiga me disse que \u00e9 a idade do s\u00e1bio, segundo a Antroposofia. Mas o que \u00e9 ser s\u00e1bio?<\/p>\n<p>V\u00e1rios pensamentos me surgiram!<\/p>\n<p>Em algum lugar ouvi dizer que pa\u00edses evolu\u00eddos cuidam de seus anci\u00e3os. Tive o privilegio de estar em Taiwan e ver jovens dando massagem em seus idosos nas cal\u00e7adas, como parte de atividades corriqueiras do dia a dia. Tamb\u00e9m vi reportagem sobre como a cultura japonesa respeita seus idosos.<\/p>\n<p>Mas a idade \u00e9 sin\u00f4nimo de sabedoria? Claro que n\u00e3o, pois vi e tenho visto v\u00e1rios idiotas idosos em meu pa\u00eds.<\/p>\n<p>Tamb\u00e9m me lembrei da s\u00e9rie televisiva &#8216;Cosmos&#8217;, onde Carl Sagan, mostrando uma gigantesca biblioteca, referia-se ao conhecimento acumulado da humanidade, dizendo que, se pudesse ler 24 horas por dia, uma vida n\u00e3o chegaria nem perto de ler tudo o que se tinha descoberto at\u00e9 ent\u00e3o. Ele conclu\u00eda dizendo que dever\u00edamos ler somente os livros que teriam real import\u00e2ncia para nossa pequena exist\u00eancia.<\/p>\n<p>Ent\u00e3o sabedoria \u00e9 sin\u00f4nimo de conhecimento? Com certeza n\u00e3o, pois muitas pessoas cultas n\u00e3o s\u00e3o sabias. Aqui me lembro da fil\u00f3sofa Lucia Helena Galv\u00e3o falando que &#8220;intelig\u00eancia \u00e9 a arte da escolha&#8221;. Do latim: <em>Intelligere<\/em>, saber escolher (<em>intus<\/em> = entre\/ <em>legere<\/em> = escolher).<\/p>\n<p>Assim, saber escolher que livros ler, que escolhas fazer na vida, que caminhos tomar, \u00e9 ser inteligente. Mas isto basta para se ser s\u00e1bio? N\u00e3o, \u00e9 preciso saber escolher, e para escolher tem que ter sabor (saborear, do latim, vem de saber).<\/p>\n<p>Se as escolhas que fazemos n\u00e3o nos levam para o centro de nosso Ser, estaremos desperdi\u00e7ando nossa energia e n\u00e3o acessaremos o saborear da vida.<\/p>\n<p><img decoding=\"async\" loading=\"lazy\" class=\"aligncenter size-full wp-image-43916\" src=\"http:\/\/portalfloresnoar.com\/floresnoar\/wp-content\/uploads\/2023\/08\/escolhas.jpg\" alt=\"\" width=\"648\" height=\"196\" srcset=\"https:\/\/portalfloresnoar.com\/floresnoar\/wp-content\/uploads\/2023\/08\/escolhas.jpg 648w, https:\/\/portalfloresnoar.com\/floresnoar\/wp-content\/uploads\/2023\/08\/escolhas-300x91.jpg 300w\" sizes=\"(max-width: 648px) 100vw, 648px\" \/><\/p>\n<p>Mas se convergem para o nosso Self (Norte), ent\u00e3o seremos s\u00e1bios, pois teremos constru\u00eddo o nosso entorno que d\u00e1\u00a0estrutura \u00e0 vida, e poderemos saborear cada instante vivido em conson\u00e2ncia com nosso SER.<\/p>\n<p><img decoding=\"async\" loading=\"lazy\" class=\"aligncenter size-full wp-image-43917\" src=\"http:\/\/portalfloresnoar.com\/floresnoar\/wp-content\/uploads\/2023\/08\/saborear-a-vida.jpg\" alt=\"\" width=\"378\" height=\"291\" srcset=\"https:\/\/portalfloresnoar.com\/floresnoar\/wp-content\/uploads\/2023\/08\/saborear-a-vida.jpg 378w, https:\/\/portalfloresnoar.com\/floresnoar\/wp-content\/uploads\/2023\/08\/saborear-a-vida-300x231.jpg 300w\" sizes=\"(max-width: 378px) 100vw, 378px\" \/><\/p>\n<p><em>* Jo\u00e3o Carlos Paretti \u00e9 facilitador Didata em Biodan\u00e7a, consultor de I-Ching e terapeuta Junguiano<\/em><br \/>\n<strong>Contatos<\/strong>: (81) 9 9828-2249 (Tim e WhatsApp)\/ E-mail: jcparetti@hotmail.com<\/p>\n<p><strong>Mais informa\u00e7\u00f5es:\u00a0<\/strong><a href=\"http:\/\/portalfloresnoar.com\/floresnoar\/agenda-consultas-ao-i-ching-e-psicoterapia-junguiana-on-line-com-joao-carlos-paretti\/\" target=\"_blank\" rel=\"noopener\">http:\/\/portalfloresnoar.com\/floresnoar\/agenda-consultas-ao-i-ching-e-psicoterapia-junguiana-on-line-com-joao-carlos-paretti\/<\/a><\/p>\n<p>&nbsp;<\/p>\n","protected":false},"excerpt":{"rendered":"<p>| Por Jo\u00e3o Carlos Paretti *| Recentemente completei 63 anos. Uma amiga me disse que \u00e9 a idade do s\u00e1bio, segundo a Antroposofia. Mas o que \u00e9 ser s\u00e1bio? V\u00e1rios pensamentos me surgiram! Em algum lugar ouvi dizer que pa\u00edses evolu\u00eddos cuidam de seus anci\u00e3os. Tive o privilegio de estar em Taiwan e ver jovens [&hellip;]<\/p>\n","protected":false},"author":1,"featured_media":43919,"comment_status":"open","ping_status":"open","sticky":false,"template":"","format":"standard","meta":{"om_disable_all_campaigns":false,"_monsterinsights_skip_tracking":false,"_monsterinsights_sitenote_active":false,"_monsterinsights_sitenote_note":"","_monsterinsights_sitenote_category":0,"footnotes":""},"categories":[10],"tags":[499,136,1415,58],"acf":[],"publishpress_future_action":{"enabled":false,"date":"1969-12-31 21:00:00","action":"","terms":[],"taxonomy":"","browser_timezone_offset":0},"_links":{"self":[{"href":"https:\/\/portalfloresnoar.com\/floresnoar\/wp-json\/wp\/v2\/posts\/43915"}],"collection":[{"href":"https:\/\/portalfloresnoar.com\/floresnoar\/wp-json\/wp\/v2\/posts"}],"about":[{"href":"https:\/\/portalfloresnoar.com\/floresnoar\/wp-json\/wp\/v2\/types\/post"}],"author":[{"embeddable":true,"href":"https:\/\/portalfloresnoar.com\/floresnoar\/wp-json\/wp\/v2\/users\/1"}],"replies":[{"embeddable":true,"href":"https:\/\/portalfloresnoar.com\/floresnoar\/wp-json\/wp\/v2\/comments?post=43915"}],"version-history":[{"count":0,"href":"https:\/\/portalfloresnoar.com\/floresnoar\/wp-json\/wp\/v2\/posts\/43915\/revisions"}],"wp:featuredmedia":[{"embeddable":true,"href":"https:\/\/portalfloresnoar.com\/floresnoar\/wp-json\/wp\/v2\/media\/43919"}],"wp:attachment":[{"href":"https:\/\/portalfloresnoar.com\/floresnoar\/wp-json\/wp\/v2\/media?parent=43915"}],"wp:term":[{"taxonomy":"category","embeddable":true,"href":"https:\/\/portalfloresnoar.com\/floresnoar\/wp-json\/wp\/v2\/categories?post=43915"},{"taxonomy":"post_tag","embeddable":true,"href":"https:\/\/portalfloresnoar.com\/floresnoar\/wp-json\/wp\/v2\/tags?post=43915"}],"curies":[{"name":"wp","href":"https:\/\/api.w.org\/{rel}","templated":true}]}}