

{"id":43896,"date":"2023-03-02T16:10:59","date_gmt":"2023-03-02T19:10:59","guid":{"rendered":"http:\/\/portalfloresnoar.com\/floresnoar\/?p=43896"},"modified":"2023-09-04T10:00:15","modified_gmt":"2023-09-04T13:00:15","slug":"agenda-pe-turne-ba-ko-burkina-brasil-aporta-na-casa-astral-no-recife-de-2808-a-0309","status":"publish","type":"post","link":"https:\/\/portalfloresnoar.com\/floresnoar\/agenda-pe-turne-ba-ko-burkina-brasil-aporta-na-casa-astral-no-recife-de-2808-a-0309\/","title":{"rendered":"[AGENDA PE] Turn\u00ea &#8216;Ba-k\u00f4 Burkina Brasil&#8217; aporta na Casa Astral, no Recife, de 28\/08 a 03\/09"},"content":{"rendered":"<p><img decoding=\"async\" loading=\"lazy\" class=\"aligncenter wp-image-43898 \" src=\"http:\/\/portalfloresnoar.com\/floresnoar\/wp-content\/uploads\/2023\/08\/Ba-k\u00f4-Burkina-Brasil-700x696.jpeg\" alt=\"\" width=\"601\" height=\"598\" srcset=\"https:\/\/portalfloresnoar.com\/floresnoar\/wp-content\/uploads\/2023\/08\/Ba-k\u00f4-Burkina-Brasil-700x696.jpeg 700w, https:\/\/portalfloresnoar.com\/floresnoar\/wp-content\/uploads\/2023\/08\/Ba-k\u00f4-Burkina-Brasil-300x298.jpeg 300w, https:\/\/portalfloresnoar.com\/floresnoar\/wp-content\/uploads\/2023\/08\/Ba-k\u00f4-Burkina-Brasil-150x150.jpeg 150w, https:\/\/portalfloresnoar.com\/floresnoar\/wp-content\/uploads\/2023\/08\/Ba-k\u00f4-Burkina-Brasil-100x100.jpeg 100w, https:\/\/portalfloresnoar.com\/floresnoar\/wp-content\/uploads\/2023\/08\/Ba-k\u00f4-Burkina-Brasil.jpeg 716w\" sizes=\"(max-width: 601px) 100vw, 601px\" \/><\/p>\n<p>De 28 de agosto a 03 de setembro de 2023, a turn\u00ea &#8216;Ba-k\u00f4 Burkina Brasil&#8217; aporta na Casa Astral, no Recife, com uma programa\u00e7\u00e3o com apresenta\u00e7\u00f5es, viv\u00eancias e consultas.&#8217;Ba-k\u00f4 Burkina Brasil&#8217; \u00e9 uma ponte art\u00edstico-cultural criada pela artista Laura Tamiana (Brasil) em parceria com o contador de hist\u00f3rias Fran\u00e7ois Mo\u00efse Bamba (Burkina Faso). Desde 2017 eles realizam a\u00e7\u00f5es entre os dois pa\u00edses e, desta vez, comp\u00f5e tamb\u00e9m a turn\u00ea o multi instrumentista Konomb\u00e1 Traor\u00e9, artista que recebe o t\u00edtulo de tesouro vivo de Burkina Faso.<\/p>\n<p>Al\u00e9m do Recife, faz parte da programa\u00e7\u00e3o da turn\u00ea atividades em Natal (RN), Rio de Janeiro (RJ) e S\u00e3o Pedro da Serra (RJ). A vinda dos artistas do Burkina Faso para o Brasil se realizou gra\u00e7as ao projeto Dunas &#8211; territ\u00f3rios de cria\u00e7\u00e3o colaborativa. As programa\u00e7\u00f5es no Recife, Rio e S\u00e3o Pedro da Serra s\u00e3o organizadas de forma independente, gra\u00e7as a parcerias e contribui\u00e7\u00f5es do p\u00fablico. Organiza\u00e7\u00e3o e produ\u00e7\u00e3o da turn\u00ea no Brasil: Terreiro Produ\u00e7\u00f5es.<\/p>\n<p><strong>CONFIRA ABAIXO A PROGRAMA\u00c7\u00c3O NO RECIFE:<\/strong><\/p>\n<p>&gt;&gt;&gt; <strong>Dia 28\/08 (segunda-feira)<\/strong>, \u00e0s 20h<br \/>\n<strong><em>Apresenta\u00e7\u00e3o:<\/em> M\u00fasicas e Contos do Burkina Faso<\/strong>, com Konomb\u00e1 Traor\u00e9 e Fran\u00e7ois Mo\u00efse Bamba (participa\u00e7\u00e3o: Laura Tamiana)<\/p>\n<p>&gt;&gt;&gt; <strong>Dia 30\/08 (quarta-feira)<\/strong>, das 19h \u00e0s 21h30<br \/>\n<strong><em>Viv\u00eancia:<\/em> Espiritualidade Tradicional Africana<\/strong>, com Konomb\u00e1 Traor\u00e9 (media\u00e7\u00e3o: Fran\u00e7ois Mo\u00efse Bamba e Laura Tamiana)<\/p>\n<p>&gt;&gt;&gt; <strong>Dia 01\/09 (sexta-feira)<\/strong>, hor\u00e1rios agendados<br \/>\n<strong><em>Atendimentos individuais<\/em>: Consultas Espirituais com Konomb\u00e1 Traor\u00e9<\/strong><\/p>\n<p>&gt;&gt;&gt; <strong>Dia 02\/09 (s\u00e1bado)<\/strong>, \u00e0s 20h<br \/>\n<strong><em>Show:<\/em> Lunar<\/strong> (Laura Tamiana e banda, com participa\u00e7\u00e3o dos artistas do Burkina Faso)<\/p>\n<p>&gt;&gt;&gt; <strong>Dia 03\/09 (domingo)<\/strong>, das 10h \u00e0s 18h<br \/>\n<strong><em>Oficina:<\/em> M\u00fasica Tradicional e Oralidade na \u00c1frica Ocidental<\/strong><\/p>\n<p>&nbsp;<\/p>\n<p><strong>Local das atividades:<\/strong>\u00a0Casa Astral \u2013 Rua Joaquim Xavier de Andrade, 104, Po\u00e7o da Panela, Recife\/PE<\/p>\n<p><strong>INSCRI\u00c7\u00d5ES E INGRESSOS<\/strong><br \/>\n<strong>WhatsApp:\u00a0<\/strong>81 98751-2336 (Guida Gomes)<\/p>\n<p><img decoding=\"async\" loading=\"lazy\" class=\"aligncenter wp-image-43913\" src=\"http:\/\/portalfloresnoar.com\/floresnoar\/wp-content\/uploads\/2023\/08\/WhatsApp-Image-2023-08-27-at-10.26.03-700x700.jpeg\" alt=\"\" width=\"570\" height=\"570\" srcset=\"https:\/\/portalfloresnoar.com\/floresnoar\/wp-content\/uploads\/2023\/08\/WhatsApp-Image-2023-08-27-at-10.26.03-700x700.jpeg 700w, https:\/\/portalfloresnoar.com\/floresnoar\/wp-content\/uploads\/2023\/08\/WhatsApp-Image-2023-08-27-at-10.26.03-300x300.jpeg 300w, https:\/\/portalfloresnoar.com\/floresnoar\/wp-content\/uploads\/2023\/08\/WhatsApp-Image-2023-08-27-at-10.26.03-150x150.jpeg 150w, https:\/\/portalfloresnoar.com\/floresnoar\/wp-content\/uploads\/2023\/08\/WhatsApp-Image-2023-08-27-at-10.26.03-768x768.jpeg 768w, https:\/\/portalfloresnoar.com\/floresnoar\/wp-content\/uploads\/2023\/08\/WhatsApp-Image-2023-08-27-at-10.26.03-100x100.jpeg 100w, https:\/\/portalfloresnoar.com\/floresnoar\/wp-content\/uploads\/2023\/08\/WhatsApp-Image-2023-08-27-at-10.26.03.jpeg 1280w\" sizes=\"(max-width: 570px) 100vw, 570px\" \/><\/p>\n<p><img decoding=\"async\" loading=\"lazy\" class=\"aligncenter wp-image-43912\" src=\"http:\/\/portalfloresnoar.com\/floresnoar\/wp-content\/uploads\/2023\/08\/WhatsApp-Image-2023-08-27-at-10.26.03-1-700x700.jpeg\" alt=\"\" width=\"569\" height=\"569\" srcset=\"https:\/\/portalfloresnoar.com\/floresnoar\/wp-content\/uploads\/2023\/08\/WhatsApp-Image-2023-08-27-at-10.26.03-1-700x700.jpeg 700w, https:\/\/portalfloresnoar.com\/floresnoar\/wp-content\/uploads\/2023\/08\/WhatsApp-Image-2023-08-27-at-10.26.03-1-300x300.jpeg 300w, https:\/\/portalfloresnoar.com\/floresnoar\/wp-content\/uploads\/2023\/08\/WhatsApp-Image-2023-08-27-at-10.26.03-1-150x150.jpeg 150w, https:\/\/portalfloresnoar.com\/floresnoar\/wp-content\/uploads\/2023\/08\/WhatsApp-Image-2023-08-27-at-10.26.03-1-768x768.jpeg 768w, https:\/\/portalfloresnoar.com\/floresnoar\/wp-content\/uploads\/2023\/08\/WhatsApp-Image-2023-08-27-at-10.26.03-1-100x100.jpeg 100w, https:\/\/portalfloresnoar.com\/floresnoar\/wp-content\/uploads\/2023\/08\/WhatsApp-Image-2023-08-27-at-10.26.03-1.jpeg 1280w\" sizes=\"(max-width: 569px) 100vw, 569px\" \/><\/p>\n<p><img decoding=\"async\" loading=\"lazy\" class=\"aligncenter wp-image-43911\" src=\"http:\/\/portalfloresnoar.com\/floresnoar\/wp-content\/uploads\/2023\/08\/WhatsApp-Image-2023-08-27-at-10.26.03-2-700x700.jpeg\" alt=\"\" width=\"569\" height=\"569\" srcset=\"https:\/\/portalfloresnoar.com\/floresnoar\/wp-content\/uploads\/2023\/08\/WhatsApp-Image-2023-08-27-at-10.26.03-2-700x700.jpeg 700w, https:\/\/portalfloresnoar.com\/floresnoar\/wp-content\/uploads\/2023\/08\/WhatsApp-Image-2023-08-27-at-10.26.03-2-300x300.jpeg 300w, https:\/\/portalfloresnoar.com\/floresnoar\/wp-content\/uploads\/2023\/08\/WhatsApp-Image-2023-08-27-at-10.26.03-2-150x150.jpeg 150w, https:\/\/portalfloresnoar.com\/floresnoar\/wp-content\/uploads\/2023\/08\/WhatsApp-Image-2023-08-27-at-10.26.03-2-768x768.jpeg 768w, https:\/\/portalfloresnoar.com\/floresnoar\/wp-content\/uploads\/2023\/08\/WhatsApp-Image-2023-08-27-at-10.26.03-2-100x100.jpeg 100w, https:\/\/portalfloresnoar.com\/floresnoar\/wp-content\/uploads\/2023\/08\/WhatsApp-Image-2023-08-27-at-10.26.03-2.jpeg 1280w\" sizes=\"(max-width: 569px) 100vw, 569px\" \/><\/p>\n","protected":false},"excerpt":{"rendered":"<p>De 28 de agosto a 03 de setembro de 2023, a turn\u00ea &#8216;Ba-k\u00f4 Burkina Brasil&#8217; aporta na Casa Astral, no Recife, com uma programa\u00e7\u00e3o com apresenta\u00e7\u00f5es, viv\u00eancias e consultas.&#8217;Ba-k\u00f4 Burkina Brasil&#8217; \u00e9 uma ponte art\u00edstico-cultural criada pela artista Laura Tamiana (Brasil) em parceria com o contador de hist\u00f3rias Fran\u00e7ois Mo\u00efse Bamba (Burkina Faso). Desde 2017 [&hellip;]<\/p>\n","protected":false},"author":1,"featured_media":43897,"comment_status":"open","ping_status":"open","sticky":false,"template":"","format":"standard","meta":{"om_disable_all_campaigns":false,"_monsterinsights_skip_tracking":false,"_monsterinsights_sitenote_active":false,"_monsterinsights_sitenote_note":"","_monsterinsights_sitenote_category":0,"footnotes":""},"categories":[8,224,214],"tags":[1413,1414],"acf":[],"publishpress_future_action":{"enabled":false,"date":"1969-12-31 21:00:00","action":"","terms":[],"taxonomy":"","browser_timezone_offset":0},"_links":{"self":[{"href":"https:\/\/portalfloresnoar.com\/floresnoar\/wp-json\/wp\/v2\/posts\/43896"}],"collection":[{"href":"https:\/\/portalfloresnoar.com\/floresnoar\/wp-json\/wp\/v2\/posts"}],"about":[{"href":"https:\/\/portalfloresnoar.com\/floresnoar\/wp-json\/wp\/v2\/types\/post"}],"author":[{"embeddable":true,"href":"https:\/\/portalfloresnoar.com\/floresnoar\/wp-json\/wp\/v2\/users\/1"}],"replies":[{"embeddable":true,"href":"https:\/\/portalfloresnoar.com\/floresnoar\/wp-json\/wp\/v2\/comments?post=43896"}],"version-history":[{"count":2,"href":"https:\/\/portalfloresnoar.com\/floresnoar\/wp-json\/wp\/v2\/posts\/43896\/revisions"}],"predecessor-version":[{"id":44004,"href":"https:\/\/portalfloresnoar.com\/floresnoar\/wp-json\/wp\/v2\/posts\/43896\/revisions\/44004"}],"wp:featuredmedia":[{"embeddable":true,"href":"https:\/\/portalfloresnoar.com\/floresnoar\/wp-json\/wp\/v2\/media\/43897"}],"wp:attachment":[{"href":"https:\/\/portalfloresnoar.com\/floresnoar\/wp-json\/wp\/v2\/media?parent=43896"}],"wp:term":[{"taxonomy":"category","embeddable":true,"href":"https:\/\/portalfloresnoar.com\/floresnoar\/wp-json\/wp\/v2\/categories?post=43896"},{"taxonomy":"post_tag","embeddable":true,"href":"https:\/\/portalfloresnoar.com\/floresnoar\/wp-json\/wp\/v2\/tags?post=43896"}],"curies":[{"name":"wp","href":"https:\/\/api.w.org\/{rel}","templated":true}]}}