

{"id":43744,"date":"2023-02-25T11:57:59","date_gmt":"2023-02-25T14:57:59","guid":{"rendered":"http:\/\/portalfloresnoar.com\/floresnoar\/?p=43744"},"modified":"2023-08-01T09:25:11","modified_gmt":"2023-08-01T12:25:11","slug":"agenda-pe-inscricoes-para-o-projeto-lab-artesas-vao-ate-o-dia-3107","status":"publish","type":"post","link":"https:\/\/portalfloresnoar.com\/floresnoar\/agenda-pe-inscricoes-para-o-projeto-lab-artesas-vao-ate-o-dia-3107\/","title":{"rendered":"[AGENDA PE] Inscri\u00e7\u00f5es para o projeto Lab Artes\u00e3s v\u00e3o at\u00e9 o dia 31\/07!"},"content":{"rendered":"<p><img decoding=\"async\" loading=\"lazy\" class=\"wp-image-43672 alignleft\" src=\"http:\/\/portalfloresnoar.com\/floresnoar\/wp-content\/uploads\/2023\/07\/lab-artesas-chamada-publica-700x700.jpg\" alt=\"\" width=\"405\" height=\"405\" srcset=\"https:\/\/portalfloresnoar.com\/floresnoar\/wp-content\/uploads\/2023\/07\/lab-artesas-chamada-publica-700x700.jpg 700w, https:\/\/portalfloresnoar.com\/floresnoar\/wp-content\/uploads\/2023\/07\/lab-artesas-chamada-publica-300x300.jpg 300w, https:\/\/portalfloresnoar.com\/floresnoar\/wp-content\/uploads\/2023\/07\/lab-artesas-chamada-publica-150x150.jpg 150w, https:\/\/portalfloresnoar.com\/floresnoar\/wp-content\/uploads\/2023\/07\/lab-artesas-chamada-publica-768x768.jpg 768w, https:\/\/portalfloresnoar.com\/floresnoar\/wp-content\/uploads\/2023\/07\/lab-artesas-chamada-publica-100x100.jpg 100w, https:\/\/portalfloresnoar.com\/floresnoar\/wp-content\/uploads\/2023\/07\/lab-artesas-chamada-publica.jpg 1080w\" sizes=\"(max-width: 405px) 100vw, 405px\" \/>Est\u00e3o abertas, at\u00e9 a pr\u00f3xima segunda-feira (31\/07), as inscri\u00e7\u00f5es para participa\u00e7\u00e3o no processo de sele\u00e7\u00e3o do projeto Lab Artes\u00e3s.<\/p>\n<p>O projeto \u2013 realizado pela Casa Astral, em parceria com o Programa de Economia Criativa do Sebrae &#8211; ir\u00e1 selecionar quatro artes\u00e3s que manejem t\u00e9cnicas diversas, para integrarem um espa\u00e7o de experimenta\u00e7\u00f5es criativas, compartilhando, intercambiando e agregando saberes.<\/p>\n<p>De acordo com Guida Gomes, gestora da Casa Astral e coordenadora do projeto, o objetivo do Lab Artes\u00e3s \u00e9 proporcionar a viv\u00eancia coletiva, intergeracional e criativa entre mulheres artes\u00e3s de diversas origens, idades e pr\u00e1ticas artesanais. &#8220;A iniciativa funcionar\u00e1 como um laborat\u00f3rio de experimentos, visando gerar novos produtos artesanais &#8211; assim como aperfei\u00e7oar produtos j\u00e1 existentes -, com m\u00e9todos que agreguem novos significados, inspirando um fazer mais colaborativo e inovador, que ative um olhar atento para temas como: engajamento feminino, reaproveitamento de materiais, estudos de casos, testes e produ\u00e7\u00e3o em rede&#8221;.<\/p>\n<p>O projeto selecionar\u00e1 04 mulheres artes\u00e3s, com idades a partir dos 21 anos, que desenvolvam pr\u00e1ticas artesanais comprovadas, e tenham disponibilidade para encontros presenciais &#8211; nos meses de agosto, setembro e outubro de 2023, no Recife. Ser\u00e3o realizados, ao todo, 12 encontros, sendo 06 encontros presenciais e 06 encontros on-line. Para participar da sele\u00e7\u00e3o, \u00e9 necess\u00e1rio que a artes\u00e3 esteja inscrita no Sistema de Informa\u00e7\u00f5es Cadastrais do Artesanato Brasileiro (SICAB).<\/p>\n<p>AS ARTES\u00c3S SELECIONADAS PARTICIPAR\u00c3O DE:<br \/>\n<strong>&gt;&gt;&gt; 02 consultorias pr\u00e1ticas:<\/strong><br \/>\n1. Desenvolvimento de projetos e servi\u00e7os com o Empreendedorismo Criativo.<br \/>\n2. Constru\u00e7\u00e3o de Processos Criativos em Rede.<\/p>\n<p><strong>&gt;&gt;&gt; Rodas de di\u00e1logos e viv\u00eancias criativas<\/strong>, por meio de ferramentas l\u00fadicas, fortalecendo as participantes com a troca de experi\u00eancias e relatos do hist\u00f3rico criativo.<\/p>\n<p><strong>&gt;&gt;&gt; Encontros para produ\u00e7\u00e3o coletiva dos produtos\/experimentos.<\/strong><\/p>\n<p>O PROJETO CONTEMPLA TAMB\u00c9M:<br \/>\n<strong>&gt;&gt;&gt; Divulga\u00e7\u00e3o das a\u00e7\u00f5es das participantes<\/strong> nas redes sociais do projeto e da rede de parceiras envolvidas na constru\u00e7\u00e3o da proposta, a exemplo do Portal Flores no Ar.<\/p>\n<p><strong>&gt;&gt;&gt; Cria\u00e7\u00e3o e finaliza\u00e7\u00e3o de 04 produtos\/experimentos<\/strong>, que ser\u00e3o adquiridos pela organiza\u00e7\u00e3o do projeto, no valor de R$ 600,00 cada produto\/experimento.<\/p>\n<p>A Casa Astral \u00e9 um espa\u00e7o independente que tem como miss\u00e3o promover e acolher experi\u00eancias conectadas \u00e0 simplicidade, \u00e0 arte, \u00e0 cultura, \u00e0s viv\u00eancias hol\u00edsticas, \u00e0 sustentabilidade, ao protagonismo feminino e \u00e0 ancestralidade, contribuindo para rela\u00e7\u00f5es mais org\u00e2nicas entre os seres e a natureza. Desde 2015, promove apresenta\u00e7\u00f5es, forma\u00e7\u00f5es, pesquisas, encontros e diversas a\u00e7\u00f5es ligadas \u00e0 criatividade, economia solid\u00e1ria e desenvolvimento pessoal e coletivo. O espa\u00e7o \u2013 criado por Guida Gomes, e que atualmente conta com uma potente equipe, majoritariamente feminina \u2013 fica localizado numa linda casa no bairro do Po\u00e7o da Panela, no Recife.<\/p>\n<p>INSCRI\u00c7\u00d5ES NO LAB ARTES\u00c3S<br \/>\n<strong>Prazo de inscri\u00e7\u00e3o:<\/strong> De 12 a 31 de julho de 2023<br \/>\n<strong>Formul\u00e1rio de inscri\u00e7\u00e3o:<\/strong> <a href=\"https:\/\/forms.gle\/vfBjD7mvHghKLQoZ6\" target=\"_blank\" rel=\"noopener\">https:\/\/forms.gle\/vfBjD7mvHghKLQoZ6<\/a><\/p>\n<p>CONTATOS E MAIS INFORMA\u00c7\u00d5ES<br \/>\n<strong>WhatsApp: <\/strong>3019-0724 (Casa Astral)<strong><br \/>\nInstagram: <\/strong><a href=\"https:\/\/www.instagram.com\/casa.astral\/\" target=\"_blank\" rel=\"noopener\">@casa.astral<\/a><\/p>\n","protected":false},"excerpt":{"rendered":"<p>Est\u00e3o abertas, at\u00e9 a pr\u00f3xima segunda-feira (31\/07), as inscri\u00e7\u00f5es para participa\u00e7\u00e3o no processo de sele\u00e7\u00e3o do projeto Lab Artes\u00e3s. O projeto \u2013 realizado pela Casa Astral, em parceria com o Programa de Economia Criativa do Sebrae &#8211; ir\u00e1 selecionar quatro artes\u00e3s que manejem t\u00e9cnicas diversas, para integrarem um espa\u00e7o de experimenta\u00e7\u00f5es criativas, compartilhando, intercambiando e [&hellip;]<\/p>\n","protected":false},"author":1,"featured_media":43673,"comment_status":"open","ping_status":"open","sticky":false,"template":"","format":"standard","meta":{"om_disable_all_campaigns":false,"_monsterinsights_skip_tracking":false,"_monsterinsights_sitenote_active":false,"_monsterinsights_sitenote_note":"","_monsterinsights_sitenote_category":0,"footnotes":""},"categories":[8,214],"tags":[45,1360,1376,524,525,1377,22,504,507,1361],"acf":[],"publishpress_future_action":{"enabled":false,"date":"1969-12-31 21:00:00","action":"","terms":[],"taxonomy":"","browser_timezone_offset":0},"_links":{"self":[{"href":"https:\/\/portalfloresnoar.com\/floresnoar\/wp-json\/wp\/v2\/posts\/43744"}],"collection":[{"href":"https:\/\/portalfloresnoar.com\/floresnoar\/wp-json\/wp\/v2\/posts"}],"about":[{"href":"https:\/\/portalfloresnoar.com\/floresnoar\/wp-json\/wp\/v2\/types\/post"}],"author":[{"embeddable":true,"href":"https:\/\/portalfloresnoar.com\/floresnoar\/wp-json\/wp\/v2\/users\/1"}],"replies":[{"embeddable":true,"href":"https:\/\/portalfloresnoar.com\/floresnoar\/wp-json\/wp\/v2\/comments?post=43744"}],"version-history":[{"count":0,"href":"https:\/\/portalfloresnoar.com\/floresnoar\/wp-json\/wp\/v2\/posts\/43744\/revisions"}],"wp:featuredmedia":[{"embeddable":true,"href":"https:\/\/portalfloresnoar.com\/floresnoar\/wp-json\/wp\/v2\/media\/43673"}],"wp:attachment":[{"href":"https:\/\/portalfloresnoar.com\/floresnoar\/wp-json\/wp\/v2\/media?parent=43744"}],"wp:term":[{"taxonomy":"category","embeddable":true,"href":"https:\/\/portalfloresnoar.com\/floresnoar\/wp-json\/wp\/v2\/categories?post=43744"},{"taxonomy":"post_tag","embeddable":true,"href":"https:\/\/portalfloresnoar.com\/floresnoar\/wp-json\/wp\/v2\/tags?post=43744"}],"curies":[{"name":"wp","href":"https:\/\/api.w.org\/{rel}","templated":true}]}}