

{"id":43722,"date":"2023-02-20T05:15:25","date_gmt":"2023-02-20T08:15:25","guid":{"rendered":"http:\/\/portalfloresnoar.com\/floresnoar\/?p=43722"},"modified":"2023-08-06T13:08:06","modified_gmt":"2023-08-06T16:08:06","slug":"agenda-estao-abertas-ate-0408-as-inscricoes-para-participacao-no-curso-gratuito-ativistas-da-facilitacao","status":"publish","type":"post","link":"https:\/\/portalfloresnoar.com\/floresnoar\/agenda-estao-abertas-ate-0408-as-inscricoes-para-participacao-no-curso-gratuito-ativistas-da-facilitacao\/","title":{"rendered":"[AGENDA DF] Est\u00e3o abertas, at\u00e9 04\/08, as inscri\u00e7\u00f5es para participa\u00e7\u00e3o no curso gratuito &#8216;Ativistas da Facilita\u00e7\u00e3o&#8217;"},"content":{"rendered":"<p><img decoding=\"async\" loading=\"lazy\" class=\"aligncenter wp-image-43729 \" src=\"http:\/\/portalfloresnoar.com\/floresnoar\/wp-content\/uploads\/2023\/07\/curso-gratuito-de-facilitacao-700x700.jpeg\" alt=\"\" width=\"585\" height=\"585\" srcset=\"https:\/\/portalfloresnoar.com\/floresnoar\/wp-content\/uploads\/2023\/07\/curso-gratuito-de-facilitacao-700x700.jpeg 700w, https:\/\/portalfloresnoar.com\/floresnoar\/wp-content\/uploads\/2023\/07\/curso-gratuito-de-facilitacao-300x300.jpeg 300w, https:\/\/portalfloresnoar.com\/floresnoar\/wp-content\/uploads\/2023\/07\/curso-gratuito-de-facilitacao-150x150.jpeg 150w, https:\/\/portalfloresnoar.com\/floresnoar\/wp-content\/uploads\/2023\/07\/curso-gratuito-de-facilitacao-768x767.jpeg 768w, https:\/\/portalfloresnoar.com\/floresnoar\/wp-content\/uploads\/2023\/07\/curso-gratuito-de-facilitacao-100x100.jpeg 100w, https:\/\/portalfloresnoar.com\/floresnoar\/wp-content\/uploads\/2023\/07\/curso-gratuito-de-facilitacao.jpeg 1081w\" sizes=\"(max-width: 585px) 100vw, 585px\" \/><\/p>\n<p>A Ess\u00eancia Processos Participativos est\u00e1 recebendo, at\u00e9 o dia 4 de agosto de 2023, as inscri\u00e7\u00f5es para o processo seletivo de participa\u00e7\u00e3o no curso &#8216;Ativistas da Facilita\u00e7\u00e3o&#8217;.\u00a0A proposta visa oferecer um\u00a0processo formativo gratuito para pessoas que atuam na transforma\u00e7\u00e3o social e desejam aperfei\u00e7oar sua atua\u00e7\u00e3o na facilita\u00e7\u00e3o de processos participativos.\u00a0O resultado da sele\u00e7\u00e3o ser\u00e1 divulgado, por e-mail, no dia 07\/08.<\/p>\n<p>O curso, com carga hor\u00e1rio de 40 horas, ser\u00e1 realizado de 21 a 25 de agosto de 2023, das 9h \u00e0s 12h30 e das 14h \u00e0s 18h, em Bras\u00edlia. Al\u00e9m dos encontros presenciais, o curso inclui tamb\u00e9m duas horas de mentoria remota por participante em grupos, mais quatro horas de evento remoto para compartilhamento de pr\u00e1ticas. Os interessados em particip\u00e1r da sele\u00e7\u00e3o devem se comprometer a participar de todo o processo.<\/p>\n<p>&#8220;No Ativistas da Facilita\u00e7\u00e3o vamos dialogar e cocriar aprendizados sobre participa\u00e7\u00e3o e gest\u00e3o participativa; movimentos, redes e coletivos; o\/a\u00a0\u00a0facilitador\/a; as habilidades de escutar atenta e ativamente e de perguntar; ferramentas de facilita\u00e7\u00e3o em processos participativos, de sistematiza\u00e7\u00e3o de informa\u00e7\u00f5es e de planejamento participativo&#8221;, explica Tatiana Esp\u00edndola, idealizadora do projeto.<\/p>\n<p>Tatiana conta que a motiva\u00e7\u00e3o para realiza\u00e7\u00e3o do curso veio de uma inspira\u00e7\u00e3o! &#8220;Vi que chegou a hora de devolver para o mundo o que recebi dele! Aconteceu no meio da noite, depois de um sonho. Veio como uma intui\u00e7\u00e3o, um insight, um desejo. Nos meus 20 de anos de atua\u00e7\u00e3o como facilitadora recebi muito. Foram tantas oportunidades de conhecer, aprender e experienciar. Estive com muitos grupos e pessoas, visitei muitos lugares, vi muitas transforma\u00e7\u00f5es.\u00a0Agora quero retribuir! Desejo compartilhar os\u00a0conhecimentos em facilita\u00e7\u00e3o\u00a0com\u00a0pessoas que est\u00e3o contribuindo em transforma\u00e7\u00f5es sociais, com quem est\u00e1 mudando realidades\u00a0motivadas pelo bem-viver, e que consideram\u00a0a ess\u00eancia da\u00a0for\u00e7a ancestral\u00a0deste conceito,\u00a0\u00a0com \u00eanfase no retorno ao fortalecimento comunit\u00e1rio, na preserva\u00e7\u00e3o da natureza, nas rela\u00e7\u00f5es econ\u00f4micas n\u00e3o explorat\u00f3rias e no respeito aos conhecimentos tradicionais. Estarei acompanhada por incr\u00edveis amigas\/os de jornada:\u00a0Carol Ramalhete, Isabel Miranda, Henrique Santana Karina Canedo e Wagner (Gui) Soares.&#8221;<\/p>\n<p><strong>Para participar da sele\u00e7\u00e3o \u00e9 importante que a\/o candidata\/o possua:<\/strong><br \/>\n\u2192 Atua\u00e7\u00e3o em comunidades, institui\u00e7\u00f5es, redes e coletivos que t\u00eam como finalidade a transforma\u00e7\u00e3o social;<br \/>\n\u2192 Experi\u00eancia e\/ou motiva\u00e7\u00e3o para trabalho com grupos: condu\u00e7\u00e3o de processos participativos, facilita\u00e7\u00e3o de oficinas e\/ou instrutoria de cursos;<br \/>\n\u2192 Motiva\u00e7\u00e3o e\/ou experi\u00eancia para atuar em processos participativos;<br \/>\n\u2192 Facilidade de comunica\u00e7\u00e3o;<br \/>\n\u2192 Indisponibilidade financeira para custear processos formativos com estas caracter\u00edsticas.<\/p>\n<p><strong>Inscri\u00e7\u00f5es, atrav\u00e9s deste link:<\/strong>\u00a0<a href=\"https:\/\/forms.gle\/DhDr42rv1ZqQXRD26\" target=\"_blank\" rel=\"noopener\">https:\/\/forms.gle\/DhDr42rv1ZqQXRD26<\/a><\/p>\n<p><em><strong>Observa\u00e7\u00f5es:<\/strong><\/em><br \/>\n<em> * A composi\u00e7\u00e3o da turma e confirma\u00e7\u00e3o das inscri\u00e7\u00f5es ser\u00e1 feita por e-mail at\u00e9 22h de 7 de agosto de 2023.<\/em><br \/>\n<em> * As despesas de hospedagem, alimenta\u00e7\u00e3o e transporte correr\u00e3o por conta dos participantes.<\/em><br \/>\n<em> * A certifica\u00e7\u00e3o ser\u00e1 fornecida para participantes com 100% de presen\u00e7a, ou com aus\u00eancia com justificativa comprovada.<\/em><\/p>\n<p>MAIS INFORMA\u00c7\u00d5ES<br \/>\n<strong>Instagram:<\/strong> <a href=\"https:\/\/www.instagram.com\/processosparticipativos\/\" target=\"_blank\" rel=\"noopener\">@processosparticipativos<\/a><br \/>\n<strong>E-mail:<\/strong> cursosessencia@gmail.com<\/p>\n","protected":false},"excerpt":{"rendered":"<p>A Ess\u00eancia Processos Participativos est\u00e1 recebendo, at\u00e9 o dia 4 de agosto de 2023, as inscri\u00e7\u00f5es para o processo seletivo de participa\u00e7\u00e3o no curso &#8216;Ativistas da Facilita\u00e7\u00e3o&#8217;.\u00a0A proposta visa oferecer um\u00a0processo formativo gratuito para pessoas que atuam na transforma\u00e7\u00e3o social e desejam aperfei\u00e7oar sua atua\u00e7\u00e3o na facilita\u00e7\u00e3o de processos participativos.\u00a0O resultado da sele\u00e7\u00e3o ser\u00e1 divulgado, [&hellip;]<\/p>\n","protected":false},"author":1,"featured_media":43730,"comment_status":"open","ping_status":"open","sticky":false,"template":"","format":"standard","meta":{"om_disable_all_campaigns":false,"_monsterinsights_skip_tracking":false,"_monsterinsights_sitenote_active":false,"_monsterinsights_sitenote_note":"","_monsterinsights_sitenote_category":0,"footnotes":""},"categories":[8,337],"tags":[1374,1375,167,1085,24,1373],"acf":[],"publishpress_future_action":{"enabled":false,"date":"1969-12-31 21:00:00","action":"","terms":[],"taxonomy":"","browser_timezone_offset":0},"_links":{"self":[{"href":"https:\/\/portalfloresnoar.com\/floresnoar\/wp-json\/wp\/v2\/posts\/43722"}],"collection":[{"href":"https:\/\/portalfloresnoar.com\/floresnoar\/wp-json\/wp\/v2\/posts"}],"about":[{"href":"https:\/\/portalfloresnoar.com\/floresnoar\/wp-json\/wp\/v2\/types\/post"}],"author":[{"embeddable":true,"href":"https:\/\/portalfloresnoar.com\/floresnoar\/wp-json\/wp\/v2\/users\/1"}],"replies":[{"embeddable":true,"href":"https:\/\/portalfloresnoar.com\/floresnoar\/wp-json\/wp\/v2\/comments?post=43722"}],"version-history":[{"count":0,"href":"https:\/\/portalfloresnoar.com\/floresnoar\/wp-json\/wp\/v2\/posts\/43722\/revisions"}],"wp:featuredmedia":[{"embeddable":true,"href":"https:\/\/portalfloresnoar.com\/floresnoar\/wp-json\/wp\/v2\/media\/43730"}],"wp:attachment":[{"href":"https:\/\/portalfloresnoar.com\/floresnoar\/wp-json\/wp\/v2\/media?parent=43722"}],"wp:term":[{"taxonomy":"category","embeddable":true,"href":"https:\/\/portalfloresnoar.com\/floresnoar\/wp-json\/wp\/v2\/categories?post=43722"},{"taxonomy":"post_tag","embeddable":true,"href":"https:\/\/portalfloresnoar.com\/floresnoar\/wp-json\/wp\/v2\/tags?post=43722"}],"curies":[{"name":"wp","href":"https:\/\/api.w.org\/{rel}","templated":true}]}}