

{"id":43717,"date":"2023-02-20T16:54:14","date_gmt":"2023-02-20T19:54:14","guid":{"rendered":"http:\/\/portalfloresnoar.com\/floresnoar\/?p=43717"},"modified":"2023-07-26T12:53:25","modified_gmt":"2023-07-26T15:53:25","slug":"agenda-pe-celebracao-do-dia-fora-do-tempo-proxima-terca-feira-na-casa-alquimia","status":"publish","type":"post","link":"https:\/\/portalfloresnoar.com\/floresnoar\/agenda-pe-celebracao-do-dia-fora-do-tempo-proxima-terca-feira-na-casa-alquimia\/","title":{"rendered":"[AGENDA PE] Celebra\u00e7\u00e3o do Dia Fora do Tempo, pr\u00f3xima ter\u00e7a-feira, na Casa Alquimia"},"content":{"rendered":"<p><img decoding=\"async\" loading=\"lazy\" class=\"aligncenter wp-image-43720 \" src=\"http:\/\/portalfloresnoar.com\/floresnoar\/wp-content\/uploads\/2023\/07\/dia-fora-do-tempo-2023-1-700x664.jpeg\" alt=\"\" width=\"600\" height=\"569\" srcset=\"https:\/\/portalfloresnoar.com\/floresnoar\/wp-content\/uploads\/2023\/07\/dia-fora-do-tempo-2023-1-700x664.jpeg 700w, https:\/\/portalfloresnoar.com\/floresnoar\/wp-content\/uploads\/2023\/07\/dia-fora-do-tempo-2023-1-300x284.jpeg 300w, https:\/\/portalfloresnoar.com\/floresnoar\/wp-content\/uploads\/2023\/07\/dia-fora-do-tempo-2023-1-768x728.jpeg 768w, https:\/\/portalfloresnoar.com\/floresnoar\/wp-content\/uploads\/2023\/07\/dia-fora-do-tempo-2023-1.jpeg 1040w\" sizes=\"(max-width: 600px) 100vw, 600px\" \/><\/p>\n<p>Na pr\u00f3xima ter\u00e7a-feira, dia 25 de julho, acontece o Dia Fora do Tempo, de acordo com o Sincron\u00e1rio da Paz. A data \u00e9 festejada em diversas localidades do mundo e, para quem est\u00e1 no Recife e arredores, uma boa pedida este ano \u00e9 comemor\u00e1-la na Casa Alquimia, localizada em Aldeia. A celebra\u00e7\u00e3o ser\u00e1\u00a0 das 9h \u00e0s 18h30, e a programa\u00e7\u00e3o conta com Roda de Di\u00e1logos, Rituais, Palestras, Medita\u00e7\u00e3o, Yoga, Pilates, Lian Gong, Chi Kung, Viv\u00eancias e Atendimentos Oraculares e Terap\u00eauticos, al\u00e9m de exposi\u00e7\u00e3o de arte, feirinha de artesanato e venda de alimentos.<\/p>\n<p>No Sincron\u00e1rio da Paz &#8211; tamb\u00e9m chamado de Sincron\u00e1rio das 13 Luas de 28 Dias &#8211; os 365 dias do ano (Anel) \u00e9 divido em 13 Luas (meses) de 28 dias cada, o que soma 364 dias. O 365\u00ba dia foi estabelecido como Dia Fora do Tempo, momento de reflex\u00e3o sobre o ano que passou e planejamento do que est\u00e1 por vir. Este ano, no dia 26\/07\/2023 se inicia o ciclo do Anel do Mago Harm\u00f3nico Branco, que vai at\u00e9 o dia 25\/07\/2024.<\/p>\n<p>&#8220;Durante a celebra\u00e7\u00e3o, iremos ancorar em nossos cora\u00e7\u00f5es e expandir atrav\u00e9s dele o amor, a paz, a alegria, a gratid\u00e3o, a vida, a arte, a beleza, a sa\u00fade, a harmonia, a autenticidade, a parceria, a cura em n\u00edveis espiritual, emocional, mental e f\u00edsico&#8221;, conta Morgana S\u00e1, guardi\u00e3 da Casa Alquimia. &#8220;A materializa\u00e7\u00e3o da arte tamb\u00e9m estar\u00e1 presente em produtos elaborados por n\u00f3s e amigos\/parceiros, bem como na culin\u00e1ria (lanches e almo\u00e7o vegetariano) que ser\u00e3o vendidos no dia&#8221;.<\/p>\n<p><strong>PROGRAMA\u00c7\u00c3O<\/strong><br \/>\n9h \u2013 Abertura &#8211; Apresenta\u00e7\u00e3o da Casa Alquimia e o porqu\u00ea deste Festival (Morgana S\u00e1)<br \/>\nPalestra sobre o Sincron\u00e1rio da Paz e o Dia Fora do Tempo. o Ano Novo. Or\u00e1culo. Onda Encantada. Tempo 12:60 e a Frequ\u00eancia 13:20 (Morgana S\u00e1 e Patr\u00edcia Sampaio)<br \/>\n9:40 h &#8211; Entrada no C\u00edrculo Xam\u00e2nico e Prece das 7 Dire\u00e7\u00f5es Gal\u00e1cticas (Morgana S\u00e1 e Patr\u00edcia Sampaio)<br \/>\n10:30h \u2013 In\u00edcio dos atendimentos individuais<br \/>\n11h \u2013 Medita\u00e7\u00e3o dos 7 Chakras, com respectivos Mantras e Mudras \u2013(Morgana S\u00e1)<br \/>\n11h &#8211; &#8221;Florais da Lua e conex\u00e3o com o Feminino&#8221; (Juliana Lins)<br \/>\n11:30h \u2013 Banho de som \u2013 imers\u00e3o nas frequ\u00eancias sonoras (Eduardo Gomes)<br \/>\n12h \u00e0s 13:20h \u2013 Almo\u00e7o<br \/>\n13:30h \u2013 Rein\u00edcio dos atendimentos individuais<br \/>\n14h &#8211; Yoga (Mari Magliano)<br \/>\n14:30h \u2013 Pilates (Mari Magliano)<br \/>\n15h \u2013 Lian Gong (Alexsandra Lira)<br \/>\n15:30h \u2013 Qi Gong \u2013 ba duan jin (Alexsandra Lira)<br \/>\n16h \u2013 Deeksha \u2013(Patr\u00edcia Sampaio)<br \/>\n16:20h \u2013 Palestra: A Dan\u00e7a e sua rela\u00e7\u00e3o com o tempo e corpo. Viv\u00eancia da Dan\u00e7a Lis \u2013(Patr\u00edcia Sampaio)<br \/>\n17h \u2013 Encontro com a Ancestralidade: um movimento de gratid\u00e3o aos nossos av\u00f4s e av\u00f3s (Ana Medeiros)<br \/>\n18h \u2013 Fogueira de Nan\u00e3 Buruqu\u00ea, sincretismo com Santa Ana; e o Fogo Sagrado, que tudo transforma \u2013(Marcinilze Natal (Marcinha) e Morgana S\u00e1)<br \/>\n18:30h \u2013 Munguz\u00e1 com p\u00e3o.<\/p>\n<p><strong>TERAPIAS INDIVIDUAIS QUE SER\u00c3O OFERECIDAS\u00a0 (dura\u00e7\u00e3o de 20 a 30 minutos):<\/strong><\/p>\n<ul>\n<li>Alquimia do Ser: Canaliza\u00e7\u00f5es, ervas, fuma\u00e7a do cachimbo e os S\u00edmbolos da Casa Alquimia (Energias Sagradas da Umbanda) \u2013 Efig\u00eania Silva.<\/li>\n<li>Or\u00e1culo de Leitura Espiritual Atrav\u00e9s das M\u00e3os \u2013 Katy Montenegro.<\/li>\n<li>Reiki (\u00e0 tarde) \u2013 Silvana Silva e Ver\u00f4nica Rodrigues.<\/li>\n<li>Auriculoterapia (\u00e0 tarde) \u2013 Ver\u00f4nica Rodrigues e Silvana Silva.<\/li>\n<li>Reflexologia Podal \u2013 Marcinilze Natal (Marcinha).<\/li>\n<li>Or\u00e1culo Terap\u00eautico da Borboleta Siriana (integra\u00e7\u00e3o das polaridades) &#8211; Patr\u00edcia Sampaio.<\/li>\n<li>Le Petit Oracle de Magie: Or\u00e1culo M\u00e1gico \u2013 Patr\u00edcia Sampaio.<\/li>\n<li>Reprograma\u00e7\u00e3o Tacai (ferramenta de Trauma pontual ex: estupro) \u00e0 tarde \u2013 Alexsandra Lira.<\/li>\n<li>Acupuntura nos Pontos Fantasmas de Sun Simiao (para desordens emocionais) \u00e0 tarde. Atendimentos de mais de uma pessoa ao mesmo tempo, em cadeiras \u2013 Alexsandra.<\/li>\n<li>Acupuntura de bloqueio de dor associada a alinhamento corporal para dores espec\u00edficas (ser\u00e1 alinhada a parte do corpo que precisa) \u00e0 tarde \u2013 Alexsandra.<\/li>\n<\/ul>\n<p><strong>EXPOSI\u00c7\u00c3O &#8216;CAMINHOS DA ARTE SAGRADA&#8217; (acervo particular)<\/strong><br \/>\nBanners da Mandala Geom\u00e9trica dos 7 Raios dos Mestres da Grande Fraternidade Branca e, do Registro Fotogr\u00e1fico da Frota do Comando Ashtar (camuflagem nas nuvens &#8211; 2010 &#8211; Portal interdimensional da Chapada dos Veadeiros\/Goi\u00e1s). Partilha de conversa, e troca de impress\u00f5es na visita\u00e7\u00e3o da Exposi\u00e7\u00e3o, durante todo o Evento.<\/p>\n<p><strong>FEIRINHA<\/strong><br \/>\n<em>Estar\u00e3o sendo comercializados:<\/em><br \/>\n&#8211; Tapetes e bolsas de tecido, panos de prato, colares com pedra de cristal, pedras de cristais, pomada fitoter\u00e1pica anti-inflamat\u00f3ria, tinturas, vaporizadores para o campo \u00e1urico e ambientes, escalda-p\u00e9s, mochilas de tecido, canecas com artes, talism\u00e3s r\u00fanicos, livros, entre outros artigos.<br \/>\n&#8211; Lanches: brownie, salgadinho de queijo, bolo de chocolate, bolo branco e sem lactose, bolo de ma\u00e7\u00e3, sucos etc.<\/p>\n<p><strong>SOBRE A CASA ALQUIMIA<\/strong><br \/>\n<em>(Por Morgana Maria Mesquita de S\u00e1 &#8211; Fundadora e Sacerdotisa dirigente da Casa Alquimia. Terapeuta Hol\u00edstica, Sagitariana com ascendente em Sagit\u00e1rio. Enla\u00e7ador de Mundos Espectral Branco.)<\/em><br \/>\n<em><img decoding=\"async\" loading=\"lazy\" class=\"size-medium wp-image-43727 alignleft\" src=\"http:\/\/portalfloresnoar.com\/floresnoar\/wp-content\/uploads\/2023\/07\/casa-alquimia-300x300.jpeg\" alt=\"\" width=\"300\" height=\"300\" srcset=\"https:\/\/portalfloresnoar.com\/floresnoar\/wp-content\/uploads\/2023\/07\/casa-alquimia-300x300.jpeg 300w, https:\/\/portalfloresnoar.com\/floresnoar\/wp-content\/uploads\/2023\/07\/casa-alquimia-700x700.jpeg 700w, https:\/\/portalfloresnoar.com\/floresnoar\/wp-content\/uploads\/2023\/07\/casa-alquimia-150x150.jpeg 150w, https:\/\/portalfloresnoar.com\/floresnoar\/wp-content\/uploads\/2023\/07\/casa-alquimia-768x768.jpeg 768w, https:\/\/portalfloresnoar.com\/floresnoar\/wp-content\/uploads\/2023\/07\/casa-alquimia-100x100.jpeg 100w, https:\/\/portalfloresnoar.com\/floresnoar\/wp-content\/uploads\/2023\/07\/casa-alquimia.jpeg 1080w\" sizes=\"(max-width: 300px) 100vw, 300px\" \/><\/em><\/p>\n<p>&#8220;A Casa Alquimia nasceu em 10\/10\/2010, num auspicioso dia de Portal de Luz. \u00c9 Libriana e Serpente El\u00e9trica Vermelha, a materializa\u00e7\u00e3o da Luz a servi\u00e7o da humanidade e do Planeta Terra. Dedicamos todas as nossas pr\u00e1ticas espirituais e terap\u00eauticas ao amado Planeta Terra, em benef\u00edcio de todos os Seres. A Casa Alquimia \u00e9 um lugar Sagrado, um Templo que proporciona o autoconhecimento, a autotransforma\u00e7\u00e3o, a autocura, o autoempoderamento e a integra\u00e7\u00e3o com as For\u00e7as da Natureza.<\/p>\n<p>Seus 3 grandes pilares s\u00e3o: a Umbanda Sagrada com sua Ancestralidade, o Reiki e os Mestres Ascencionados da Grande Fraternidade Branca. Tal tr\u00edade \u00e9 contemplada, ainda, com a atua\u00e7\u00e3o dos Seres Estelares de S\u00edrius, das Pl\u00eaiades e de Arcthurius, das Tribos Astrais, enfim, toda a Espiritualidade numa forte e bela Egr\u00e9gora de Amor.<\/p>\n<p>A miss\u00e3o da Casa Alquimia \u00e9 a evolu\u00e7\u00e3o pessoal e planet\u00e1ria, elevando a frequ\u00eancia vibracional em n\u00f3s e a expandindo aos Seres que nos cercam e \u00e0 amada Gaia, contribuindo para a transi\u00e7\u00e3o planet\u00e1ria e estabelecimento da Era Dourada. Para tanto, tamb\u00e9m \u00e9 imprescind\u00edvel as parcerias em v\u00e1rios n\u00edveis, inclusive materializando eventos, cursos, inicia\u00e7\u00f5es, que somem possibilidades e instrumentos para cumprimento desta miss\u00e3o. Aho! Salve! Ax\u00e9! Assim \u00e9! Gratid\u00e3o, gratid\u00e3o, gratid\u00e3o.&#8221;<\/p>\n<p>SERVI\u00c7O<br \/>\n<strong>Celebra\u00e7\u00e3o do Dia Fora do Tempo<\/strong><br \/>\n<strong>Data:<\/strong> 25\/07\/2023 &#8211; Ter\u00e7a-feira (Kin 173 &#8211; Caminhante do C\u00e9u Autoexistente Vermelho)<br \/>\n<strong>Hora:<\/strong> 9h \u00e0s 18h30<br \/>\n<strong>Local:<\/strong> Casa Alquimia &#8211; Aldeia\/PE (o endere\u00e7o com detalhes ser\u00e1 informado no ato da inscri\u00e7\u00e3o)<br \/>\n<strong>Inscri\u00e7\u00e3o:<\/strong> R$ 15,00, pelo pix 81999463381 (Venda dos ingressos antecipada, enviar comprovante para este n\u00famero de WhatsApp).<\/p>\n<p><em><strong>Obs.:<\/strong> Os atendimentos individuais ser\u00e3o pagos por fora e custar\u00e3o R$ 15,00.<\/em><\/p>\n<p>ESCLARECIMENTOS E RECOMENDA\u00c7\u00d5ES:<br \/>\n\u2192 8h \u2013 In\u00edcio da chegada dos participantes.<br \/>\n\u2192 Os detalhes da localiza\u00e7\u00e3o ser\u00e3o repassados no ato da inscri\u00e7\u00e3o.<br \/>\n\u2192 Estacionar o carro, ap\u00f3s a Casa Alquimia, na parte plana, deixando livre a frente de um port\u00e3o aberto e com vegeta\u00e7\u00e3o no terreno, que servir\u00e1 para os ve\u00edculos manobrarem, quando da sa\u00edda.<br \/>\n\u2192 O valor da inscri\u00e7\u00e3o (R$ 15,00) inclui: \u00e1gua, frutas pela manh\u00e3 e \u00e0 tarde. Inclui, ainda: as atividades coletivas\/grupo e os atendimentos individuais da Alquimia do Ser e do Or\u00e1culo de Leitura Espiritual Atrav\u00e9s das M\u00e3os, que poder\u00e3o receber doa\u00e7\u00f5es espont\u00e2neas do consulente.<br \/>\n\u2192 Caso pretenda almo\u00e7ar conosco, ao se inscrever \u00e9 preciso reservar o almo\u00e7o (vegetariano), no valor de R$ 30,00.<br \/>\n\u2192 Os atendimentos individuais (R$ 15,00) devem ser marcados antecipadamente por serem em quantidades limitadas, mediante o pagamento na mesma ocasi\u00e3o do da inscri\u00e7\u00e3o e do almo\u00e7o, no mesmo pix.<br \/>\n\u2192 Os atendimentos individuais e alguns grupos acontecer\u00e3o ao mesmo tempo, em v\u00e1rios lugares da Casa Alquimia; podendo os terapeutas pausarem os individuais, para usufru\u00edrem das pr\u00e1ticas\/viv\u00eancias coletivas.<br \/>\n\u2192 Recomenda-se vir de roupa confort\u00e1vel e de cores claras, a fim de trocar mais facilmente as energias; e trazer: garrafinha de \u00e1gua; tapetinho de yoga ou canga e almofada; repelente de insetos.<\/p>\n<p>MAIS INFORMA\u00c7\u00d5ES<br \/>\n<strong>WhatsApp:<\/strong> (81) 999463381 (Morgana)<br \/>\n<strong>Instagram:<\/strong> <a href=\"https:\/\/www.instagram.com\/casaalquimiabrasil\/\" target=\"_blank\" rel=\"noopener\">@casaalquimiabrasil<\/a><\/p>\n","protected":false},"excerpt":{"rendered":"<p>Na pr\u00f3xima ter\u00e7a-feira, dia 25 de julho, acontece o Dia Fora do Tempo, de acordo com o Sincron\u00e1rio da Paz. A data \u00e9 festejada em diversas localidades do mundo e, para quem est\u00e1 no Recife e arredores, uma boa pedida este ano \u00e9 comemor\u00e1-la na Casa Alquimia, localizada em Aldeia. A celebra\u00e7\u00e3o ser\u00e1\u00a0 das 9h [&hellip;]<\/p>\n","protected":false},"author":1,"featured_media":43718,"comment_status":"open","ping_status":"open","sticky":false,"template":"","format":"standard","meta":{"om_disable_all_campaigns":false,"_monsterinsights_skip_tracking":false,"_monsterinsights_sitenote_active":false,"_monsterinsights_sitenote_note":"","_monsterinsights_sitenote_category":0,"footnotes":""},"categories":[8,214],"tags":[1372,583,970,593,578],"acf":[],"publishpress_future_action":{"enabled":false,"date":"1969-12-31 21:00:00","action":"","terms":[],"taxonomy":"","browser_timezone_offset":0},"_links":{"self":[{"href":"https:\/\/portalfloresnoar.com\/floresnoar\/wp-json\/wp\/v2\/posts\/43717"}],"collection":[{"href":"https:\/\/portalfloresnoar.com\/floresnoar\/wp-json\/wp\/v2\/posts"}],"about":[{"href":"https:\/\/portalfloresnoar.com\/floresnoar\/wp-json\/wp\/v2\/types\/post"}],"author":[{"embeddable":true,"href":"https:\/\/portalfloresnoar.com\/floresnoar\/wp-json\/wp\/v2\/users\/1"}],"replies":[{"embeddable":true,"href":"https:\/\/portalfloresnoar.com\/floresnoar\/wp-json\/wp\/v2\/comments?post=43717"}],"version-history":[{"count":0,"href":"https:\/\/portalfloresnoar.com\/floresnoar\/wp-json\/wp\/v2\/posts\/43717\/revisions"}],"wp:featuredmedia":[{"embeddable":true,"href":"https:\/\/portalfloresnoar.com\/floresnoar\/wp-json\/wp\/v2\/media\/43718"}],"wp:attachment":[{"href":"https:\/\/portalfloresnoar.com\/floresnoar\/wp-json\/wp\/v2\/media?parent=43717"}],"wp:term":[{"taxonomy":"category","embeddable":true,"href":"https:\/\/portalfloresnoar.com\/floresnoar\/wp-json\/wp\/v2\/categories?post=43717"},{"taxonomy":"post_tag","embeddable":true,"href":"https:\/\/portalfloresnoar.com\/floresnoar\/wp-json\/wp\/v2\/tags?post=43717"}],"curies":[{"name":"wp","href":"https:\/\/api.w.org\/{rel}","templated":true}]}}