

{"id":43708,"date":"2023-07-19T06:03:55","date_gmt":"2023-07-19T09:03:55","guid":{"rendered":"http:\/\/portalfloresnoar.com\/floresnoar\/?p=43708"},"modified":"2023-07-19T20:33:01","modified_gmt":"2023-07-19T23:33:01","slug":"agenda-pe-psicoterapia-mindfulness-e-terapia-floral-com-mario-miguel-de-barros-em-sessoes-on-line-e-no-espaco-gerar","status":"publish","type":"post","link":"https:\/\/portalfloresnoar.com\/floresnoar\/agenda-pe-psicoterapia-mindfulness-e-terapia-floral-com-mario-miguel-de-barros-em-sessoes-on-line-e-no-espaco-gerar\/","title":{"rendered":"[AGENDA PE] Psicoterapia, Mindfulness e Terapia Floral com M\u00e1rio Miguel de Barros, em sess\u00f5es on-line e no Espa\u00e7o Gerar"},"content":{"rendered":"<p><img decoding=\"async\" loading=\"lazy\" class=\"size-medium wp-image-43709 alignleft\" src=\"http:\/\/portalfloresnoar.com\/floresnoar\/wp-content\/uploads\/2023\/07\/terapeuta-m\u00e1rio-miguel-300x300.jpeg\" alt=\"\" width=\"300\" height=\"300\" srcset=\"https:\/\/portalfloresnoar.com\/floresnoar\/wp-content\/uploads\/2023\/07\/terapeuta-m\u00e1rio-miguel-300x300.jpeg 300w, https:\/\/portalfloresnoar.com\/floresnoar\/wp-content\/uploads\/2023\/07\/terapeuta-m\u00e1rio-miguel-700x700.jpeg 700w, https:\/\/portalfloresnoar.com\/floresnoar\/wp-content\/uploads\/2023\/07\/terapeuta-m\u00e1rio-miguel-150x150.jpeg 150w, https:\/\/portalfloresnoar.com\/floresnoar\/wp-content\/uploads\/2023\/07\/terapeuta-m\u00e1rio-miguel-768x768.jpeg 768w, https:\/\/portalfloresnoar.com\/floresnoar\/wp-content\/uploads\/2023\/07\/terapeuta-m\u00e1rio-miguel-1536x1536.jpeg 1536w, https:\/\/portalfloresnoar.com\/floresnoar\/wp-content\/uploads\/2023\/07\/terapeuta-m\u00e1rio-miguel-100x100.jpeg 100w, https:\/\/portalfloresnoar.com\/floresnoar\/wp-content\/uploads\/2023\/07\/terapeuta-m\u00e1rio-miguel.jpeg 1583w\" sizes=\"(max-width: 300px) 100vw, 300px\" \/>O psicoterapeuta, instrutor de Mindfulness e terapeuta Floral M\u00e1rio Miguel de Barros est\u00e1 oferecendo atendimentos on-line e presenciais, voltados para adolescentes, adultos e idosos. As sess\u00f5es presenciais s\u00e3o realizadas no Espa\u00e7o Gerar, localizando no bairro do Po\u00e7o da Panela, no Recife.<\/p>\n<p><em>CONFIRA ABAIXO AS INFORMA\u00c7\u00d5ES SOBRE CADA SERVI\u00c7O OFERECIDO:<\/em><\/p>\n<p><strong>PSICOTERAPIA (Abordagem da Terapia Cognitivo-Comportamental)<\/strong><br \/>\nA Psicoterapia tem como principal objetivo a melhoria da sa\u00fade mental e da qualidade de vida do cliente, possibilitando o autoconhecimento e o aprendizado sobre como lidar melhor com os pensamentos, sentimentos, emo\u00e7\u00f5es e comportamentos.<\/p>\n<p>&#8220;Atrav\u00e9s de um processo que envolve acolhimento, escuta e interven\u00e7\u00f5es, atuamos na redu\u00e7\u00e3o do estresse, ansiedade, depress\u00e3o e outros quadros de transtornos psicol\u00f3gicos que geram conflitos e sofrimento ps\u00edquico. A Psicoterapia possibilita uma melhor intera\u00e7\u00e3o consigo mesmo e com os outros, tanto na vida pessoal como profissional&#8221;, explica M\u00e1rio Miguel.<\/p>\n<p><strong>MINDFULNESS<\/strong><br \/>\nO Mindfulness \u00e9 uma pr\u00e1tica meditativa que visa promover a aten\u00e7\u00e3o ao momento presente. Em aten\u00e7\u00e3o plena, as preocupa\u00e7\u00f5es com passado e futuro d\u00e3o lugar a uma consci\u00eancia avan\u00e7ada do &#8216;agora&#8217;, que inclui percep\u00e7\u00e3o de sentimentos, sensa\u00e7\u00f5es e ambiente. As sess\u00f5es de Mindfulness s\u00e3o realizadas tanto de modo individual como em grupo.<\/p>\n<p>Segundo M\u00e1rio Miguel, existem in\u00fameros benef\u00edcios comprovados cientificamente, como melhoria nos mecanismos da aten\u00e7\u00e3o e concentra\u00e7\u00e3o, redu\u00e7\u00e3o da estresse cr\u00f4nico, redu\u00e7\u00e3o dos quadros de ansiedade e depress\u00e3o, diminui\u00e7\u00e3o da irritabilidade, melhora da mem\u00f3ria, aumento do vigor f\u00edsico e mental, melhora nos relacionamentos, controle da hipertens\u00e3o arterial, fortalecimento do sistema imunol\u00f3gico, e redu\u00e7\u00e3o nos impactos de doen\u00e7as, como a diminui\u00e7\u00e3o de dores cr\u00f4nicas.<\/p>\n<p><strong>TERAPIA FLORAL (Sistema Floral de Bach)<\/strong><br \/>\nA Terapia Floral \u00e9 uma abordagem terap\u00eautica que utiliza ess\u00eancias florais na preven\u00e7\u00e3o, tratamento e manuten\u00e7\u00e3o do equil\u00edbrio emocional e psicol\u00f3gico de qualquer pessoa. Os florais ajudam no tratamento de doen\u00e7as, como ansiedade e depress\u00e3o, e s\u00e3o alternativas para lidar com situa\u00e7\u00f5es estressantes e que geram sentimentos negativos. M\u00e1rio ressalta que os florais trabalham as emo\u00e7\u00f5es, e n\u00e3o a doen\u00e7a. &#8220;Usando recursos naturais, com base na ess\u00eancia de flores, os florais possuem o poder de acalmar os \u00e2nimos e equilibrar o estado emocional, n\u00e3o tendo efeitos colaterais.&#8221;<\/p>\n<p>SOBRE O TERAPEUTA<br \/>\n<strong>M\u00e1rio Miguel de Barros<\/strong> \u00e9 Psic\u00f3logo Cl\u00ednico, P\u00f3s-Graduando em Terapia Cognitivo Comportamental, P\u00f3s-Graduado em Psicologia Organizacional; tem Forma\u00e7\u00e3o em Terapia Floral (Sistema Florais de Bach); \u00e9 instrutor de Yoga e Mindfulness.<\/p>\n<p>LOCAL DOS ATENDIMENTOS PRESENCIAIS<br \/>\n<strong>Espa\u00e7o Gerar &#8211; Psicologia, Arteterapia e Bem-Estar:\u00a0<\/strong>Rua Luiz Guimar\u00e3es, 253, Po\u00e7o da Panela, Recife\/PE.\u00a0<em>(Mapa com a localiza\u00e7\u00e3o:\u00a0<a href=\"https:\/\/maps.app.goo.gl\/kZCHrg1TKRm8Qhmv9\" target=\"_blank\" rel=\"noopener\">https:\/\/maps.app.goo.gl\/kZCHrg1TKRm8Qhmv9<\/a>)<\/em><\/p>\n<p>AGENDAMENTOS E MAIS INFORMA\u00c7\u00d5ES<br \/>\n<strong>Fone\/WhatsApp:<\/strong> (81) 9-96958287<br \/>\n<strong>Instagram:<\/strong> <a href=\"https:\/\/www.instagram.com\/mariomiguel.debarros\/\" target=\"_blank\" rel=\"noopener\">@mariomiguel.debarros<\/a><br \/>\n<strong>E-mail:<\/strong> mariombarros63@gmail.com<\/p>\n","protected":false},"excerpt":{"rendered":"<p>O psicoterapeuta, instrutor de Mindfulness e terapeuta Floral M\u00e1rio Miguel de Barros est\u00e1 oferecendo atendimentos on-line e presenciais, voltados para adolescentes, adultos e idosos. As sess\u00f5es presenciais s\u00e3o realizadas no Espa\u00e7o Gerar, localizando no bairro do Po\u00e7o da Panela, no Recife. CONFIRA ABAIXO AS INFORMA\u00c7\u00d5ES SOBRE CADA SERVI\u00c7O OFERECIDO: PSICOTERAPIA (Abordagem da Terapia Cognitivo-Comportamental) A [&hellip;]<\/p>\n","protected":false},"author":1,"featured_media":43710,"comment_status":"open","ping_status":"open","sticky":false,"template":"","format":"standard","meta":{"om_disable_all_campaigns":false,"_monsterinsights_skip_tracking":false,"_monsterinsights_sitenote_active":false,"_monsterinsights_sitenote_note":"","_monsterinsights_sitenote_category":0,"footnotes":""},"categories":[8,214],"tags":[589,648,582,81,148,435],"acf":[],"publishpress_future_action":{"enabled":false,"date":"1969-12-31 21:00:00","action":"","terms":[],"taxonomy":"","browser_timezone_offset":0},"_links":{"self":[{"href":"https:\/\/portalfloresnoar.com\/floresnoar\/wp-json\/wp\/v2\/posts\/43708"}],"collection":[{"href":"https:\/\/portalfloresnoar.com\/floresnoar\/wp-json\/wp\/v2\/posts"}],"about":[{"href":"https:\/\/portalfloresnoar.com\/floresnoar\/wp-json\/wp\/v2\/types\/post"}],"author":[{"embeddable":true,"href":"https:\/\/portalfloresnoar.com\/floresnoar\/wp-json\/wp\/v2\/users\/1"}],"replies":[{"embeddable":true,"href":"https:\/\/portalfloresnoar.com\/floresnoar\/wp-json\/wp\/v2\/comments?post=43708"}],"version-history":[{"count":0,"href":"https:\/\/portalfloresnoar.com\/floresnoar\/wp-json\/wp\/v2\/posts\/43708\/revisions"}],"wp:featuredmedia":[{"embeddable":true,"href":"https:\/\/portalfloresnoar.com\/floresnoar\/wp-json\/wp\/v2\/media\/43710"}],"wp:attachment":[{"href":"https:\/\/portalfloresnoar.com\/floresnoar\/wp-json\/wp\/v2\/media?parent=43708"}],"wp:term":[{"taxonomy":"category","embeddable":true,"href":"https:\/\/portalfloresnoar.com\/floresnoar\/wp-json\/wp\/v2\/categories?post=43708"},{"taxonomy":"post_tag","embeddable":true,"href":"https:\/\/portalfloresnoar.com\/floresnoar\/wp-json\/wp\/v2\/tags?post=43708"}],"curies":[{"name":"wp","href":"https:\/\/api.w.org\/{rel}","templated":true}]}}