

{"id":43686,"date":"2023-01-14T12:13:30","date_gmt":"2023-01-14T15:13:30","guid":{"rendered":"http:\/\/portalfloresnoar.com\/floresnoar\/?p=43686"},"modified":"2023-07-24T22:25:20","modified_gmt":"2023-07-25T01:25:20","slug":"agenda-pe-festejo-para-santana-nana-dia-2207-na-casa-astral-com-vivencia-e-shows-de-xamba-das-yabas-e-laura-tamiana","status":"publish","type":"post","link":"https:\/\/portalfloresnoar.com\/floresnoar\/agenda-pe-festejo-para-santana-nana-dia-2207-na-casa-astral-com-vivencia-e-shows-de-xamba-das-yabas-e-laura-tamiana\/","title":{"rendered":"[AGENDA PE] &#8216;Festejo pra Sant&#8217;Ana\/ Nan\u00e3&#8217; dia 22 de julho na Casa Astral, com viv\u00eancia e shows de Xamba das Yab\u00e1s e Laura Tamiana"},"content":{"rendered":"<p><figure id=\"attachment_43677\" aria-describedby=\"caption-attachment-43677\" style=\"width: 700px\" class=\"wp-caption aligncenter\"><img decoding=\"async\" loading=\"lazy\" class=\"wp-image-43677 size-large\" src=\"http:\/\/portalfloresnoar.com\/floresnoar\/wp-content\/uploads\/2023\/07\/xamba-das-yabas-700x466.jpeg\" alt=\"\" width=\"700\" height=\"466\" srcset=\"https:\/\/portalfloresnoar.com\/floresnoar\/wp-content\/uploads\/2023\/07\/xamba-das-yabas-700x466.jpeg 700w, https:\/\/portalfloresnoar.com\/floresnoar\/wp-content\/uploads\/2023\/07\/xamba-das-yabas-300x200.jpeg 300w, https:\/\/portalfloresnoar.com\/floresnoar\/wp-content\/uploads\/2023\/07\/xamba-das-yabas-768x512.jpeg 768w, https:\/\/portalfloresnoar.com\/floresnoar\/wp-content\/uploads\/2023\/07\/xamba-das-yabas.jpeg 1280w\" sizes=\"(max-width: 700px) 100vw, 700px\" \/><figcaption id=\"caption-attachment-43677\" class=\"wp-caption-text\">Grupo Xamba das Yab\u00e1s conduzir\u00e1 viv\u00eancia e apresentar\u00e1 show durante o Festejo de Sant&#8217;Ana\/ Nan\u00e3, na Casa Astral. [Foto: Paulinho Filizola]<\/figcaption><\/figure>A Casa Astral, no Recife, promove no dia 22 de julho o &#8216;Festejo pra Sant&#8217;Ana\/ Nan\u00e3&#8217;. A programa\u00e7\u00e3o tem in\u00edcio \u00e0s 16h com uma viv\u00eancia junto \u00e0s integrantes do grupo Xamba das Yab\u00e1s, mediada pela artista Laura Tamiana. J\u00e1 \u00e0 noite, \u00e0s 19h, Laura faz uma apresenta\u00e7\u00e3o com m\u00fasicas do seu espet\u00e1culo &#8216;Lunar&#8217; e, em seguida, as mulheres da Xamba das Yab\u00e1s tamb\u00e9m se apresentam.<\/p>\n<p>Para Casa Astral j\u00e1 \u00e9 tradi\u00e7\u00e3o no m\u00eas de julho celebrar o dia de Sant&#8217;Ana (na tradi\u00e7\u00e3o afro-brasileira Nan\u00e3), data dedicada \u00e0s av\u00f3s (oficialmente o dia dela \u00e9 o 26 de julho). &#8220;Convidamos as mulheres da Xamba das Yab\u00e1s para em roda vivenciarmos um momento de troca sobre oralidade e ancestralidade, sobre a espiritualidade e sua rela\u00e7\u00e3o com a m\u00fasica e a dan\u00e7a na Na\u00e7\u00e3o Xamb\u00e1. As yab\u00e1s guardam uma singular sabedoria e s\u00e3o pe\u00e7as fundamentais na transmiss\u00e3o de saberes entre as gera\u00e7\u00f5es&#8221;, conta Guida Gomes, guardi\u00e3 da Casa Astral, sobre a viv\u00eancia que acontece das 16h \u00e0s 18h. Guida lembra que na ocasi\u00e3o tamb\u00e9m ser\u00e1 comemorado, antecipadamente, o Dia Internacional da Mulher Negra Latino-Americana e Caribenha.<\/p>\n<p><figure id=\"attachment_39899\" aria-describedby=\"caption-attachment-39899\" style=\"width: 187px\" class=\"wp-caption alignleft\"><img decoding=\"async\" loading=\"lazy\" class=\"wp-image-39899\" src=\"http:\/\/portalfloresnoar.com\/floresnoar\/wp-content\/uploads\/2021\/06\/Laura-Tamiana_LUNAR_Foto-de-La\u00eds-Domigues_5815-468x700.jpg\" alt=\"\" width=\"187\" height=\"279\" srcset=\"https:\/\/portalfloresnoar.com\/floresnoar\/wp-content\/uploads\/2021\/06\/Laura-Tamiana_LUNAR_Foto-de-La\u00eds-Domigues_5815-468x700.jpg 468w, https:\/\/portalfloresnoar.com\/floresnoar\/wp-content\/uploads\/2021\/06\/Laura-Tamiana_LUNAR_Foto-de-La\u00eds-Domigues_5815-201x300.jpg 201w, https:\/\/portalfloresnoar.com\/floresnoar\/wp-content\/uploads\/2021\/06\/Laura-Tamiana_LUNAR_Foto-de-La\u00eds-Domigues_5815.jpg 500w\" sizes=\"(max-width: 187px) 100vw, 187px\" \/><figcaption id=\"caption-attachment-39899\" class=\"wp-caption-text\">Laura Tamiana lan\u00e7ou o seu primeiro \u00e1lbum &#8216;Lunar&#8217; em 2021 [Foto: La\u00eds Domingues]<\/figcaption><\/figure>Abrindo a noite, \u00e0s 19h, a cantora e compositora Laura Tamiana &#8211; acompanhada dos m\u00fasicos H\u00e9lder Vasconcelos e Beto Xamb\u00e1 &#8211; apresentar\u00e1 m\u00fasicas do seu espet\u00e1culo &#8216;Lunar&#8217;, um convite a recordar e celebrar a energia c\u00edclica da vida, com um repert\u00f3rio autoral pontuado de cantigas tradicionais brasileiras e africanas. &#8220;As can\u00e7\u00f5es est\u00e3o diretamente ligadas a uma investiga\u00e7\u00e3o pessoal e art\u00edstica em torno dessa energia c\u00edclica que move tudo o que \u00e9 vivo, do vazio criativo ao brotar, crescer, dar e colher frutos, processar e morrer para renascer\u201d, explica Laura.<\/p>\n<p>Em seguida, vem a apresenta\u00e7\u00e3o da Xamba das Yab\u00e1s, grupo formado por mulheres da Casa Xamb\u00e1 Il\u00ea Ax\u00e9 Ol\u00e1 Megu\u00ea, situada no Quilombo do Port\u00e3o do Gelo, em Olinda\/PE. O grupo \u00e9 fruto das a\u00e7\u00f5es sociais desenvolvidas pelo Centro Cultural Grupo Bongar, e traz em seu repert\u00f3rio as ra\u00edzes, tradi\u00e7\u00e3o e ancestralidade de sua comunidade.<\/p>\n<p>&nbsp;<\/p>\n<p>SERVI\u00c7O<br \/>\n<strong>Festejo pra Sant&#8217;Ana\/ Nan\u00e3<\/strong><br \/>\n<strong>Data:<\/strong> 22\/07\/2023 (S\u00e1bado)<br \/>\n<strong>Hor\u00e1rio:<\/strong> Viv\u00eancia &#8211; das 16h \u00e0s 18h \/ Shows &#8211; Das 19h \u00e0s 21h<br \/>\n<strong>Local:<\/strong>\u00a0Casa Astral \u2013 Rua Joaquim Xavier de Andrade, 104, Po\u00e7o da Panela, Recife\/PE<\/p>\n<p><strong>Ingressos, atrav\u00e9s da plataforma Sympla:<\/strong>\u00a0<a href=\"https:\/\/www.sympla.com.br\/evento\/festejo-de-santana-nana\/2070897\" target=\"_blank\" rel=\"noopener\">https:\/\/www.sympla.com.br\/evento\/festejo-de-santana-nana\/2070897<\/a><\/p>\n<p>MAIS INFORMA\u00c7\u00d5ES<br \/>\n<strong>WhatsApp:<\/strong> (81) 3019-0724<br \/>\n<strong>Instagram:<\/strong> <a href=\"https:\/\/www.instagram.com\/casa.astral\/\">@casa.astral<\/a><\/p>\n","protected":false},"excerpt":{"rendered":"<p>A Casa Astral, no Recife, promove no dia 22 de julho o &#8216;Festejo pra Sant&#8217;Ana\/ Nan\u00e3&#8217;. A programa\u00e7\u00e3o tem in\u00edcio \u00e0s 16h com uma viv\u00eancia junto \u00e0s integrantes do grupo Xamba das Yab\u00e1s, mediada pela artista Laura Tamiana. J\u00e1 \u00e0 noite, \u00e0s 19h, Laura faz uma apresenta\u00e7\u00e3o com m\u00fasicas do seu espet\u00e1culo &#8216;Lunar&#8217; e, em [&hellip;]<\/p>\n","protected":false},"author":1,"featured_media":43687,"comment_status":"open","ping_status":"open","sticky":false,"template":"","format":"standard","meta":{"om_disable_all_campaigns":false,"_monsterinsights_skip_tracking":false,"_monsterinsights_sitenote_active":false,"_monsterinsights_sitenote_note":"","_monsterinsights_sitenote_category":0,"footnotes":""},"categories":[8,214],"tags":[172,1363,1278,1367,153,1370,1371,1368,660,1366,1362,125,1369,304,1364],"acf":[],"publishpress_future_action":{"enabled":false,"date":"1969-12-31 21:00:00","action":"","terms":[],"taxonomy":"","browser_timezone_offset":0},"_links":{"self":[{"href":"https:\/\/portalfloresnoar.com\/floresnoar\/wp-json\/wp\/v2\/posts\/43686"}],"collection":[{"href":"https:\/\/portalfloresnoar.com\/floresnoar\/wp-json\/wp\/v2\/posts"}],"about":[{"href":"https:\/\/portalfloresnoar.com\/floresnoar\/wp-json\/wp\/v2\/types\/post"}],"author":[{"embeddable":true,"href":"https:\/\/portalfloresnoar.com\/floresnoar\/wp-json\/wp\/v2\/users\/1"}],"replies":[{"embeddable":true,"href":"https:\/\/portalfloresnoar.com\/floresnoar\/wp-json\/wp\/v2\/comments?post=43686"}],"version-history":[{"count":0,"href":"https:\/\/portalfloresnoar.com\/floresnoar\/wp-json\/wp\/v2\/posts\/43686\/revisions"}],"wp:featuredmedia":[{"embeddable":true,"href":"https:\/\/portalfloresnoar.com\/floresnoar\/wp-json\/wp\/v2\/media\/43687"}],"wp:attachment":[{"href":"https:\/\/portalfloresnoar.com\/floresnoar\/wp-json\/wp\/v2\/media?parent=43686"}],"wp:term":[{"taxonomy":"category","embeddable":true,"href":"https:\/\/portalfloresnoar.com\/floresnoar\/wp-json\/wp\/v2\/categories?post=43686"},{"taxonomy":"post_tag","embeddable":true,"href":"https:\/\/portalfloresnoar.com\/floresnoar\/wp-json\/wp\/v2\/tags?post=43686"}],"curies":[{"name":"wp","href":"https:\/\/api.w.org\/{rel}","templated":true}]}}