

{"id":43671,"date":"2023-03-11T14:30:13","date_gmt":"2023-03-11T17:30:13","guid":{"rendered":"http:\/\/portalfloresnoar.com\/floresnoar\/?p=43671"},"modified":"2023-07-27T21:21:36","modified_gmt":"2023-07-28T00:21:36","slug":"agenda-pe-casa-astral-e-sebrae-lancam-o-projeto-lab-artesas","status":"publish","type":"post","link":"https:\/\/portalfloresnoar.com\/floresnoar\/agenda-pe-casa-astral-e-sebrae-lancam-o-projeto-lab-artesas\/","title":{"rendered":"[AGENDA PE] Casa Astral e Sebrae lan\u00e7am o projeto Lab Artes\u00e3s"},"content":{"rendered":"<p><img decoding=\"async\" loading=\"lazy\" class=\"aligncenter wp-image-43672 \" src=\"http:\/\/portalfloresnoar.com\/floresnoar\/wp-content\/uploads\/2023\/07\/lab-artesas-chamada-publica-700x700.jpg\" alt=\"\" width=\"501\" height=\"501\" srcset=\"https:\/\/portalfloresnoar.com\/floresnoar\/wp-content\/uploads\/2023\/07\/lab-artesas-chamada-publica-700x700.jpg 700w, https:\/\/portalfloresnoar.com\/floresnoar\/wp-content\/uploads\/2023\/07\/lab-artesas-chamada-publica-300x300.jpg 300w, https:\/\/portalfloresnoar.com\/floresnoar\/wp-content\/uploads\/2023\/07\/lab-artesas-chamada-publica-150x150.jpg 150w, https:\/\/portalfloresnoar.com\/floresnoar\/wp-content\/uploads\/2023\/07\/lab-artesas-chamada-publica-768x768.jpg 768w, https:\/\/portalfloresnoar.com\/floresnoar\/wp-content\/uploads\/2023\/07\/lab-artesas-chamada-publica-100x100.jpg 100w, https:\/\/portalfloresnoar.com\/floresnoar\/wp-content\/uploads\/2023\/07\/lab-artesas-chamada-publica.jpg 1080w\" sizes=\"(max-width: 501px) 100vw, 501px\" \/><\/p>\n<p>A Casa Astral, em parceria com o Programa de Economia Criativa do Sebrae, lan\u00e7a, nesta quarta-feira, dia 12 de julho, a Chamada P\u00fablica do projeto Lab Artes\u00e3s. O projeto ir\u00e1 selecionar quatro artes\u00e3s que manejem t\u00e9cnicas diversas, para integrarem um espa\u00e7o de experimenta\u00e7\u00f5es criativas, compartilhando, intercambiando e agregando saberes. As inscri\u00e7\u00f5es ser\u00e3o realizadas at\u00e9 o dia 31 de julho, <a href=\"https:\/\/forms.gle\/vfBjD7mvHghKLQoZ6\" target=\"_blank\" rel=\"noopener\">via formul\u00e1rio on-line<\/a>. At\u00e9 o dia 16 de julho, durante a Fenearte,\u00a0 tamb\u00e9m est\u00e1 sendo disponibilizada a inscri\u00e7\u00e3o de modo presencial, no estande da Casa Astral (Rua 12, Estande 304).<\/p>\n<p>De acordo com Guida Gomes, gestora da Casa Astral e coordenadora do projeto, o objetivo do Lab Artes\u00e3s \u00e9 proporcionar a viv\u00eancia coletiva, intergeracional e criativa entre mulheres artes\u00e3s de diversas origens, idades e pr\u00e1ticas artesanais. &#8220;A iniciativa funcionar\u00e1 como um laborat\u00f3rio de experimentos, visando gerar novos produtos artesanais &#8211; assim como aperfei\u00e7oar produtos j\u00e1 existentes -, com m\u00e9todos que agreguem novos significados, inspirando um fazer mais colaborativo e inovador, que ative um olhar atento para temas como: engajamento feminino, reaproveitamento de materiais, estudos de casos, testes e produ\u00e7\u00e3o em rede&#8221;.<\/p>\n<p>O projeto selecionar\u00e1 04 mulheres artes\u00e3s, com idades a partir dos 21 anos, que desenvolvam pr\u00e1ticas artesanais comprovadas, e tenham disponibilidade para encontros presenciais &#8211; nos meses de agosto, setembro e outubro de 2023, no Recife. Ser\u00e3o realizados, ao todo, 12 encontros, sendo 06 encontros presenciais e 06 encontros on-line. Para participar da sele\u00e7\u00e3o, \u00e9 necess\u00e1rio que a artes\u00e3 esteja inscrita\u00a0no Sistema de Informa\u00e7\u00f5es Cadastrais do Artesanato Brasileiro (SICAB).<\/p>\n<p>AS ARTES\u00c3S SELECIONADAS PARTICIPAR\u00c3O DE:<br \/>\n&gt;&gt;&gt; 02 consultorias pr\u00e1ticas:<br \/>\n1. Desenvolvimento de projetos e servi\u00e7os com o Empreendedorismo Criativo.<br \/>\n2. Constru\u00e7\u00e3o de Processos Criativos em Rede.<\/p>\n<p>&gt;&gt;&gt; Rodas de di\u00e1logos e viv\u00eancias criativas, por meio de ferramentas l\u00fadicas, fortalecendo as participantes com a troca de experi\u00eancias e relatos do hist\u00f3rico criativo.<\/p>\n<p>&gt;&gt;&gt; Encontros para produ\u00e7\u00e3o coletiva dos produtos\/experimentos.<\/p>\n<p>O PROJETO CONTEMPLA TAMB\u00c9M:<br \/>\n&gt;&gt;&gt; Divulga\u00e7\u00e3o das a\u00e7\u00f5es das participantes nas redes sociais do projeto e da rede de parceiras envolvidas na constru\u00e7\u00e3o da proposta.<\/p>\n<p>&gt;&gt;&gt; Cria\u00e7\u00e3o e finaliza\u00e7\u00e3o de 04 produtos\/experimentos, que ser\u00e3o adquiridos pela organiza\u00e7\u00e3o do projeto, no valor de R$ 600,00 cada produto\/experimento.<\/p>\n<p>A Casa Astral \u00e9 um espa\u00e7o independente que tem como miss\u00e3o promover e acolher experi\u00eancias conectadas \u00e0 simplicidade, \u00e0 arte, \u00e0 cultura, \u00e0s viv\u00eancias hol\u00edsticas, \u00e0 sustentabilidade, ao protagonismo feminino e \u00e0 ancestralidade, contribuindo para rela\u00e7\u00f5es mais org\u00e2nicas entre os seres e a natureza. Desde 2015, promove apresenta\u00e7\u00f5es, forma\u00e7\u00f5es, pesquisas, encontros e diversas a\u00e7\u00f5es ligadas \u00e0 criatividade, economia solid\u00e1ria e desenvolvimento pessoal e coletivo. O espa\u00e7o \u2013 criado por Guida Gomes, e que atualmente conta com uma potente equipe, majoritariamente feminina \u2013 fica localizado numa linda casa no bairro do Po\u00e7o da Panela, no Recife.<\/p>\n<p>INSCRI\u00c7\u00d5ES NO LAB ARTES\u00c3S<br \/>\n<strong>Prazo de inscri\u00e7\u00e3o:<\/strong> 12 a 31 de julho de 2023<\/p>\n<p><strong>Locais de inscri\u00e7\u00e3o:<\/strong><br \/>\n&gt;&gt;&gt; Presencial: At\u00e9 o dia 16\/07\/2023 &#8211; no stand da Casa Astral na Fenearte \u2013 Stand 304, Rua 12 (esquina).<br \/>\n&gt;&gt;&gt; On-line: At\u00e9 o dia 31\/07\/2023, na Internet, atrav\u00e9s deste link: <a href=\"https:\/\/forms.gle\/vfBjD7mvHghKLQoZ6\" target=\"_blank\" rel=\"noopener\">https:\/\/forms.gle\/vfBjD7mvHghKLQoZ6<\/a><\/p>\n<p>MAIS INFORMA\u00c7\u00d5ES<br \/>\n<strong>WhatsApp:<\/strong> (81) 3019-0724<br \/>\n<strong>Instagram:<\/strong> <a href=\"https:\/\/www.instagram.com\/casa.astral\/\" target=\"_blank\" rel=\"noopener\">@casa.astral<\/a><\/p>\n","protected":false},"excerpt":{"rendered":"<p>A Casa Astral, em parceria com o Programa de Economia Criativa do Sebrae, lan\u00e7a, nesta quarta-feira, dia 12 de julho, a Chamada P\u00fablica do projeto Lab Artes\u00e3s. O projeto ir\u00e1 selecionar quatro artes\u00e3s que manejem t\u00e9cnicas diversas, para integrarem um espa\u00e7o de experimenta\u00e7\u00f5es criativas, compartilhando, intercambiando e agregando saberes. As inscri\u00e7\u00f5es ser\u00e3o realizadas at\u00e9 o [&hellip;]<\/p>\n","protected":false},"author":1,"featured_media":43673,"comment_status":"open","ping_status":"open","sticky":false,"template":"","format":"standard","meta":{"om_disable_all_campaigns":false,"_monsterinsights_skip_tracking":false,"_monsterinsights_sitenote_active":false,"_monsterinsights_sitenote_note":"","_monsterinsights_sitenote_category":0,"footnotes":""},"categories":[8,214],"tags":[45,1360,1278,1361],"acf":[],"publishpress_future_action":{"enabled":false,"date":"1969-12-31 21:00:00","action":"","terms":[],"taxonomy":"","browser_timezone_offset":0},"_links":{"self":[{"href":"https:\/\/portalfloresnoar.com\/floresnoar\/wp-json\/wp\/v2\/posts\/43671"}],"collection":[{"href":"https:\/\/portalfloresnoar.com\/floresnoar\/wp-json\/wp\/v2\/posts"}],"about":[{"href":"https:\/\/portalfloresnoar.com\/floresnoar\/wp-json\/wp\/v2\/types\/post"}],"author":[{"embeddable":true,"href":"https:\/\/portalfloresnoar.com\/floresnoar\/wp-json\/wp\/v2\/users\/1"}],"replies":[{"embeddable":true,"href":"https:\/\/portalfloresnoar.com\/floresnoar\/wp-json\/wp\/v2\/comments?post=43671"}],"version-history":[{"count":0,"href":"https:\/\/portalfloresnoar.com\/floresnoar\/wp-json\/wp\/v2\/posts\/43671\/revisions"}],"wp:featuredmedia":[{"embeddable":true,"href":"https:\/\/portalfloresnoar.com\/floresnoar\/wp-json\/wp\/v2\/media\/43673"}],"wp:attachment":[{"href":"https:\/\/portalfloresnoar.com\/floresnoar\/wp-json\/wp\/v2\/media?parent=43671"}],"wp:term":[{"taxonomy":"category","embeddable":true,"href":"https:\/\/portalfloresnoar.com\/floresnoar\/wp-json\/wp\/v2\/categories?post=43671"},{"taxonomy":"post_tag","embeddable":true,"href":"https:\/\/portalfloresnoar.com\/floresnoar\/wp-json\/wp\/v2\/tags?post=43671"}],"curies":[{"name":"wp","href":"https:\/\/api.w.org\/{rel}","templated":true}]}}