

{"id":43651,"date":"2023-02-11T05:21:07","date_gmt":"2023-02-11T08:21:07","guid":{"rendered":"http:\/\/portalfloresnoar.com\/floresnoar\/?p=43651"},"modified":"2023-07-30T09:16:21","modified_gmt":"2023-07-30T12:16:21","slug":"agenda-pe-ansiedade-da-inquietude-a-aceitacao-e-o-tema-da-proxima-edicao-do-cafe-com-voce-psicologia-dia-2907-no-recife","status":"publish","type":"post","link":"https:\/\/portalfloresnoar.com\/floresnoar\/agenda-pe-ansiedade-da-inquietude-a-aceitacao-e-o-tema-da-proxima-edicao-do-cafe-com-voce-psicologia-dia-2907-no-recife\/","title":{"rendered":"[AGENDA PE] &#8216;Ansiedade: da inquietude \u00e0 aceita\u00e7\u00e3o&#8217; \u00e9 o tema da pr\u00f3xima edi\u00e7\u00e3o do &#8216;Caf\u00e9 com Voc\u00ea &#8211; Psicologia&#8217;, dia 29\/07, no Recife"},"content":{"rendered":"<p><img decoding=\"async\" loading=\"lazy\" class=\"aligncenter size-large wp-image-43656\" src=\"http:\/\/portalfloresnoar.com\/floresnoar\/wp-content\/uploads\/2023\/07\/cafe-com-voce-psicologia-2-700x394.jpeg\" alt=\"\" width=\"700\" height=\"394\" srcset=\"https:\/\/portalfloresnoar.com\/floresnoar\/wp-content\/uploads\/2023\/07\/cafe-com-voce-psicologia-2-700x394.jpeg 700w, https:\/\/portalfloresnoar.com\/floresnoar\/wp-content\/uploads\/2023\/07\/cafe-com-voce-psicologia-2-300x169.jpeg 300w, https:\/\/portalfloresnoar.com\/floresnoar\/wp-content\/uploads\/2023\/07\/cafe-com-voce-psicologia-2-768x432.jpeg 768w, https:\/\/portalfloresnoar.com\/floresnoar\/wp-content\/uploads\/2023\/07\/cafe-com-voce-psicologia-2-1536x864.jpeg 1536w, https:\/\/portalfloresnoar.com\/floresnoar\/wp-content\/uploads\/2023\/07\/cafe-com-voce-psicologia-2.jpeg 1599w\" sizes=\"(max-width: 700px) 100vw, 700px\" \/><br \/>\nNo dia 29 de julho, \u00faltimo s\u00e1bado do m\u00eas, das 8h30 \u00e0s 11h30, acontece a quarta edi\u00e7\u00e3o do projeto &#8216;Caf\u00e9 com Voc\u00ea &#8211; Psicologia&#8217;, desta vez com o tema &#8216;Ansiedade: da inquietude \u00e0 aceita\u00e7\u00e3o&#8217;. O encontro, conduzido pela equipe da Cl\u00ednica de Psicologia Adriana Barros, \u00e9 aberto a todas as pessoas interessadas.<\/p>\n<p>De acordo com Adriana Barros, que atua como psic\u00f3loga Cl\u00ednica h\u00e1 30 anos, o\u00a0&#8216;Caf\u00e9 com Voc\u00ea&#8217; tem como objetivo a promo\u00e7\u00e3o do autoconhecimento, autocuidado e bem-estar, propondo, a cada dois meses, um momento de acolhimento e partilha de conhecimentos, acerca das quest\u00f5es referentes \u00e0 Sa\u00fade Mental. Al\u00e9m de exposi\u00e7\u00e3o te\u00f3rica, os encontros tamb\u00e9m contam com atividades din\u00e2micas vivenciais.<\/p>\n<p>&#8220;Atuamos atrav\u00e9s do cuidar, do existir, do saudar, e tudo isso acompanhados de um bom caf\u00e9&#8221;, conta Adriana, lembrando que, por ser um projeto social da Cl\u00ednica, s\u00e3o solicitados como ingresso no evento 3 Kg de alimentos, por pessoa. &#8220;A cada edi\u00e7\u00e3o do projeto uma institui\u00e7\u00e3o \u00e9 beneficiada com as doa\u00e7\u00f5es e tem sido uma alegria pra n\u00f3s contribuir com tantas pessoas&#8221;. Os alimentos arrecadados no dia 29\/07 ser\u00e3o doados ao Centro Social Dom Jo\u00e3o Costa, localizado no Alto Jos\u00e9 do Pinho, no Recife.<\/p>\n<p>SERVI\u00c7O<br \/>\n<strong>&#8216;Caf\u00e9 com Voc\u00ea &#8211; Psicologia&#8217;<\/strong><br \/>\n<strong>Tema:<\/strong> Ansiedade: da inquietude \u00e0 aceita\u00e7\u00e3o<br \/>\n<strong>Data:<\/strong> 29\/07\/2023 (S\u00e1bado)<br \/>\n<strong>Hora:<\/strong>\u00a0Das 8h30 \u00e0s 11h30<br \/>\n<strong>Local:<\/strong> Audit\u00f3rio do Empresarial Martins Pereira &#8211; na Rua Desembargador Martins Pereira, 221, Gra\u00e7as, Recife\/PE<br \/>\n<strong>Entrada:<\/strong> 3 kgs de alimento n\u00e3o perec\u00edvel (leite em p\u00f3, feij\u00e3o ou arroz)<\/p>\n<p>INSCRI\u00c7\u00d5ES<br \/>\n<strong>Atrav\u00e9s deste link:<\/strong> <a href=\"https:\/\/www.sympla.com.br\/cafe-com-voce---ansiedade-da-inquietude-a-aceitacao__2042101\" target=\"_blank\" rel=\"noopener\">https:\/\/www.sympla.com.br\/cafe-com-voce&#8212;ansiedade-da-inquietude-a-aceitacao__2042101<\/a><\/p>\n<p>MAIS INFORMA\u00c7\u00d5ES<br \/>\n<strong>WhatsApp:<\/strong> (81) 98835-2825<br \/>\n<strong>Instagram:<\/strong> <a href=\"https:\/\/www.instagram.com\/clinicapsiadrianabarros\/\" target=\"_blank\" rel=\"noopener\">@clinicapsiadrianabarros<\/a> \/ <a href=\"https:\/\/www.instagram.com\/cafecomvocepsicologia\/\" target=\"_blank\" rel=\"noopener\">@cafecomvocepsicologia<\/a><\/p>\n","protected":false},"excerpt":{"rendered":"<p>No dia 29 de julho, \u00faltimo s\u00e1bado do m\u00eas, das 8h30 \u00e0s 11h30, acontece a quarta edi\u00e7\u00e3o do projeto &#8216;Caf\u00e9 com Voc\u00ea &#8211; Psicologia&#8217;, desta vez com o tema &#8216;Ansiedade: da inquietude \u00e0 aceita\u00e7\u00e3o&#8217;. O encontro, conduzido pela equipe da Cl\u00ednica de Psicologia Adriana Barros, \u00e9 aberto a todas as pessoas interessadas. De acordo com [&hellip;]<\/p>\n","protected":false},"author":1,"featured_media":43656,"comment_status":"open","ping_status":"open","sticky":false,"template":"","format":"standard","meta":{"om_disable_all_campaigns":false,"_monsterinsights_skip_tracking":false,"_monsterinsights_sitenote_active":false,"_monsterinsights_sitenote_note":"","_monsterinsights_sitenote_category":0,"footnotes":""},"categories":[8,214],"tags":[715,295,869,81],"acf":[],"publishpress_future_action":{"enabled":false,"date":"1969-12-31 21:00:00","action":"","terms":[],"taxonomy":"","browser_timezone_offset":0},"_links":{"self":[{"href":"https:\/\/portalfloresnoar.com\/floresnoar\/wp-json\/wp\/v2\/posts\/43651"}],"collection":[{"href":"https:\/\/portalfloresnoar.com\/floresnoar\/wp-json\/wp\/v2\/posts"}],"about":[{"href":"https:\/\/portalfloresnoar.com\/floresnoar\/wp-json\/wp\/v2\/types\/post"}],"author":[{"embeddable":true,"href":"https:\/\/portalfloresnoar.com\/floresnoar\/wp-json\/wp\/v2\/users\/1"}],"replies":[{"embeddable":true,"href":"https:\/\/portalfloresnoar.com\/floresnoar\/wp-json\/wp\/v2\/comments?post=43651"}],"version-history":[{"count":0,"href":"https:\/\/portalfloresnoar.com\/floresnoar\/wp-json\/wp\/v2\/posts\/43651\/revisions"}],"wp:featuredmedia":[{"embeddable":true,"href":"https:\/\/portalfloresnoar.com\/floresnoar\/wp-json\/wp\/v2\/media\/43656"}],"wp:attachment":[{"href":"https:\/\/portalfloresnoar.com\/floresnoar\/wp-json\/wp\/v2\/media?parent=43651"}],"wp:term":[{"taxonomy":"category","embeddable":true,"href":"https:\/\/portalfloresnoar.com\/floresnoar\/wp-json\/wp\/v2\/categories?post=43651"},{"taxonomy":"post_tag","embeddable":true,"href":"https:\/\/portalfloresnoar.com\/floresnoar\/wp-json\/wp\/v2\/tags?post=43651"}],"curies":[{"name":"wp","href":"https:\/\/api.w.org\/{rel}","templated":true}]}}