

{"id":43631,"date":"2023-07-05T09:35:10","date_gmt":"2023-07-05T12:35:10","guid":{"rendered":"http:\/\/portalfloresnoar.com\/floresnoar\/?p=43631"},"modified":"2023-07-05T18:43:40","modified_gmt":"2023-07-05T21:43:40","slug":"entrevista-desde-crianca-sonhava-ajudando-pessoas-confira-entrevista-com-o-terapeuta-luiz-amaral","status":"publish","type":"post","link":"https:\/\/portalfloresnoar.com\/floresnoar\/entrevista-desde-crianca-sonhava-ajudando-pessoas-confira-entrevista-com-o-terapeuta-luiz-amaral\/","title":{"rendered":"[ENTREVISTA] &#8220;Desde crian\u00e7a sonhava ajudando pessoas!&#8221; Confira entrevista com o terapeuta Luiz Amaral"},"content":{"rendered":"<p><em><strong><img decoding=\"async\" loading=\"lazy\" class=\"size-medium wp-image-43634 alignleft\" src=\"http:\/\/portalfloresnoar.com\/floresnoar\/wp-content\/uploads\/2023\/07\/luiz-amaral-terapeuta-1-251x300.jpeg\" alt=\"\" width=\"251\" height=\"300\" srcset=\"https:\/\/portalfloresnoar.com\/floresnoar\/wp-content\/uploads\/2023\/07\/luiz-amaral-terapeuta-1-251x300.jpeg 251w, https:\/\/portalfloresnoar.com\/floresnoar\/wp-content\/uploads\/2023\/07\/luiz-amaral-terapeuta-1-587x700.jpeg 587w, https:\/\/portalfloresnoar.com\/floresnoar\/wp-content\/uploads\/2023\/07\/luiz-amaral-terapeuta-1-768x916.jpeg 768w, https:\/\/portalfloresnoar.com\/floresnoar\/wp-content\/uploads\/2023\/07\/luiz-amaral-terapeuta-1.jpeg 1056w\" sizes=\"(max-width: 251px) 100vw, 251px\" \/>Convidamos o terapeuta Luiz Amaral para nos contar sobre os seus mais de 20 anos de experi\u00eancia com as Terapias Naturais. Luiz \u00e9 integrante do <a href=\"https:\/\/instituto-dois-sois-reiki.webnode.page\/\" target=\"_blank\" rel=\"noopener\">Instituto Dois S\u00f3is Reiki<\/a>, refer\u00eancia na realiza\u00e7\u00e3o de cursos de Reiki no Norte\/Nordeste.\u00a0 Al\u00e9m de oferecer o Reiki, ele tamb\u00e9m disponibiliza atendimentos em Radiestesia, Massoterapia, Auriculoterapia, An\u00e1lise Vibracional Agatha e Acupuntura Coreana das M\u00e3os. Confira a entrevista!<\/strong><\/em><\/p>\n<p><strong>Como iniciou a sua caminhada com as Terapias Integrativas?<\/strong><br \/>\nA minha caminhada pelas Terapias Integrativas come\u00e7ou antes mesmo de eu saber que ia trilhar este caminho. Desde crian\u00e7a, sonhava ajudando pessoas, tendo poderes m\u00e1gicos, voando, e \u00e0s vezes me via como um m\u00e9dico. Mas nunca pensei em fazer medicina, e sim em ser piloto.<\/p>\n<p>Efetivamente, tudo come\u00e7ou entre os anos de 2000 e 2001, per\u00edodo em que passei a acordar com as m\u00e3os como se estivessem enormes, n\u00e3o inchadas, mas enormes, com a sensa\u00e7\u00e3o de que algo precisava sair e n\u00e3o era liberado. Nessa \u00e9poca, fui a um centro esp\u00edrita para assistir a uma palestra e resolvi receber um passe medi\u00fanico. Quando a m\u00e9dium se aproximou, olhou em dire\u00e7\u00e3o \u00e0s minhas m\u00e3os e disse: \u201cVoc\u00ea tem m\u00e3os de cura\u201d. Sai dali com uma sensa\u00e7\u00e3o de que tinha algo a fazer e comecei a procurar respostas para aquela revela\u00e7\u00e3o, at\u00e9 que, certo dia, eu e minha companheira Roberta fomos assistir a uma palestra e no intervalo para o <em>coffee break\u00a0<\/em>encontramos um panfleto que falava de um m\u00e9todo terap\u00eautico que trabalhava com as m\u00e3os, o Reiki. Pegamos o panfleto e fomos direto para l\u00e1. Era uma sexta-feira e j\u00e1 estava na hora de fechar, mas fomos bem atendidos pelo nosso futuro mestre em Reiki, Iapuran Guida. Fizemos as inscri\u00e7\u00f5es e no outro final de semana participamos do curso. Foi espetacular. A partir da\u00ed fiz os n\u00edveis seguintes, concluindo o mestrado em Reiki no ano de 2016.<\/p>\n<p>O Reiki \u00e9 para mim \u00e9 o carro chefe no meu trabalho como terapeuta, aquele que veio primeiro e que n\u00e3o briga com nada, pelo contr\u00e1rio, ele se une e interage com qualquer outra terapia, inclusive com a medicina ocidental.<\/p>\n<p>Depois vieram as demais terapias. Formei-me pelo SENAC em Massoterapia; fiz curso de Acupuntura Coreana das M\u00e3os (KORYO SOOJI TCHIN); Auriculoterapia; Vibra\u00e7\u00e3o \u00c1gata, Radiestesia Ak\u00e1shica, dentre outas.<\/p>\n<p><strong>Como acontecem os atendimentos terap\u00eauticos que voc\u00ea oferece?<\/strong><br \/>\nAtualmente foco nos atendimentos on-line, mas n\u00e3o descarto os atendimentos presenciais, quando necess\u00e1rios.<br \/>\nNos atendimentos utilizo todas as terapias poss\u00edveis, em intera\u00e7\u00e3o com o Reiki. Esse tipo de atendimento denomino de An\u00e1lise Bioenerg\u00e9tica do Ser, pois posso trabalhar o equil\u00edbrio f\u00edsico e energ\u00e9tico \u00e0 dist\u00e2ncia, utilizando t\u00e9cnicas do Reiki, Radiestesia e Mapas dos Pontos Auriculares, das m\u00e3os, dos chakras, dentre outros, que me auxiliam no atendimento, trazendo bem-estar f\u00edsico, mental e energ\u00e9tico ao cliente. Utilizo tamb\u00e9m a Musicoterapia, escolhendo melodias que podem ajudar neste processo.<\/p>\n<p>O tempo de dura\u00e7\u00e3o da sess\u00e3o \u00e9 de uma hora a uma hora e meia, podendo ultrapassar um pouco, dependendo da situa\u00e7\u00e3o que esteja sendo trabalhada.<\/p>\n<p>Utilizo nas sess\u00f5es as terapias que s\u00e3o escolhidas pelo Universo, pois cada Ser vem com uma ou mais necessidades a serem tratadas, sendo avaliado individualmente.<\/p>\n<p><strong>As terapias que voc\u00ea oferece s\u00e3o voltadas para que p\u00fablico?<\/strong><br \/>\nPara qualquer pessoa, pois devemos atender todos aqueles que est\u00e3o precisando de equil\u00edbrio.<\/p>\n<p><strong>Quais os benef\u00edcios de cada uma das terapias oferecidas?<\/strong><br \/>\nCada terapia tem o seu campo de atua\u00e7\u00e3o, mas tamb\u00e9m digo que os benef\u00edcios s\u00e3o iguais, proporcionando um bem-estar f\u00edsico, mental e energ\u00e9tico.<\/p>\n<p>Temos as terapias mais corporais, que trabalham o f\u00edsico como um todo, parte muscular, fisiol\u00f3gica, mental e at\u00e9 de aceita\u00e7\u00e3o, pois existem clientes que t\u00eam pavor ao toque, e quando eles se entregam, saem outra pessoa.<\/p>\n<p>Temos as terapias que trabalham a energia, umas com o aux\u00edlio de equipamentos (agulhas, sementes, aparelhos el\u00e9trico-eletr\u00f4nicos etc.), e outras que s\u00f3 se utilizam das m\u00e3os, como o Reiki.<\/p>\n<p><em>Abaixo, descrevo melhor cada terapia que utilizo nas sess\u00f5es:<\/em><\/p>\n<p>REIKI \u2013 Utilizado durante toda a sess\u00e3o, \u00e9 uma terapia que vai trazer um equil\u00edbrio energ\u00e9tico geral, trabalhando os centros de for\u00e7a, os chakras, reconstruindo-os e equilibrando-os.<\/p>\n<p>RADIESTESIA \u2013 S\u00e3o utilizados dois instrumentos para an\u00e1lise energ\u00e9tica, o aurameter e o p\u00eandulo, que ir\u00e3o auxiliar na detec\u00e7\u00e3o antecipada de desequil\u00edbrios, atrav\u00e9s de uma an\u00e1lise pr\u00e9via, bem como a utiliza\u00e7\u00e3o do p\u00eandulo para trazer uma movimenta\u00e7\u00e3o energ\u00e9tica nos pontos necess\u00e1rios.<\/p>\n<p>AURICULOTERAPIA \u2013 No modo presencial, detectamos os desequil\u00edbrios que est\u00e3o ocorrendo no corpo e nos \u00f3rg\u00e3os e v\u00edsceras (Zanf Fu), atrav\u00e9s de sinais particulares no pavilh\u00e3o auricular, bem como toques feitos com instrumentos espec\u00edficos. A Auriculoterapia proporciona o equil\u00edbrio mental, energ\u00e9tico e f\u00edsico atrav\u00e9s das agulhas, sementes, cristais radi\u00f4nicos e esferas. J\u00e1 no atendimento on-line, quando necess\u00e1rio, ser\u00e1 feita an\u00e1lise energ\u00e9tica atrav\u00e9s do mapa auricular, atrav\u00e9s da utiliza\u00e7\u00e3o de t\u00e9cnicas do Reiki e da Radiestesia.<\/p>\n<p>MASSOTERAPIA \u2013 S\u00f3 \u00e9 realizada presencialmente. S\u00e3o utilizadas t\u00e9cnicas como o Shiatsu, Reflexologia Podal, Ventosaterapia, Moxaterapia, Massagem Sueca, e outras. Todas trazem um equil\u00edbrio n\u00e3o s\u00f3 f\u00edsico, mas tamb\u00e9m emocional e energ\u00e9tico.<\/p>\n<p>AN\u00c1LISE VIBRACIONAL AGHATA &#8211; Pode ser utilizada tanto presencial como on-line. Analisa como est\u00e1 o \u00edndice vibracional do cliente, trazendo-o para o equil\u00edbrio. As taxas vibracionais variam de 0 Hz (Mundo do Terror) at\u00e9 acima de 700 Hz (Expans\u00e3o da Consci\u00eancia).<\/p>\n<p>KORYO SOOJI TCHIN (Acupuntura Coreana das M\u00e3os) \u2013 Aplicada presencialmente, pois precisa do toque, utilizando-se de apalpa\u00e7\u00e3o e agulhas. Geralmente n\u00e3o utilizo agulhas, e sim a palpa\u00e7\u00e3o e o apong (s\u00e3o como microagulhas, mas menos evasivas).<\/p>\n<p><strong>Como agendar os atendimentos?<\/strong><br \/>\nOs agendamentos podem ser feitos atrav\u00e9s do meu Instagram <a href=\"https:\/\/www.instagram.com\/luiz.amaral_rk\" target=\"_blank\" rel=\"noopener\">@luiz.amaral_rk<\/a>, do\u00a0<a href=\"https:\/\/instituto-dois-sois-reiki.webnode.page\/\" target=\"_blank\" rel=\"noopener\">site\u00a0da Dois S\u00f3is Reiki<\/a>\u00a0, ou atrav\u00e9s do meu WhatsApp: (81) 997072099.<\/p>\n<p><strong>Voc\u00ea tamb\u00e9m ministra cursos? Quais?<\/strong><br \/>\nJunto com minha esposa a Reiki Master Roberta Machado, oferecemos os cursos de Reiki nos n\u00edveis 1, 2, 3, 4 e Reiki Master, al\u00e9m de Reiki para Crian\u00e7as.<\/p>\n<p>Ministro tamb\u00e9m os cursos de Aurameter para Reikianos, e Shantala. Novos cursos est\u00e3o na prancheta como &#8216;Reiki para tratamento de Animais&#8217; e &#8216;Viv\u00eancia Terap\u00eautica \u2013 O Terapeuta Excel\u00eancia&#8217;.<\/p>\n<p><strong>Que outras informa\u00e7\u00f5es voc\u00ea acha importante compartilhar nesta entrevista?<\/strong><br \/>\nQuero apenas refor\u00e7ar que todas as terapias hol\u00edsticas naturais trabalham interagindo entre si, e com a medicina ocidental, onde existe espa\u00e7o para todos, em beneficio do bem de todos os seres que necessitam de equil\u00edbrio.<\/p>\n","protected":false},"excerpt":{"rendered":"<p>Convidamos o terapeuta Luiz Amaral para nos contar sobre os seus mais de 20 anos de experi\u00eancia com as Terapias Naturais. Luiz \u00e9 integrante do Instituto Dois S\u00f3is Reiki, refer\u00eancia na realiza\u00e7\u00e3o de cursos de Reiki no Norte\/Nordeste.\u00a0 Al\u00e9m de oferecer o Reiki, ele tamb\u00e9m disponibiliza atendimentos em Radiestesia, Massoterapia, Auriculoterapia, An\u00e1lise Vibracional Agatha e [&hellip;]<\/p>\n","protected":false},"author":1,"featured_media":43632,"comment_status":"open","ping_status":"open","sticky":false,"template":"","format":"standard","meta":{"om_disable_all_campaigns":false,"_monsterinsights_skip_tracking":false,"_monsterinsights_sitenote_active":false,"_monsterinsights_sitenote_note":"","_monsterinsights_sitenote_category":0,"footnotes":""},"categories":[11],"tags":[644,479,360,739,37,638,127],"acf":[],"publishpress_future_action":{"enabled":false,"date":"1969-12-31 21:00:00","action":"","terms":[],"taxonomy":"","browser_timezone_offset":0},"_links":{"self":[{"href":"https:\/\/portalfloresnoar.com\/floresnoar\/wp-json\/wp\/v2\/posts\/43631"}],"collection":[{"href":"https:\/\/portalfloresnoar.com\/floresnoar\/wp-json\/wp\/v2\/posts"}],"about":[{"href":"https:\/\/portalfloresnoar.com\/floresnoar\/wp-json\/wp\/v2\/types\/post"}],"author":[{"embeddable":true,"href":"https:\/\/portalfloresnoar.com\/floresnoar\/wp-json\/wp\/v2\/users\/1"}],"replies":[{"embeddable":true,"href":"https:\/\/portalfloresnoar.com\/floresnoar\/wp-json\/wp\/v2\/comments?post=43631"}],"version-history":[{"count":0,"href":"https:\/\/portalfloresnoar.com\/floresnoar\/wp-json\/wp\/v2\/posts\/43631\/revisions"}],"wp:featuredmedia":[{"embeddable":true,"href":"https:\/\/portalfloresnoar.com\/floresnoar\/wp-json\/wp\/v2\/media\/43632"}],"wp:attachment":[{"href":"https:\/\/portalfloresnoar.com\/floresnoar\/wp-json\/wp\/v2\/media?parent=43631"}],"wp:term":[{"taxonomy":"category","embeddable":true,"href":"https:\/\/portalfloresnoar.com\/floresnoar\/wp-json\/wp\/v2\/categories?post=43631"},{"taxonomy":"post_tag","embeddable":true,"href":"https:\/\/portalfloresnoar.com\/floresnoar\/wp-json\/wp\/v2\/tags?post=43631"}],"curies":[{"name":"wp","href":"https:\/\/api.w.org\/{rel}","templated":true}]}}