

{"id":43621,"date":"2023-02-04T10:30:18","date_gmt":"2023-02-04T13:30:18","guid":{"rendered":"http:\/\/portalfloresnoar.com\/floresnoar\/?p=43621"},"modified":"2023-07-18T13:15:37","modified_gmt":"2023-07-18T16:15:37","slug":"agenda-pe-casa-astral-marca-presenca-na-fenearte-2023","status":"publish","type":"post","link":"https:\/\/portalfloresnoar.com\/floresnoar\/agenda-pe-casa-astral-marca-presenca-na-fenearte-2023\/","title":{"rendered":"[AGENDA PE] Casa Astral marca presen\u00e7a na Fenearte 2023!"},"content":{"rendered":"<p><img decoding=\"async\" loading=\"lazy\" class=\"size-medium wp-image-43625 alignleft\" src=\"http:\/\/portalfloresnoar.com\/floresnoar\/wp-content\/uploads\/2023\/07\/casa-astral-fenearte-2023-244x300.jpeg\" alt=\"\" width=\"244\" height=\"300\" srcset=\"https:\/\/portalfloresnoar.com\/floresnoar\/wp-content\/uploads\/2023\/07\/casa-astral-fenearte-2023-244x300.jpeg 244w, https:\/\/portalfloresnoar.com\/floresnoar\/wp-content\/uploads\/2023\/07\/casa-astral-fenearte-2023-568x700.jpeg 568w, https:\/\/portalfloresnoar.com\/floresnoar\/wp-content\/uploads\/2023\/07\/casa-astral-fenearte-2023.jpeg 720w\" sizes=\"(max-width: 244px) 100vw, 244px\" \/><\/p>\n<p>A Casa Astral marca presen\u00e7a nesta 23\u00aa edi\u00e7\u00e3o da Fenearte, que acontece dos dias 5 a 16 de julho de 2023 no Centro de Conven\u00e7\u00f5es de Pernambuco, em Olinda. Atrav\u00e9s da marca &#8216;Ateli\u00ea Seu Astral&#8217;, estar\u00e3o dispon\u00edveis bonecas de pano, bandeirinhas de chita, fl\u00e2mulas simb\u00f3licas e bolsas ecol\u00f3gicas.<\/p>\n<p>As bonecas s\u00e3o confeccionadas pela artes\u00e3 Cleonice Rodrigues Cardoso. &#8220;H\u00e1 2 anos, tia Cleonice vem participando do at\u00ealie junto com a equipe da Casa Astral, trazendo a t\u00e9cnica das bonecas que aprendeu com a sua av\u00f3. No processo de feitio das bonecas, muitas hist\u00f3rias, autoconhecimento, ancestralidade e criatividade&#8221;, conta Guida Gomes, guardi\u00e3 da Casa Astral.<\/p>\n<p><img decoding=\"async\" loading=\"lazy\" class=\"size-medium wp-image-43624 alignright\" src=\"http:\/\/portalfloresnoar.com\/floresnoar\/wp-content\/uploads\/2023\/07\/bonecas-de-pano-fenearte-246x300.jpeg\" alt=\"\" width=\"246\" height=\"300\" srcset=\"https:\/\/portalfloresnoar.com\/floresnoar\/wp-content\/uploads\/2023\/07\/bonecas-de-pano-fenearte-246x300.jpeg 246w, https:\/\/portalfloresnoar.com\/floresnoar\/wp-content\/uploads\/2023\/07\/bonecas-de-pano-fenearte-574x700.jpeg 574w, https:\/\/portalfloresnoar.com\/floresnoar\/wp-content\/uploads\/2023\/07\/bonecas-de-pano-fenearte.jpeg 720w\" sizes=\"(max-width: 246px) 100vw, 246px\" \/>A Casa Astral \u00e9 um espa\u00e7o independente que tem como miss\u00e3o promover e acolher experi\u00eancias conectadas \u00e0 simplicidade, \u00e0 arte, \u00e0 cultura, \u00e0s viv\u00eancias hol\u00edsticas, \u00e0 sustentabilidade, ao protagonismo feminino e \u00e0 ancestralidade, contribuindo para rela\u00e7\u00f5es mais org\u00e2nicas entre os seres e a natureza. Desde 2015, promove apresenta\u00e7\u00f5es, forma\u00e7\u00f5es, pesquisas, encontros e diversas a\u00e7\u00f5es ligadas \u00e0 criatividade, economia solid\u00e1ria e desenvolvimento pessoal e coletivo. O espa\u00e7o \u2013 criado por Guida Gomes @gomes.guida , e que atualmente conta com uma potente equipe, majoritariamente feminina \u2013 fica localizado numa linda casa no bairro do Po\u00e7o da Panela, no Recife.<\/p>\n<p>SERVI\u00c7O<br \/>\n<strong>Casa Astral na Fenearte<\/strong><br \/>\n<strong>Data:<\/strong> 5 a 16 de julho de 2023<br \/>\n<strong>Hor\u00e1rio:<\/strong> Segunda a quinta, das 14h \u00e0s 22h | S\u00e1bado e domingo, das 10h \u00e0s 22h<br \/>\n<strong>Local:<\/strong> Centro de Conven\u00e7\u00f5es de Pernambuco &#8211; Stand 304 (esquina da rua 12).<\/p>\n<p>MAIS INFORMA\u00c7\u00d5ES<br \/>\n<strong>WhatsApp:<\/strong> (81) 3019-0724<br \/>\n<strong>Instagram:<\/strong> <a href=\"https:\/\/www.instagram.com\/casa.astral\/\" target=\"_blank\" rel=\"noopener\">@casa.astral<\/a><\/p>\n","protected":false},"excerpt":{"rendered":"<p>A Casa Astral marca presen\u00e7a nesta 23\u00aa edi\u00e7\u00e3o da Fenearte, que acontece dos dias 5 a 16 de julho de 2023 no Centro de Conven\u00e7\u00f5es de Pernambuco, em Olinda. Atrav\u00e9s da marca &#8216;Ateli\u00ea Seu Astral&#8217;, estar\u00e3o dispon\u00edveis bonecas de pano, bandeirinhas de chita, fl\u00e2mulas simb\u00f3licas e bolsas ecol\u00f3gicas. As bonecas s\u00e3o confeccionadas pela artes\u00e3 Cleonice [&hellip;]<\/p>\n","protected":false},"author":1,"featured_media":43622,"comment_status":"open","ping_status":"open","sticky":false,"template":"","format":"standard","meta":{"om_disable_all_campaigns":false,"_monsterinsights_skip_tracking":false,"_monsterinsights_sitenote_active":false,"_monsterinsights_sitenote_note":"","_monsterinsights_sitenote_category":0,"footnotes":""},"categories":[8,214],"tags":[45,1357,1278,1358],"acf":[],"publishpress_future_action":{"enabled":false,"date":"1969-12-31 21:00:00","action":"","terms":[],"taxonomy":"","browser_timezone_offset":0},"_links":{"self":[{"href":"https:\/\/portalfloresnoar.com\/floresnoar\/wp-json\/wp\/v2\/posts\/43621"}],"collection":[{"href":"https:\/\/portalfloresnoar.com\/floresnoar\/wp-json\/wp\/v2\/posts"}],"about":[{"href":"https:\/\/portalfloresnoar.com\/floresnoar\/wp-json\/wp\/v2\/types\/post"}],"author":[{"embeddable":true,"href":"https:\/\/portalfloresnoar.com\/floresnoar\/wp-json\/wp\/v2\/users\/1"}],"replies":[{"embeddable":true,"href":"https:\/\/portalfloresnoar.com\/floresnoar\/wp-json\/wp\/v2\/comments?post=43621"}],"version-history":[{"count":0,"href":"https:\/\/portalfloresnoar.com\/floresnoar\/wp-json\/wp\/v2\/posts\/43621\/revisions"}],"wp:featuredmedia":[{"embeddable":true,"href":"https:\/\/portalfloresnoar.com\/floresnoar\/wp-json\/wp\/v2\/media\/43622"}],"wp:attachment":[{"href":"https:\/\/portalfloresnoar.com\/floresnoar\/wp-json\/wp\/v2\/media?parent=43621"}],"wp:term":[{"taxonomy":"category","embeddable":true,"href":"https:\/\/portalfloresnoar.com\/floresnoar\/wp-json\/wp\/v2\/categories?post=43621"},{"taxonomy":"post_tag","embeddable":true,"href":"https:\/\/portalfloresnoar.com\/floresnoar\/wp-json\/wp\/v2\/tags?post=43621"}],"curies":[{"name":"wp","href":"https:\/\/api.w.org\/{rel}","templated":true}]}}