

{"id":43574,"date":"2023-06-03T11:15:35","date_gmt":"2023-06-03T14:15:35","guid":{"rendered":"http:\/\/portalfloresnoar.com\/floresnoar\/?p=43574"},"modified":"2023-07-03T19:38:45","modified_gmt":"2023-07-03T22:38:45","slug":"curta-metragem-ceci-sera-lancado-neste-dia-1o-de-julho-na-cinemateca-brasileira","status":"publish","type":"post","link":"https:\/\/portalfloresnoar.com\/floresnoar\/curta-metragem-ceci-sera-lancado-neste-dia-1o-de-julho-na-cinemateca-brasileira\/","title":{"rendered":"[AGENDA SP] Curta-metragem &#8216;Cec\u00ed&#8217; ser\u00e1 lan\u00e7ado neste dia 1\u00ba de julho na Cinemateca Brasileira"},"content":{"rendered":"<figure id=\"attachment_43576\" aria-describedby=\"caption-attachment-43576\" style=\"width: 631px\" class=\"wp-caption aligncenter\"><img decoding=\"async\" loading=\"lazy\" class=\"wp-image-43576\" src=\"http:\/\/portalfloresnoar.com\/floresnoar\/wp-content\/uploads\/2023\/06\/curta-metragem-Cec\u00ed-_-Duda-Rodrigues-700x395.jpg\" alt=\"\" width=\"631\" height=\"356\" srcset=\"https:\/\/portalfloresnoar.com\/floresnoar\/wp-content\/uploads\/2023\/06\/curta-metragem-Cec\u00ed-_-Duda-Rodrigues-700x395.jpg 700w, https:\/\/portalfloresnoar.com\/floresnoar\/wp-content\/uploads\/2023\/06\/curta-metragem-Cec\u00ed-_-Duda-Rodrigues-300x169.jpg 300w, https:\/\/portalfloresnoar.com\/floresnoar\/wp-content\/uploads\/2023\/06\/curta-metragem-Cec\u00ed-_-Duda-Rodrigues-768x433.jpg 768w, https:\/\/portalfloresnoar.com\/floresnoar\/wp-content\/uploads\/2023\/06\/curta-metragem-Cec\u00ed-_-Duda-Rodrigues.jpg 1080w\" sizes=\"(max-width: 631px) 100vw, 631px\" \/><figcaption id=\"caption-attachment-43576\" class=\"wp-caption-text\">&#8216;Cec\u00ed&#8217; \u00e9 o segundo curta-metragem dirigido por Duda Rodrigues<\/figcaption><\/figure>\n<p>Neste dia 1\u00ba de julho ser\u00e1 lan\u00e7ado o curta-metragem &#8216;Cec\u00ed&#8217;, que conta a hist\u00f3ria de uma boneca de pano e sua trajet\u00f3ria de identifica\u00e7\u00e3o com a pr\u00f3pria personalidade. O lan\u00e7amento ser\u00e1, \u00e0s 15h, na Cinemateca Brasileira, em S\u00e3o Paulo. Logo ap\u00f3s o curta, ser\u00e1 exibido o longa-metragem &#8216;Deu a Louca na Cinderela&#8217;.<\/p>\n<p>Contemplado no edital Proac Lab Express 56\/2020, &#8216;Cec\u00ed&#8217; \u00e9 o segundo curta dirigido por Duda Rodrigues (o primeiro foi &#8216;O homem das gavetas&#8217;). Ap\u00f3s o lan\u00e7amento, &#8216;Cec\u00ed&#8217; entrar\u00e1 nos circuitos de festivais nacionais e internacionais.<\/p>\n<p>Com 10 minutos de dura\u00e7\u00e3o, o filme narra a hist\u00f3ria de Cec\u00ed, uma boneca de pano confeccionada pelas m\u00e3os da velha Fi, que a criou com muito amor e carinho. No peito de Cec\u00ed, a velha Fi coloca uma pedra preciosa que d\u00e1 vida \u00e0 boneca. A personagem ent\u00e3o acorda e embarca em um percurso no qual ir\u00e1 desvendar n\u00e3o s\u00f3 o ambiente ao seu redor, mas tamb\u00e9m a si pr\u00f3pria. Em sua trajet\u00f3ria, Cec\u00ed encontra objetos espalhados pela mesa em que foi criada, cai, levanta-se e dan\u00e7a. Diante do espelho, inicia uma busca pelo seu interior: sua personalidade, seus gostos e vontades.<\/p>\n<p><img decoding=\"async\" loading=\"lazy\" class=\"alignright wp-image-43577 \" src=\"http:\/\/portalfloresnoar.com\/floresnoar\/wp-content\/uploads\/2023\/06\/curta-metragem-Cec\u00ed-2-700x393.jpg\" alt=\"\" width=\"338\" height=\"190\" srcset=\"https:\/\/portalfloresnoar.com\/floresnoar\/wp-content\/uploads\/2023\/06\/curta-metragem-Cec\u00ed-2-700x393.jpg 700w, https:\/\/portalfloresnoar.com\/floresnoar\/wp-content\/uploads\/2023\/06\/curta-metragem-Cec\u00ed-2-300x169.jpg 300w, https:\/\/portalfloresnoar.com\/floresnoar\/wp-content\/uploads\/2023\/06\/curta-metragem-Cec\u00ed-2-768x432.jpg 768w, https:\/\/portalfloresnoar.com\/floresnoar\/wp-content\/uploads\/2023\/06\/curta-metragem-Cec\u00ed-2.jpg 1080w\" sizes=\"(max-width: 338px) 100vw, 338px\" \/>Ao mesmo tempo que essa descoberta interna acontece, Cec\u00ed confronta-se com o mundo exterior, comparando-se com a boneca da revista, que \u00e9 fisicamente bem diferente dela. Tentando imit\u00e1-la, passa a se autodestruir apenas para ser quem n\u00e3o \u00e9. A narrativa traz uma cr\u00edtica ao padr\u00e3o de beleza e suas tens\u00f5es com a identifica\u00e7\u00e3o da ess\u00eancia de Cec\u00ed, disparando uma reflex\u00e3o sobre o padr\u00e3o de beleza estabelecido socialmente, ainda muito forte na sociedade brasileira.<\/p>\n<p>Realizado a partir de uma mistura de t\u00e9cnicas, o curta inova em suas possibilidades visuais, quebrando o senso est\u00e9tico comum para adotar uma presen\u00e7a de textura que gera proximidade com os espectadores.<\/p>\n<p>\u201cO processo de confec\u00e7\u00e3o do projeto foi bem desafiador por utilizar-se de misturas de t\u00e9cnicas animadas, juntando <em>stop motion<\/em>, anima\u00e7\u00e3o 2D e anima\u00e7\u00e3o 3D. A equipe abra\u00e7ou todos os desafios e estou muito contente com o resultado final\u201d, comenta Duda Rodrigues, idealizadora, produtora executiva e diretora de Cec\u00ed.<\/p>\n<p>\u201cCec\u00ed traz uma discuss\u00e3o que \u00e9 muito presente na minha vida, os padr\u00f5es est\u00e9ticos na sociedade, e foi um prazer e um respiro poder ajudar a contar essa hist\u00f3ria atrav\u00e9s de ambienta\u00e7\u00e3o, cores e texturas, sobretudo em um curta metragem nacional\u201d, completa Kaio Moreira, diretor de Arte.<\/p>\n<p>SERVI\u00c7O<br \/>\n<strong>Lan\u00e7amento do curta-metragem &#8216;Cec\u00ed&#8217;<\/strong><br \/>\n<strong>Data:<\/strong> 01 de julho de 2023 (S\u00e1bado)<br \/>\n<strong>Hora:<\/strong> 15h<br \/>\n<strong>Local:<\/strong> Cinemateca Brasileira &#8211; Largo Senador Raul Cardoso, 207 &#8211; Vila Mariana, S\u00e3o Paulo\/SP<\/p>\n<p>FICHA T\u00c9CNICA<br \/>\nProdu\u00e7\u00e3o Executiva: Duda Rodrigues<br \/>\nDire\u00e7\u00e3o: Duda Rodrigues<br \/>\nRoteiro: Pedro Nunes e Duda Rodrigues<br \/>\nStoryboard: Giovanna Affonso<br \/>\nDire\u00e7\u00e3o de Arte: Kaio Moreira<br \/>\nCenografia: Cassandra Reis<br \/>\nDire\u00e7\u00e3o de fotografia: Rafael de Almeida<br \/>\nAssist\u00eancia de fotografia: Vitor Serrano<br \/>\nMotion Control: Andre Souza<br \/>\nDesign de personagem: Brian Kodama, Kaio Moreira, Julia B. Melo<br \/>\nDesign de Cen\u00e1rio: Lua Costa<br \/>\nIdentidade Visual: Hanna S\u00e1<br \/>\nPoster: Kaio Moreira<br \/>\nDesign da Revista: Maria Paula Ferraz Dias<br \/>\nCr\u00e9ditos: Kaio Moreira<br \/>\nModelagem: Brian Kodama<br \/>\nAssets: Pedro Neto<br \/>\nLuz textura e render: Duda Rodrigues e Brian Kodama<br \/>\nRigger: Jonatas Ribeiro<br \/>\nAnima\u00e7\u00e3o 3D: Aline Barone<br \/>\nAnima\u00e7\u00e3o 2D: Giovanna Affonso<br \/>\nMontagem: Juliana Rogge<br \/>\nP\u00f3s-Produ\u00e7\u00e3o: Agatha Guimar\u00e3es e Rafael de Almeida<br \/>\nColor Grading: Rafael de Almeida<br \/>\nTrilha sonora e mixagem: Jo\u00e3o Victor dos Santos<br \/>\nAssessoria Juridica: Carol Narchi<br \/>\nAssessoria Cont\u00e1bil: Teresinha Bianchini<br \/>\nAssessoria de Imprensa: Tatiana Diniz<br \/>\nAluguel de objetos: Objetos de Cena<br \/>\nApoio: Vetor Zero<br \/>\nGr\u00e1fica: Ativa Online<\/p>\n","protected":false},"excerpt":{"rendered":"<p>Neste dia 1\u00ba de julho ser\u00e1 lan\u00e7ado o curta-metragem &#8216;Cec\u00ed&#8217;, que conta a hist\u00f3ria de uma boneca de pano e sua trajet\u00f3ria de identifica\u00e7\u00e3o com a pr\u00f3pria personalidade. O lan\u00e7amento ser\u00e1, \u00e0s 15h, na Cinemateca Brasileira, em S\u00e3o Paulo. Logo ap\u00f3s o curta, ser\u00e1 exibido o longa-metragem &#8216;Deu a Louca na Cinderela&#8217;. Contemplado no edital [&hellip;]<\/p>\n","protected":false},"author":1,"featured_media":43576,"comment_status":"open","ping_status":"open","sticky":false,"template":"","format":"standard","meta":{"om_disable_all_campaigns":false,"_monsterinsights_skip_tracking":false,"_monsterinsights_sitenote_active":false,"_monsterinsights_sitenote_note":"","_monsterinsights_sitenote_category":0,"footnotes":""},"categories":[8,290],"tags":[121,63,1352,746],"acf":[],"publishpress_future_action":{"enabled":false,"date":"1969-12-31 21:00:00","action":"","terms":[],"taxonomy":"","browser_timezone_offset":0},"_links":{"self":[{"href":"https:\/\/portalfloresnoar.com\/floresnoar\/wp-json\/wp\/v2\/posts\/43574"}],"collection":[{"href":"https:\/\/portalfloresnoar.com\/floresnoar\/wp-json\/wp\/v2\/posts"}],"about":[{"href":"https:\/\/portalfloresnoar.com\/floresnoar\/wp-json\/wp\/v2\/types\/post"}],"author":[{"embeddable":true,"href":"https:\/\/portalfloresnoar.com\/floresnoar\/wp-json\/wp\/v2\/users\/1"}],"replies":[{"embeddable":true,"href":"https:\/\/portalfloresnoar.com\/floresnoar\/wp-json\/wp\/v2\/comments?post=43574"}],"version-history":[{"count":0,"href":"https:\/\/portalfloresnoar.com\/floresnoar\/wp-json\/wp\/v2\/posts\/43574\/revisions"}],"wp:featuredmedia":[{"embeddable":true,"href":"https:\/\/portalfloresnoar.com\/floresnoar\/wp-json\/wp\/v2\/media\/43576"}],"wp:attachment":[{"href":"https:\/\/portalfloresnoar.com\/floresnoar\/wp-json\/wp\/v2\/media?parent=43574"}],"wp:term":[{"taxonomy":"category","embeddable":true,"href":"https:\/\/portalfloresnoar.com\/floresnoar\/wp-json\/wp\/v2\/categories?post=43574"},{"taxonomy":"post_tag","embeddable":true,"href":"https:\/\/portalfloresnoar.com\/floresnoar\/wp-json\/wp\/v2\/tags?post=43574"}],"curies":[{"name":"wp","href":"https:\/\/api.w.org\/{rel}","templated":true}]}}