

{"id":43565,"date":"2023-06-28T11:33:48","date_gmt":"2023-06-28T14:33:48","guid":{"rendered":"http:\/\/portalfloresnoar.com\/floresnoar\/?p=43565"},"modified":"2023-06-28T11:33:48","modified_gmt":"2023-06-28T14:33:48","slug":"chamo-estrela-julho-de-2023-temporada-canceriana-e-mudanca-dos-nodos-lunares","status":"publish","type":"post","link":"https:\/\/portalfloresnoar.com\/floresnoar\/chamo-estrela-julho-de-2023-temporada-canceriana-e-mudanca-dos-nodos-lunares\/","title":{"rendered":"[CHAMO ESTRELA]  Julho de 2023 \u2013 temporada Canceriana e mudan\u00e7a dos Nodos Lunares"},"content":{"rendered":"<p><img decoding=\"async\" loading=\"lazy\" class=\"aligncenter wp-image-43566\" src=\"http:\/\/portalfloresnoar.com\/floresnoar\/wp-content\/uploads\/2023\/06\/NODOS-LUNARES-_-imagem-editada-creative-commons-700x386.jpg\" alt=\"https:\/\/commons.wikimedia.org\/wiki\/File:Nodoslunares.jpg\" width=\"600\" height=\"331\" srcset=\"https:\/\/portalfloresnoar.com\/floresnoar\/wp-content\/uploads\/2023\/06\/NODOS-LUNARES-_-imagem-editada-creative-commons-700x386.jpg 700w, https:\/\/portalfloresnoar.com\/floresnoar\/wp-content\/uploads\/2023\/06\/NODOS-LUNARES-_-imagem-editada-creative-commons-300x166.jpg 300w, https:\/\/portalfloresnoar.com\/floresnoar\/wp-content\/uploads\/2023\/06\/NODOS-LUNARES-_-imagem-editada-creative-commons-768x424.jpg 768w, https:\/\/portalfloresnoar.com\/floresnoar\/wp-content\/uploads\/2023\/06\/NODOS-LUNARES-_-imagem-editada-creative-commons-672x372.jpg 672w, https:\/\/portalfloresnoar.com\/floresnoar\/wp-content\/uploads\/2023\/06\/NODOS-LUNARES-_-imagem-editada-creative-commons.jpg 1080w\" sizes=\"(max-width: 600px) 100vw, 600px\" \/><\/p>\n<p>|\u00a0<em>Por Ana Ghandra*<\/em>\u00a0|<\/p>\n<p>Seguimos no cont\u00ednuo movimento da Terra e dos Astros, caminhando pelo labirinto de emo\u00e7\u00f5es, viv\u00eancias, afetos e circunst\u00e2ncias que permeiam a exist\u00eancia humana.<\/p>\n<p>Aqui, sob a \u00f3tica da Astrologia, que nos oferece uma linguagem pr\u00f3pria de entendimento destes eventos, buscamos traduzir este emaranhado de s\u00edmbolos e prover alguma luz de entendimento sobre eles.<\/p>\n<p>Passamos pela intensa e transformadora temporada de eclipses (Abril\/Maio deste ano), e acabamos de atravessar o solst\u00edcio de inverno (hemisf\u00e9rio Sul), com a entrada do Sol no signo de C\u00e2ncer, para agora irmos a uma nova etapa: a mudan\u00e7a de eixo dos Nodos Lunares.<\/p>\n<p>Eu j\u00e1 <a href=\"http:\/\/portalfloresnoar.com\/floresnoar\/chamo-estrela-mas-eis-que-chega-a-roda-viva-e-carrega-o-destino-pra-la-a-mudanca-dos-nodos-lunares-para-o-eixo-touro-escorpiao\/\" target=\"_blank\" rel=\"noopener\">escrevi sobre a import\u00e2ncia dos Nodos Lunares para a Astrologia<\/a>), quando tivemos a transi\u00e7\u00e3o para o Eixo Touro\/Escorpi\u00e3o, onde vivenciamos profundos balan\u00e7os em nossa seguran\u00e7a e estabilidade (temas taurinos), como tamb\u00e9m em nossos afetos e obsess\u00f5es mais \u00edntimos (temas escorpianos).<\/p>\n<p>Os nodos marcam pontos de alinhamento entre o Sol, a Lua e a Terra, por isso eles regem os temas dos Eclipses, e agora se movendo para o eixo \u00c1ries e Libra indicam que temas como relacionamentos X individualidade estar\u00e3o em voga nos pr\u00f3ximos 18 meses.<\/p>\n<p>De alguma forma, tudo que adquirimos de aprendizado durante estes \u00faltimos 18 meses (Nodo Norte em Touro e Nodo Sul em Escorpi\u00e3o) pode ter nos espremido e nos feito questionar:<br \/>\n* Onde reside minha seguran\u00e7a?<br \/>\n* Com quem posso contar?<br \/>\n* Confio em quem compartilha a minha intimidade?<br \/>\n* Como posso prover mais estabilidade em minha vida?<br \/>\n* O que possuo, valorizo?<\/p>\n<p>E agora, no eixo \u00c1ries e Libra, que trabalham os aspectos Eu X Outro, podemos nos sentir puxados em duas dire\u00e7\u00f5es, ambas importantes e que nos trar\u00e3o valiosas li\u00e7\u00f5es:<\/p>\n<p>&gt;&gt;&gt; Quest\u00f5es relativas ao eu, \u00e0 individualidade, &#8216;quem sou&#8217;, aprendizados sobre contar apenas consigo e recriar a pr\u00f3pria vida, a partir dos pr\u00f3prios termos; e as sombras destes aspectos: individualismo, territorialismo, agressividade, impulsividade, viol\u00eancia. (Nodo Norte em \u00c1ries).<\/p>\n<p>&gt;&gt;&gt; Quest\u00f5es relacionais, parcerias, casamentos, aprender a legitimar e validar o outro, criar consenso, diplomacia, harmonia, arte, paz; e as sombras: rela\u00e7\u00f5es k\u00e1rmicas de co-depend\u00eancia, abdicar de si para agradar o outro, incapacidade de gerenciar conflitos, positividade t\u00f3xica, desafios em olhar para aquilo que desagrada.<\/p>\n<p>Portanto, estaremos alinhando estas duas \u00e1reas de nossas vidas. Se est\u00e1vamos muito absorvidos por quest\u00f5es individuais, podemos nesses pr\u00f3ximos 18 meses precisar cultivar mais nossas parcerias. Se est\u00e1vamos muito dependentes em nossas rela\u00e7\u00f5es, chegou o momento de gestar a si pr\u00f3prio, encontrar em si esta coragem e acreditar mais em si mesmo.<\/p>\n<p>E essas podem ser uma tarefas bastante dolorosas, que ir\u00e3o nos testar em nosso \u00edmpeto verdadeiro, visto que Qu\u00edron (o curador-ferido) continua sua jornada pelo signo de \u00c1ries, desde 2019.<\/p>\n<p>Em \u00c1ries, Qu\u00edron toca em pontos de dor e vulnerabilidade, no que tange \u00e0 nossa ess\u00eancia como ser, \u00e0 nossa for\u00e7a em existir com um corpo humano, &#8216;quem sou aqui neste planeta&#8217;, &#8216;o que me define&#8217;.<\/p>\n<p>Os desafios de Qu\u00edron em \u00c1ries, em sua jornada de compreens\u00e3o e de busca por sabedoria, implicam:<br \/>\n&gt;&gt;&gt; Ir al\u00e9m da tend\u00eancia impulsiva de responder \u00e0quilo que fere de forma agressiva, competitiva e violenta, sem considerar o outro.<br \/>\n&gt;&gt;&gt; ser capaz de superar o outro extremo, que \u00e9 desacreditar de si mesmo, se achar sem for\u00e7a interna para alcan\u00e7ar aquilo que deseja e, assim, desiste, se acha fraco, n\u00e3o merecedor e incapaz.<\/p>\n<p>Durante a segunda quinzena de julho, podem ocorrer eventos mais dr\u00e1sticos em rela\u00e7\u00e3o a estes temas dos Nodos no eixo \u00c1ries e Libra, porque Plut\u00e3o (que desde junho, retornou a Capric\u00f3rnio) ir\u00e1 quadrar os Nodos de forma exata, a 29 graus, acionando tamb\u00e9m o Eclipse Solar ocorrido em no dia 19 de abril deste ano.<\/p>\n<p>Se este eclipse de abril trouxe algum evento fat\u00eddico para sua vida, \u00e9 poss\u00edvel que ocorra um desdobramento disso (lembrando que Plut\u00e3o trabalha muito com eventos que fogem ao nosso controle, nos obrigando a olhar para aquilo que estava submerso nas sombras de nossa psiqu\u00ea).<\/p>\n<p>A Lua Nova Canceriana do dia 17 de julho, ir\u00e1 marcar este momento, pois vir\u00e1 de uma oposi\u00e7\u00e3o exata com Plut\u00e3o, criando uma grande cruz cardeal (todos os signos cardeais \u2013 que marcam in\u00edcios \u2013 estar\u00e3o sendo ativados).<\/p>\n<p>\u00c9 um momento bastante potente de mudan\u00e7as que podem mexer com nossas vidas \u00edntimas (C\u00e2ncer) trabalho e carreira (Capric\u00f3rnio), individualidade, e decis\u00f5es mais voltadas pro &#8216;eu&#8217; (\u00c1ries) e nossas rela\u00e7\u00f5es\/casamentos\/parcerias (Libra).<\/p>\n<p>Neste fogo cruzado, precisaremos encontrar algum equil\u00edbrio, sendo capazes de gerenciar estas m\u00faltiplas motiva\u00e7\u00f5es de nossas vidas. Talvez alguma se sobressaia, exigindo de n\u00f3s mais aten\u00e7\u00e3o, em detrimento de outra, e a\u00ed o que vale \u00e9 o discernimento de eleger sabiamente o que ser\u00e1 contemplado.<\/p>\n<p>V\u00eanus, que rege, a partir de julho, o Nodo Sul em Libra, ir\u00e1 entrar em movimento retr\u00f3grado dia 22 de julho e podemos atravessar crises em nossas rela\u00e7\u00f5es, ou reavalia\u00e7\u00f5es sobre parcerias do passado.<\/p>\n<p>Em Le\u00e3o, V\u00eanus retrogradando nos convida a um mergulho mais profundo sobre nossos valores &#8211; quais s\u00e3o reflexos narc\u00edsicos e desiquilibrados pelas dores de nossa crian\u00e7a ferida (sombras leoninas) e como podemos fomentar nossa autoestima a partir de um autoamor mais saud\u00e1vel, que passe pela generosidade verdadeira (virtudes leoninas).<\/p>\n<p>Julho, portanto, vem com for\u00e7a de eclipses, porque marca a mudan\u00e7a dos Nodos e aciona o eclipse em \u00c1ries de abril. \u00c9 um momento de aglutinar saberes e aprendizados, evitando com maestria cair em velhos padr\u00f5es e armadilhas autossabotadoras. Praticar o que se aprendeu \u00e9 a melhor forma de honrar os percal\u00e7os por ter se equivocado. E em julho teremos a chance de provar a nossa sabedoria.<\/p>\n<p><img decoding=\"async\" loading=\"lazy\" class=\"wp-image-40804 alignleft\" src=\"http:\/\/portalfloresnoar.com\/floresnoar\/wp-content\/uploads\/2022\/01\/astrologa-ana-ghandra-525x700@2x.jpeg\" sizes=\"(max-width: 202px) 100vw, 202px\" srcset=\"http:\/\/portalfloresnoar.com\/floresnoar\/wp-content\/uploads\/2022\/01\/astrologa-ana-ghandra-525x700.jpeg 525w, http:\/\/portalfloresnoar.com\/floresnoar\/wp-content\/uploads\/2022\/01\/astrologa-ana-ghandra-225x300.jpeg 225w, http:\/\/portalfloresnoar.com\/floresnoar\/wp-content\/uploads\/2022\/01\/astrologa-ana-ghandra-768x1024.jpeg 768w, http:\/\/portalfloresnoar.com\/floresnoar\/wp-content\/uploads\/2022\/01\/astrologa-ana-ghandra.jpeg 1200w\" alt=\"\" width=\"202\" height=\"269\" \/><\/p>\n<p>&nbsp;<\/p>\n<p><em>* Ana Ghandra \u00e9 mineira, radicada na Chapada Diamantina. H\u00e1 20 anos estuda Astrologia e pratica a interpreta\u00e7\u00e3o de mapas. Nos \u00faltimos anos tem dedicado sua pesquisa \u00e0 fomenta\u00e7\u00e3o de pontes entre a Astrologia, a contemporaneidade, a espiritualidade e a pol\u00edtica.<\/em><\/p>\n<p><strong><em>* CONTATOS<\/em><\/strong><br \/>\n<em><strong>E-mail:<\/strong>\u00a0anaghandra@gmail.com<\/em><br \/>\n<em><strong>Instagram:<\/strong>\u00a0<a href=\"https:\/\/www.instagram.com\/anaghandra\/\" target=\"_blank\" rel=\"noopener\">@anaghandra<\/a><\/em><\/p>\n","protected":false},"excerpt":{"rendered":"<p>|\u00a0Por Ana Ghandra*\u00a0| Seguimos no cont\u00ednuo movimento da Terra e dos Astros, caminhando pelo labirinto de emo\u00e7\u00f5es, viv\u00eancias, afetos e circunst\u00e2ncias que permeiam a exist\u00eancia humana. Aqui, sob a \u00f3tica da Astrologia, que nos oferece uma linguagem pr\u00f3pria de entendimento destes eventos, buscamos traduzir este emaranhado de s\u00edmbolos e prover alguma luz de entendimento sobre [&hellip;]<\/p>\n","protected":false},"author":1,"featured_media":43566,"comment_status":"open","ping_status":"open","sticky":false,"template":"","format":"standard","meta":{"om_disable_all_campaigns":false,"_monsterinsights_skip_tracking":false,"_monsterinsights_sitenote_active":false,"_monsterinsights_sitenote_note":"","_monsterinsights_sitenote_category":0,"footnotes":""},"categories":[1086,220],"tags":[499,18,1242,1091,1344],"acf":[],"publishpress_future_action":{"enabled":false,"date":"1969-12-31 21:00:00","action":"","terms":[],"taxonomy":"","browser_timezone_offset":0},"_links":{"self":[{"href":"https:\/\/portalfloresnoar.com\/floresnoar\/wp-json\/wp\/v2\/posts\/43565"}],"collection":[{"href":"https:\/\/portalfloresnoar.com\/floresnoar\/wp-json\/wp\/v2\/posts"}],"about":[{"href":"https:\/\/portalfloresnoar.com\/floresnoar\/wp-json\/wp\/v2\/types\/post"}],"author":[{"embeddable":true,"href":"https:\/\/portalfloresnoar.com\/floresnoar\/wp-json\/wp\/v2\/users\/1"}],"replies":[{"embeddable":true,"href":"https:\/\/portalfloresnoar.com\/floresnoar\/wp-json\/wp\/v2\/comments?post=43565"}],"version-history":[{"count":0,"href":"https:\/\/portalfloresnoar.com\/floresnoar\/wp-json\/wp\/v2\/posts\/43565\/revisions"}],"wp:featuredmedia":[{"embeddable":true,"href":"https:\/\/portalfloresnoar.com\/floresnoar\/wp-json\/wp\/v2\/media\/43566"}],"wp:attachment":[{"href":"https:\/\/portalfloresnoar.com\/floresnoar\/wp-json\/wp\/v2\/media?parent=43565"}],"wp:term":[{"taxonomy":"category","embeddable":true,"href":"https:\/\/portalfloresnoar.com\/floresnoar\/wp-json\/wp\/v2\/categories?post=43565"},{"taxonomy":"post_tag","embeddable":true,"href":"https:\/\/portalfloresnoar.com\/floresnoar\/wp-json\/wp\/v2\/tags?post=43565"}],"curies":[{"name":"wp","href":"https:\/\/api.w.org\/{rel}","templated":true}]}}