

{"id":43529,"date":"2023-06-21T12:00:53","date_gmt":"2023-06-21T15:00:53","guid":{"rendered":"http:\/\/portalfloresnoar.com\/floresnoar\/?p=43529"},"modified":"2024-09-23T20:25:37","modified_gmt":"2024-09-23T23:25:37","slug":"o-sol-entra-no-signo-de-cancer-marcando-o-inicio-do-inverno-no-hemisferio-sul","status":"publish","type":"post","link":"https:\/\/portalfloresnoar.com\/floresnoar\/o-sol-entra-no-signo-de-cancer-marcando-o-inicio-do-inverno-no-hemisferio-sul\/","title":{"rendered":"O Sol entra no signo de C\u00e2ncer, marcando o in\u00edcio do Inverno no Hemisf\u00e9rio Sul"},"content":{"rendered":"<p>Neste dia 21\/6\/2023, de acordo com a Astrologia Tropical, o Sol entra no signo de C\u00e2ncer, \u00e0s 11h57, marcando c\u00e1 no Hemisf\u00e9rio Sul o Solst\u00edcio de Inverno.<\/p>\n<p>\u00c9 no Solst\u00edcio de Inverno que acontece a noite mais longa do ano (onde ficamos mais distante do Sol). \u00c9 tamb\u00e9m o momento do ano que marca o retorno gradativo da luz, no sentindo real e simb\u00f3lico. Na Roda do Ano, \u00e9 tempo de celebrar o Sabbat de Yule, quando se comemora o nascimento do Deus Sol.<\/p>\n<p>O astr\u00f3logo Dimitri Camiloto nos lembra que &#8220;\u00e9 momento de meditar no sil\u00eancio da noite absoluta, receptivo a sua fecundidade e seus mist\u00e9rios, pronto para renovar-se atrav\u00e9s de um novo ciclo crescente de luz e calor que come\u00e7a a engatinhar. A escurid\u00e3o maior \u00e9 o marco divis\u00f3rio entre um tempo que passou e um novo que se inicia. A partir de agora o Sol Invictus retornar\u00e1 gradativamente e cada vez mais glorioso, mas \u00e9 preciso existir aceita\u00e7\u00e3o e compreens\u00e3o de que sempre existe um processo de estagna\u00e7\u00e3o, morte, enriquecimento do solo com a mat\u00e9ria que se decomp\u00f5e dessa morte, germina\u00e7\u00e3o e renascimento.\u201d<\/p>\n<p>\u201cAp\u00f3s o plantio na Primavera, o amadurecimento no Ver\u00e3o, a colheita no Outono, chega ent\u00e3o o Inverno, momento de olhar as sementes, ver o que valeu \u00e0 pena e o que j\u00e1 n\u00e3o faz sentido, para ent\u00e3o se desfazer do que n\u00e3o serve mais\u201d, nos lembra a terapeuta Elisa Rodrigues, idealizadora do projeto Caminhando em Beleza.<\/p>\n<p>Aqui no Hemisf\u00e9rio Sul, n\u00e3o por acaso, o Inverno chega na \u00e9poca das festividades de S\u00e3o Jo\u00e3o, onde temos a fogueira como um dos principais s\u00edmbolos da festa. \u00c9 o momento de queimar simbolicamente o que n\u00e3o tem mais serventia, deixando morrer o que precisa morrer e abrindo espa\u00e7o pro novo.<\/p>\n<p>\u00c9 comum a gente lembrar do termo \u2018hibernar\u2019, quando se ouve falar em Inverno. E \u00e9 isso mesmo. Inverno \u00e9 tempo de introspec\u00e7\u00e3o, repouso, acolhimento, autoprote\u00e7\u00e3o, sil\u00eancio, medita\u00e7\u00e3o, contempla\u00e7\u00e3o, reflex\u00e3o, revis\u00e3o, avalia\u00e7\u00e3o, aceita\u00e7\u00e3o.<\/p>\n<p>De acordo com os astr\u00f3logos, a entrada do Sol em C\u00e2ncer traz uma energia favor\u00e1vel para refletirmos sobre as nossas emo\u00e7\u00f5es, o nosso passado, a nossa fam\u00edlia, sendo uma ocasi\u00e3o bem boa para mergulharmos no autoconhecimento, na sabedoria interior.<\/p>\n<p>Segundo a astr\u00f3loga D\u00e9bora Mechica, por 2023 ser um ano regido pela Lua, estamos oscilando muito emocionalmente, desde a entrada do Sol em \u00c1ries (em 20 de mar\u00e7o), e agora, com o Sol no signo de C\u00e2ncer, teremos que aprender a lidar ainda mais com essa inconst\u00e2ncia emocional, assim como com o aprisionamento ao passado. &#8220;Precisamos nos desvincular de hist\u00f3rias que nos afetaram, entendendo e respeitando os acontecimentos, mas soltando o passado para seguirmos em frente&#8221;.<\/p>\n<p>Que aproveitemos essa mudan\u00e7a de esta\u00e7\u00e3o, e alimentemos a nossa chama interna, com coragem pra transformar o que sabemos que precisa ser transformado. E que tenhamos \u00e2nimo para seguirmos aquecidas\/os nesses tempos mais frios.<\/p>\n","protected":false},"excerpt":{"rendered":"<p>Neste dia 21\/6\/2023, de acordo com a Astrologia Tropical, o Sol entra no signo de C\u00e2ncer, \u00e0s 11h57, marcando c\u00e1 no Hemisf\u00e9rio Sul o Solst\u00edcio de Inverno. \u00c9 no Solst\u00edcio de Inverno que acontece a noite mais longa do ano (onde ficamos mais distante do Sol). \u00c9 tamb\u00e9m o momento do ano que marca o [&hellip;]<\/p>\n","protected":false},"author":1,"featured_media":43531,"comment_status":"open","ping_status":"open","sticky":false,"template":"","format":"standard","meta":{"om_disable_all_campaigns":false,"_monsterinsights_skip_tracking":false,"_monsterinsights_sitenote_active":false,"_monsterinsights_sitenote_note":"","_monsterinsights_sitenote_category":0,"footnotes":""},"categories":[10,1240],"tags":[18,871,556,1344,1342,1343],"acf":[],"publishpress_future_action":{"enabled":false,"date":"1969-12-31 21:00:00","action":"","terms":[],"taxonomy":"","browser_timezone_offset":0},"_links":{"self":[{"href":"https:\/\/portalfloresnoar.com\/floresnoar\/wp-json\/wp\/v2\/posts\/43529"}],"collection":[{"href":"https:\/\/portalfloresnoar.com\/floresnoar\/wp-json\/wp\/v2\/posts"}],"about":[{"href":"https:\/\/portalfloresnoar.com\/floresnoar\/wp-json\/wp\/v2\/types\/post"}],"author":[{"embeddable":true,"href":"https:\/\/portalfloresnoar.com\/floresnoar\/wp-json\/wp\/v2\/users\/1"}],"replies":[{"embeddable":true,"href":"https:\/\/portalfloresnoar.com\/floresnoar\/wp-json\/wp\/v2\/comments?post=43529"}],"version-history":[{"count":1,"href":"https:\/\/portalfloresnoar.com\/floresnoar\/wp-json\/wp\/v2\/posts\/43529\/revisions"}],"predecessor-version":[{"id":45399,"href":"https:\/\/portalfloresnoar.com\/floresnoar\/wp-json\/wp\/v2\/posts\/43529\/revisions\/45399"}],"wp:featuredmedia":[{"embeddable":true,"href":"https:\/\/portalfloresnoar.com\/floresnoar\/wp-json\/wp\/v2\/media\/43531"}],"wp:attachment":[{"href":"https:\/\/portalfloresnoar.com\/floresnoar\/wp-json\/wp\/v2\/media?parent=43529"}],"wp:term":[{"taxonomy":"category","embeddable":true,"href":"https:\/\/portalfloresnoar.com\/floresnoar\/wp-json\/wp\/v2\/categories?post=43529"},{"taxonomy":"post_tag","embeddable":true,"href":"https:\/\/portalfloresnoar.com\/floresnoar\/wp-json\/wp\/v2\/tags?post=43529"}],"curies":[{"name":"wp","href":"https:\/\/api.w.org\/{rel}","templated":true}]}}