

{"id":43525,"date":"2023-06-19T13:41:43","date_gmt":"2023-06-19T16:41:43","guid":{"rendered":"http:\/\/portalfloresnoar.com\/floresnoar\/?p=43525"},"modified":"2023-07-19T08:48:50","modified_gmt":"2023-07-19T11:48:50","slug":"agenda-pe-terapeuta-scheila-gomes-realiza-atendimentos-no-espaco-gerar-no-recife","status":"publish","type":"post","link":"https:\/\/portalfloresnoar.com\/floresnoar\/agenda-pe-terapeuta-scheila-gomes-realiza-atendimentos-no-espaco-gerar-no-recife\/","title":{"rendered":"[AGENDA PE] Terapeuta Scheila Gomes realiza atendimentos no Espa\u00e7o Gerar, no Recife"},"content":{"rendered":"<p><img decoding=\"async\" loading=\"lazy\" class=\"wp-image-43526 alignleft\" src=\"http:\/\/portalfloresnoar.com\/floresnoar\/wp-content\/uploads\/2023\/06\/terapeuta-Sheila-Gomes-2-525x700.jpeg\" alt=\"\" width=\"301\" height=\"402\" srcset=\"https:\/\/portalfloresnoar.com\/floresnoar\/wp-content\/uploads\/2023\/06\/terapeuta-Sheila-Gomes-2-525x700.jpeg 525w, https:\/\/portalfloresnoar.com\/floresnoar\/wp-content\/uploads\/2023\/06\/terapeuta-Sheila-Gomes-2-225x300.jpeg 225w, https:\/\/portalfloresnoar.com\/floresnoar\/wp-content\/uploads\/2023\/06\/terapeuta-Sheila-Gomes-2-768x1024.jpeg 768w, https:\/\/portalfloresnoar.com\/floresnoar\/wp-content\/uploads\/2023\/06\/terapeuta-Sheila-Gomes-2.jpeg 1080w\" sizes=\"(max-width: 301px) 100vw, 301px\" \/>A terapeuta Scheila Gomes est\u00e1 oferecendo atendimentos presenciais no Espa\u00e7o Gerar, localizado no Po\u00e7o da Panela, no Recife, com as seguintes t\u00e9cnicas: Psicoterapia Corporal, Constela\u00e7\u00e3o Sist\u00eamica Familiar, Terapia de Casal e Fam\u00edlia, Ritmos do Cora\u00e7\u00e3o (BioCore Movement), al\u00e9m de Mentoria Profissional. Os atendimentos s\u00e3o disponibilizados para jovens (a partir de 16 anos), adultos, idosos, escolas e organiza\u00e7\u00f5es.<\/p>\n<p>De acordo com a terapeuta, as sess\u00f5es promovem harmonia, bem-estar, cuidado integrativo, libera\u00e7\u00e3o de estresse-tens\u00e3o e bloqueios que impedem o fluxo saud\u00e1vel para a vida, cuidado com a ansiedade, resgate com a for\u00e7a criativa, alinhamento das emo\u00e7\u00f5es e enraizamento da sa\u00fade integral do corpo.<\/p>\n<p><em><strong>Confira abaixo informa\u00e7\u00f5es sobre cada servi\u00e7o:<\/strong><\/em><\/p>\n<p>&#8211; <strong>Psicoterapia Corporal<\/strong>: Trabalho de psicoterapia com foco na an\u00e1lise bioenerg\u00e9tica e sist\u00eamica tem como objetivo trazer aqueles que procuram a harmonia entre o corpo, mente e emo\u00e7\u00f5es, libera\u00e7\u00e3o de traumas, estresses e tens\u00f5es, atua tamb\u00e9m no cuidar da depress\u00e3o e da ansiedade e demais transtornos que impedem o fluxo saud\u00e1vel para a vida.<\/p>\n<p>&#8211; <strong>Constela\u00e7\u00e3o Sist\u00eamica Familiar<\/strong>: Atendimentos individuais, organizacionais e em grupo de Constela\u00e7\u00e3o Sist\u00eamica Familiar<\/p>\n<p>&#8211; <strong>Terapia de Casal e Fam\u00edlia<\/strong>: Atendimentos de Psicoterapia para casal e fam\u00edlia<\/p>\n<p>&#8211; <strong>Ritmos do Cora\u00e7\u00e3o &#8211; BioCore Movement<\/strong>: Trabalho que acessa o cora\u00e7\u00e3o atrav\u00e9s das mov\u00eancias corporais e da musicalidade indiana com o objetivo de reconhecer-ressignificar as cren\u00e7as limitantes, liberar medos e travas para fluxo de crescimento da vida, ancorar a real ess\u00eancia e assim poder manifestar as potencialidades do proposito alinhados com o uso dos dons e talentos.<\/p>\n<p>&#8211; <strong>Mentoria Profissional<\/strong>: Trabalho focado na vida profissional, realinhamento e transi\u00e7\u00e3o de carreira com foco no proposito.<\/p>\n<p>SOBRE A TERAPEUTA<br \/>\n<strong>Scheila Patr\u00edcia Gomes<\/strong> \u00e9 especialista em Psicologia Cl\u00ednica, Analista Bioenerg\u00e9tica CBT \u2013 Local trainer, Especialista em Terapia de Casal e Fam\u00edlia, Especialista em Constela\u00e7\u00e3o Sist\u00eamica Familiar (pelo Hellinger Institut), e idealizadora do Projeto Santosha \u2013 Escola do Despertar.<\/p>\n<p>LOCAL DE ATENDIMENTO:\u00a0<strong>Gerar &#8211; Psicologia, Arteterapia e Bem-Estar<\/strong> <b>&#8211;<\/b>\u00a0Rua Luiz Guimar\u00e3es, 253, Po\u00e7o da Panela, Recife\/PE.<br \/>\n<em>(Mapa com a localiza\u00e7\u00e3o:\u00a0<a href=\"https:\/\/maps.app.goo.gl\/kZCHrg1TKRm8Qhmv9\" target=\"_blank\" rel=\"noopener\">https:\/\/maps.app.goo.gl\/kZCHrg1TKRm8Qhmv9<\/a>)<\/em><\/p>\n<p>AGENDAMENTOS E MAIS INFORMA\u00c7\u00d5ES<br \/>\n<strong>Fone\/WhatsApp:<\/strong> (81) 99236.9343<br \/>\n<strong>Instagram:<\/strong> <a href=\"https:\/\/www.instagram.com\/terapeutascheilagomes\/\" target=\"_blank\" rel=\"noopener\">@terapeutascheilagomes<\/a><br \/>\n<strong>E-mail:<\/strong> scheilapgomes@hotmail.com<\/p>\n","protected":false},"excerpt":{"rendered":"<p>A terapeuta Scheila Gomes est\u00e1 oferecendo atendimentos presenciais no Espa\u00e7o Gerar, localizado no Po\u00e7o da Panela, no Recife, com as seguintes t\u00e9cnicas: Psicoterapia Corporal, Constela\u00e7\u00e3o Sist\u00eamica Familiar, Terapia de Casal e Fam\u00edlia, Ritmos do Cora\u00e7\u00e3o (BioCore Movement), al\u00e9m de Mentoria Profissional. Os atendimentos s\u00e3o disponibilizados para jovens (a partir de 16 anos), adultos, idosos, escolas [&hellip;]<\/p>\n","protected":false},"author":1,"featured_media":43527,"comment_status":"open","ping_status":"open","sticky":false,"template":"","format":"standard","meta":{"om_disable_all_campaigns":false,"_monsterinsights_skip_tracking":false,"_monsterinsights_sitenote_active":false,"_monsterinsights_sitenote_note":"","_monsterinsights_sitenote_category":0,"footnotes":""},"categories":[8,214],"tags":[531,1341,148,1213,1340],"acf":[],"publishpress_future_action":{"enabled":false,"date":"1969-12-31 21:00:00","action":"","terms":[],"taxonomy":"","browser_timezone_offset":0},"_links":{"self":[{"href":"https:\/\/portalfloresnoar.com\/floresnoar\/wp-json\/wp\/v2\/posts\/43525"}],"collection":[{"href":"https:\/\/portalfloresnoar.com\/floresnoar\/wp-json\/wp\/v2\/posts"}],"about":[{"href":"https:\/\/portalfloresnoar.com\/floresnoar\/wp-json\/wp\/v2\/types\/post"}],"author":[{"embeddable":true,"href":"https:\/\/portalfloresnoar.com\/floresnoar\/wp-json\/wp\/v2\/users\/1"}],"replies":[{"embeddable":true,"href":"https:\/\/portalfloresnoar.com\/floresnoar\/wp-json\/wp\/v2\/comments?post=43525"}],"version-history":[{"count":0,"href":"https:\/\/portalfloresnoar.com\/floresnoar\/wp-json\/wp\/v2\/posts\/43525\/revisions"}],"wp:featuredmedia":[{"embeddable":true,"href":"https:\/\/portalfloresnoar.com\/floresnoar\/wp-json\/wp\/v2\/media\/43527"}],"wp:attachment":[{"href":"https:\/\/portalfloresnoar.com\/floresnoar\/wp-json\/wp\/v2\/media?parent=43525"}],"wp:term":[{"taxonomy":"category","embeddable":true,"href":"https:\/\/portalfloresnoar.com\/floresnoar\/wp-json\/wp\/v2\/categories?post=43525"},{"taxonomy":"post_tag","embeddable":true,"href":"https:\/\/portalfloresnoar.com\/floresnoar\/wp-json\/wp\/v2\/tags?post=43525"}],"curies":[{"name":"wp","href":"https:\/\/api.w.org\/{rel}","templated":true}]}}