

{"id":43475,"date":"2022-09-01T07:05:20","date_gmt":"2022-09-01T10:05:20","guid":{"rendered":"http:\/\/portalfloresnoar.com\/floresnoar\/?p=43475"},"modified":"2023-11-07T10:40:07","modified_gmt":"2023-11-07T13:40:07","slug":"agenda-pe-inscricoes-abertas-para-curso-de-reiki-nivel-3-no-recife","status":"publish","type":"post","link":"https:\/\/portalfloresnoar.com\/floresnoar\/agenda-pe-inscricoes-abertas-para-curso-de-reiki-nivel-3-no-recife\/","title":{"rendered":"[AGENDA PE] Inscri\u00e7\u00f5es abertas para \u2018Curso de Reiki N\u00edvel 3\u2019 no Recife"},"content":{"rendered":"<p><img decoding=\"async\" loading=\"lazy\" class=\"aligncenter wp-image-43479\" src=\"http:\/\/portalfloresnoar.com\/floresnoar\/wp-content\/uploads\/2023\/05\/reiki-nivel-3-no-recife-700x700.jpeg\" alt=\"\" width=\"601\" height=\"601\" srcset=\"https:\/\/portalfloresnoar.com\/floresnoar\/wp-content\/uploads\/2023\/05\/reiki-nivel-3-no-recife-700x700.jpeg 700w, https:\/\/portalfloresnoar.com\/floresnoar\/wp-content\/uploads\/2023\/05\/reiki-nivel-3-no-recife-150x150.jpeg 150w, https:\/\/portalfloresnoar.com\/floresnoar\/wp-content\/uploads\/2023\/05\/reiki-nivel-3-no-recife-300x300.jpeg 300w, https:\/\/portalfloresnoar.com\/floresnoar\/wp-content\/uploads\/2023\/05\/reiki-nivel-3-no-recife-768x768.jpeg 768w, https:\/\/portalfloresnoar.com\/floresnoar\/wp-content\/uploads\/2023\/05\/reiki-nivel-3-no-recife-100x100.jpeg 100w, https:\/\/portalfloresnoar.com\/floresnoar\/wp-content\/uploads\/2023\/05\/reiki-nivel-3-no-recife.jpeg 1080w\" sizes=\"(max-width: 601px) 100vw, 601px\" \/><\/p>\n<p>O Instituto Dois S\u00f3is Reiki realiza nos dias 27, 28 e 29 de outubro de 2023 o Curso de Reiki N\u00edvel 3, conduzido pelos Reiki Masters Roberta Machado e Luiz Amaral. As aulas ser\u00e3o realizadas no Hotel Campestre de Aldeia, pr\u00f3ximo ao Recife. As inscri\u00e7\u00f5es j\u00e1 est\u00e3o abertas!<\/p>\n<p>Segundo os professores, para fazer o Reiki 3, o aluno tem que j\u00e1 possuir o n\u00edvel 2 h\u00e1 pelo menos seis meses, devido \u00e0 adapta\u00e7\u00e3o energ\u00e9tica necess\u00e1ria. &#8220;Para o n\u00edvel 3, alunos que v\u00eam de outros mestres, n\u00f3s convidamos para reciclar os n\u00edveis anteriores, a fim entrarem em sintonia com o m\u00e9todo ensinado. N\u00e3o \u00e9 de forma alguma dem\u00e9rito ao mestre que veio antes, o qual honramos, mas uma necessidade de rever conte\u00fados para seguir a diante&#8221;, explicam Luiz e Roberta.<\/p>\n<p>&#8220;Na estrada do reikiano, tudo comec\u0327a com o despertar promovido pelo ni\u0301vel 1 (Shoden). Ali sa\u0303o plantadas as sementes que ira\u0303o germinar ao longo do caminho. Jogadas em terreno fe\u0301rtil (o corac\u0327a\u0303o), comec\u0327am a brotar, cada qual no seu tempo, sem pressa, afinal, cada dia e\u0301 o melhor dia de nossas vidas. Chegam, enta\u0303o, no ni\u0301vel 2 (Okuden), fortalecendo os seus propo\u0301sitos, dotando-se de maior conhecimento e ferramentas para atuar no mundo. Ganham maturidade e, finalmente, alcanc\u0327am o ni\u0301vel 3 (Shinpiden), onde a conscie\u0302ncia esta\u0301 pronta para encontrar o Eu Maior e transbordar, dando o que tem de melhor a\u0300 vida. Assim e\u0301 a jornada evolutiva do Reiki&#8221;.<\/p>\n<p>De acordo com Luiz e Roberta, o reikiano iniciado no n\u00edvel 3 tem a sua energia e a sua intui\u00e7\u00e3o extremamente potencializadas, passando a trabalhar a terapia reiki de forma muito mais intensa. &#8220;O quarto s\u00edmbolo &#8211; ensinado neste n\u00edvel e no qual o aluno \u00e9 sintonizado &#8211; promove uma profunda transforma\u00e7\u00e3o interior, conduzindo o praticante a uma maior compreens\u00e3o da sua ess\u00eancia individual e da sua miss\u00e3o neste mundo. O s\u00edmbolo do mestre interior, como tamb\u00e9m \u00e9 conhecido, passa a acompanhar o reikiano em todos os momentos de sua vida, ajudando na cura da alma, inspirando decis\u00f5es assertivas e conduzindo a autorrealiza\u00e7\u00e3o e a uma segura e constante expans\u00e3o de consci\u00eancia&#8221;.<\/p>\n<p>Eles esclarecem que o N\u00edvel 3 n\u00e3o habilita a ensinar, grau este que somente \u00e9 alcan\u00e7ado nos n\u00edveis seguintes (4 e 5 &#8211; Mestrado em Reiki, tamb\u00e9m conhecidos como Gokukaiden), onde s\u00e3o passados os conhecimentos necess\u00e1rios para realizar sintoniza\u00e7\u00f5es e a ensinar outros praticantes em todos os n\u00edveis.<\/p>\n<p>CONTE\u00daDO PROGRAM\u00c1TICO DO REIKI N\u00cdVEL 3<br \/>\n\u00b7 S\u00edmbolo do Mestre;<br \/>\n\u00b7 Medita\u00e7\u00e3o;<br \/>\n\u00b7 Caminho da ilumina\u00e7\u00e3o;<br \/>\n\u00b7 Realiza\u00e7\u00e3o de seus desejos;<br \/>\n\u00b7 Inicia\u00e7\u00e3o;<br \/>\n\u00b7 Desprograma\u00e7\u00e3o e Reprograma\u00e7\u00e3o;<br \/>\n\u00b7 Pr\u00e1ticas com o s\u00edmbolo do mestre;<br \/>\n\u00b7 Palestras dos Mestres.<\/p>\n<p>SERVI\u00c7O<br \/>\n<strong>Curso de Reiki N\u00edvel 3 (Shinpiden)<\/strong><br \/>\n<strong>Dias:<\/strong> 27, 28 e 29 de outubro de 2023 (imers\u00e3o: sexta, s\u00e1bado e domingo)<br \/>\n<strong>Hor\u00e1rio:<\/strong>\u00a0Chegada ao hotel \u00e0s 15h na sexta-feira e in\u00edcio do curso \u00e0s 17h. \/ Encerramento \u00e0s 15h do domingo.<br \/>\n<strong>Local do curso:<\/strong> Hotel Campestre de Aldeia &#8211; Estrada de Aldeia, Km 13, Aldeia dos Camar\u00e1s, Camaragibe\/PE<br \/>\n<strong>Carga hor\u00e1ria:<\/strong> 25 horas<\/p>\n<p><em>Obs.: Est\u00e3o inclusos na inscri\u00e7\u00e3o: apostila digital, certificado, hospedagem completa e coffee break.<\/em><\/p>\n<p>INSCRI\u00c7\u00d5ES E MAIS INFORMA\u00c7\u00d5ES:<br \/>\n<strong>WhatsApp:<\/strong>\u00a0(81) 996218422<br \/>\n<strong>Instagram:<\/strong>\u00a0<a href=\"https:\/\/www.instagram.com\/doissoisreiki\/\" target=\"_blank\" rel=\"noopener\">@doissoisreiki<\/a><br \/>\n<strong>Site:<\/strong> <a href=\"https:\/\/instituto-dois-sois-reiki.webnode.page\/\" target=\"_blank\" rel=\"noopener\">https:\/\/instituto-dois-sois-reiki.webnode.page\/<\/a><\/p>\n<p>&nbsp;<\/p>\n","protected":false},"excerpt":{"rendered":"<p>O Instituto Dois S\u00f3is Reiki realiza nos dias 27, 28 e 29 de outubro de 2023 o Curso de Reiki N\u00edvel 3, conduzido pelos Reiki Masters Roberta Machado e Luiz Amaral. As aulas ser\u00e3o realizadas no Hotel Campestre de Aldeia, pr\u00f3ximo ao Recife. As inscri\u00e7\u00f5es j\u00e1 est\u00e3o abertas! Segundo os professores, para fazer o Reiki [&hellip;]<\/p>\n","protected":false},"author":1,"featured_media":43480,"comment_status":"open","ping_status":"open","sticky":false,"template":"","format":"standard","meta":{"om_disable_all_campaigns":false,"_monsterinsights_skip_tracking":false,"_monsterinsights_sitenote_active":false,"_monsterinsights_sitenote_note":"","_monsterinsights_sitenote_category":0,"footnotes":""},"categories":[8,214],"tags":[167,37,638],"acf":[],"publishpress_future_action":{"enabled":false,"date":"1969-12-31 21:00:00","action":"","terms":[],"taxonomy":"","browser_timezone_offset":0},"_links":{"self":[{"href":"https:\/\/portalfloresnoar.com\/floresnoar\/wp-json\/wp\/v2\/posts\/43475"}],"collection":[{"href":"https:\/\/portalfloresnoar.com\/floresnoar\/wp-json\/wp\/v2\/posts"}],"about":[{"href":"https:\/\/portalfloresnoar.com\/floresnoar\/wp-json\/wp\/v2\/types\/post"}],"author":[{"embeddable":true,"href":"https:\/\/portalfloresnoar.com\/floresnoar\/wp-json\/wp\/v2\/users\/1"}],"replies":[{"embeddable":true,"href":"https:\/\/portalfloresnoar.com\/floresnoar\/wp-json\/wp\/v2\/comments?post=43475"}],"version-history":[{"count":1,"href":"https:\/\/portalfloresnoar.com\/floresnoar\/wp-json\/wp\/v2\/posts\/43475\/revisions"}],"predecessor-version":[{"id":43995,"href":"https:\/\/portalfloresnoar.com\/floresnoar\/wp-json\/wp\/v2\/posts\/43475\/revisions\/43995"}],"wp:featuredmedia":[{"embeddable":true,"href":"https:\/\/portalfloresnoar.com\/floresnoar\/wp-json\/wp\/v2\/media\/43480"}],"wp:attachment":[{"href":"https:\/\/portalfloresnoar.com\/floresnoar\/wp-json\/wp\/v2\/media?parent=43475"}],"wp:term":[{"taxonomy":"category","embeddable":true,"href":"https:\/\/portalfloresnoar.com\/floresnoar\/wp-json\/wp\/v2\/categories?post=43475"},{"taxonomy":"post_tag","embeddable":true,"href":"https:\/\/portalfloresnoar.com\/floresnoar\/wp-json\/wp\/v2\/tags?post=43475"}],"curies":[{"name":"wp","href":"https:\/\/api.w.org\/{rel}","templated":true}]}}