

{"id":43452,"date":"2023-01-27T21:37:12","date_gmt":"2023-01-28T00:37:12","guid":{"rendered":"http:\/\/portalfloresnoar.com\/floresnoar\/?p=43452"},"modified":"2023-06-08T09:02:49","modified_gmt":"2023-06-08T12:02:49","slug":"poeta-e-cordelista-jorge-filo-lanca-o-livro-peculio","status":"publish","type":"post","link":"https:\/\/portalfloresnoar.com\/floresnoar\/poeta-e-cordelista-jorge-filo-lanca-o-livro-peculio\/","title":{"rendered":"Poeta Jorge Fil\u00f3 lan\u00e7a o livro &#8216;Pec\u00falio&#8217;"},"content":{"rendered":"<figure id=\"attachment_43453\" aria-describedby=\"caption-attachment-43453\" style=\"width: 363px\" class=\"wp-caption alignleft\"><img decoding=\"async\" loading=\"lazy\" class=\"wp-image-43453\" src=\"http:\/\/portalfloresnoar.com\/floresnoar\/wp-content\/uploads\/2023\/05\/livro-jorge-filo-2-583x700.jpeg\" alt=\"\" width=\"363\" height=\"436\" srcset=\"https:\/\/portalfloresnoar.com\/floresnoar\/wp-content\/uploads\/2023\/05\/livro-jorge-filo-2-583x700.jpeg 583w, https:\/\/portalfloresnoar.com\/floresnoar\/wp-content\/uploads\/2023\/05\/livro-jorge-filo-2-250x300.jpeg 250w, https:\/\/portalfloresnoar.com\/floresnoar\/wp-content\/uploads\/2023\/05\/livro-jorge-filo-2-768x922.jpeg 768w, https:\/\/portalfloresnoar.com\/floresnoar\/wp-content\/uploads\/2023\/05\/livro-jorge-filo-2.jpeg 1066w\" sizes=\"(max-width: 363px) 100vw, 363px\" \/><figcaption id=\"caption-attachment-43453\" class=\"wp-caption-text\">&#8216;Pec\u00falio&#8217; \u00e9 o terceiro livro do poeta Jorge Fil\u00f3<\/figcaption><\/figure>\n<p>J\u00e1 ouvisse falar em pec\u00falio? Mais raro que o verbete pelas ruas do Recife, s\u00f3 o significado dele no bolso do brasileiro. O tal substantivo, muito desejado, mas pouco falado, \u00e9 sin\u00f4nimo de reserva de dinheiro. Ou ainda \u201cum conjunto de coisas, not\u00edcias ou apontamentos relativos a certo assunto ou especialidade\u201d. Dif\u00edcil saber que soma \u00e9 mais rara hoje em dia: de recurso financeiro ou intelectual. Mas muito f\u00e1cil cravar: em breve, mais especificamente a partir do pr\u00f3ximo dia 2 de junho, a palavra ganha novo sentido, liter\u00e1rio, po\u00e9tico e abundante, no dicion\u00e1rio e no imagin\u00e1rio pernambucanos, com o lan\u00e7amento do terceiro livro do escritor, poeta e cordelista Jorge Fil\u00f3.<\/p>\n<p>&#8216;Pec\u00falio&#8217;, publicado com o incentivo do Governo de Pernambuco, atrav\u00e9s do Fundo Pernambucano de Incentivo \u00e0 Cultura &#8211; Funcultura, re\u00fane mais de 70 poesias, de Jorge Fil\u00f3 e do seu heter\u00f4nimo, Anacreonte Sordano, com temas diversos, que refazem sua trajet\u00f3ria na literatura.<\/p>\n<p>Entre versos in\u00e9ditos e outros j\u00e1 declamados e espalhados nos ventos e eventos liter\u00e1rios da capital e do interior, onde o autor \u00e9 presen\u00e7a infal\u00edvel, Fil\u00f3 celebra a tradi\u00e7\u00e3o da oralidade, nascedouro da cultura popular nordestina, que forjou a est\u00e9tica de sua sensibilidade liter\u00e1ria.<\/p>\n<p>Como poeta que se preze s\u00f3 anda em boa companhia, o livro re\u00fane ainda os textos e talentos de Cida Pedrosa e Greg Marinho, que assinam os textos de apresenta\u00e7\u00e3o da obra, e de Marcone Melo, que fala ao p\u00e9 da orelha de &#8216;Pec\u00falio&#8217;.<\/p>\n<p>O lan\u00e7amento do livro ser\u00e1 no Recife, no Espa\u00e7o Pas\u00e1rgada, \u00e0s 19h do pr\u00f3ximo dia 2 de junho, com direito a bate-papo com o escritor, sarau e declama\u00e7\u00e3o, como manda o figurino liter\u00e1rio nordestino. Vai ter ainda apresenta\u00e7\u00e3o de Marcone Melo e de outros convidados.<\/p>\n<p>Nos dias 7 e 9 de junho, &#8216;Pec\u00falio&#8217; estreia, com pompa e verso, nas prateleiras de Arcoverde e Petrolina, respectivamente. Os eventos, todos gratuitos e abertos ao p\u00fablico, ser\u00e3o na Livraria Lira Cultural e na Biblioteca P\u00fablica, tamb\u00e9m \u00e0s 19h. Haver\u00e1 tamb\u00e9m um lan\u00e7amento em Triunfo, no Sesc, ainda sem data definida. Em todos os eventos, a publica\u00e7\u00e3o ser\u00e1 vendida por R$ 30. A publica\u00e7\u00e3o ser\u00e1 disponibilizada ainda em formato de audiolivro, no YouTube.<\/p>\n<p><strong>Sobre o autor<\/strong> &#8211; Palestrante e declamador da po\u00e9tica do sert\u00e3o nordestino, Jorge Fil\u00f3 \u00e9 devoto fiel da arte dos repentistas, al\u00e9m de confeccionar cord\u00e9is sob encomenda. Tem ainda outros dois livros publicados: \u201cA igreja do diabo ou a contradi\u00e7\u00e3o humana\u201d (2004), adapta\u00e7\u00e3o para cordel de um conto de Machado de Assis, e \u201cOs de c\u00e1 com os de l\u00e1\u201d (2012).<\/p>\n<p>Tamb\u00e9m j\u00e1 publicou diversos cord\u00e9is e participou de colet\u00e2neas po\u00e9ticas, al\u00e9m de colecionar participa\u00e7\u00f5es, como coordenador e apresentador, em incont\u00e1veis mesas de glosa, peleja tradicional dos poetas do Paje\u00fa. Jorge Fil\u00f3 ajudou ainda a realizar e produzir eventos como a Balada Liter\u00e1ria, em S\u00e3o Paulo, as Jornadas Liter\u00e1rias, do Sesc Pernambuco, e o Festival Louro do Paje\u00fa, no Vale do Paje\u00fa.<\/p>\n<p>Para quem n\u00e3o quiser se perder do poeta, Fil\u00f3 semeia seus versos tamb\u00e9m nas redes sociais: <a href=\"https:\/\/www.facebook.com\/PoetaFilo\" target=\"_blank\" rel=\"noopener\">https:\/\/www.facebook.com\/PoetaFilo<\/a>\/ e no Instagram <a href=\"https:\/\/www.instagram.com\/jorgefilo.peculio\/\" target=\"_blank\" rel=\"noopener\">@jorgefilo.paculio<\/a><\/p>\n<p>SERVI\u00c7O<br \/>\n<strong>Lan\u00e7amento do livro &#8216;Pec\u00falio&#8217;<\/strong><\/p>\n<p><strong>Recife<\/strong><br \/>\nData: 2 de junho<br \/>\nHor\u00e1rio: 19h<br \/>\nLocal: Espa\u00e7o Pas\u00e1rgada, na Rua da Uni\u00e3o, 263, Boa Vista<\/p>\n<p><strong>Arcoverde<\/strong><br \/>\nData: 7 de junho<br \/>\nHor\u00e1rio: 19h<br \/>\nLocal: Livraria Lira Cultural, na Pra\u00e7a da Bandeira, 65, Centro<\/p>\n<p><strong>Petrolina<\/strong><br \/>\nData: 9 de junho<br \/>\nHor\u00e1rio: 19h<br \/>\nLocal: Biblioteca P\u00fablica, na Avernida Tancredo Neves, Maria Auxiliadora<\/p>\n","protected":false},"excerpt":{"rendered":"<p>J\u00e1 ouvisse falar em pec\u00falio? Mais raro que o verbete pelas ruas do Recife, s\u00f3 o significado dele no bolso do brasileiro. O tal substantivo, muito desejado, mas pouco falado, \u00e9 sin\u00f4nimo de reserva de dinheiro. Ou ainda \u201cum conjunto de coisas, not\u00edcias ou apontamentos relativos a certo assunto ou especialidade\u201d. Dif\u00edcil saber que soma [&hellip;]<\/p>\n","protected":false},"author":1,"featured_media":43454,"comment_status":"open","ping_status":"open","sticky":false,"template":"","format":"standard","meta":{"om_disable_all_campaigns":false,"_monsterinsights_skip_tracking":false,"_monsterinsights_sitenote_active":false,"_monsterinsights_sitenote_note":"","_monsterinsights_sitenote_category":0,"footnotes":""},"categories":[8,214],"tags":[1331,69,62,823,51,1333,1332],"acf":[],"publishpress_future_action":{"enabled":false,"date":"1969-12-31 21:00:00","action":"","terms":[],"taxonomy":"","browser_timezone_offset":0},"_links":{"self":[{"href":"https:\/\/portalfloresnoar.com\/floresnoar\/wp-json\/wp\/v2\/posts\/43452"}],"collection":[{"href":"https:\/\/portalfloresnoar.com\/floresnoar\/wp-json\/wp\/v2\/posts"}],"about":[{"href":"https:\/\/portalfloresnoar.com\/floresnoar\/wp-json\/wp\/v2\/types\/post"}],"author":[{"embeddable":true,"href":"https:\/\/portalfloresnoar.com\/floresnoar\/wp-json\/wp\/v2\/users\/1"}],"replies":[{"embeddable":true,"href":"https:\/\/portalfloresnoar.com\/floresnoar\/wp-json\/wp\/v2\/comments?post=43452"}],"version-history":[{"count":0,"href":"https:\/\/portalfloresnoar.com\/floresnoar\/wp-json\/wp\/v2\/posts\/43452\/revisions"}],"wp:featuredmedia":[{"embeddable":true,"href":"https:\/\/portalfloresnoar.com\/floresnoar\/wp-json\/wp\/v2\/media\/43454"}],"wp:attachment":[{"href":"https:\/\/portalfloresnoar.com\/floresnoar\/wp-json\/wp\/v2\/media?parent=43452"}],"wp:term":[{"taxonomy":"category","embeddable":true,"href":"https:\/\/portalfloresnoar.com\/floresnoar\/wp-json\/wp\/v2\/categories?post=43452"},{"taxonomy":"post_tag","embeddable":true,"href":"https:\/\/portalfloresnoar.com\/floresnoar\/wp-json\/wp\/v2\/tags?post=43452"}],"curies":[{"name":"wp","href":"https:\/\/api.w.org\/{rel}","templated":true}]}}