

{"id":43434,"date":"2023-05-24T09:38:34","date_gmt":"2023-05-24T12:38:34","guid":{"rendered":"http:\/\/portalfloresnoar.com\/floresnoar\/?p=43434"},"modified":"2023-05-24T09:38:34","modified_gmt":"2023-05-24T12:38:34","slug":"silvia-garcia-como-terapias-milenares-podem-fortalecer-a-nossa-caminhada-abrindo-novos-caminhos-e-expandindo-o-nosso-discernimento","status":"publish","type":"post","link":"https:\/\/portalfloresnoar.com\/floresnoar\/silvia-garcia-como-terapias-milenares-podem-fortalecer-a-nossa-caminhada-abrindo-novos-caminhos-e-expandindo-o-nosso-discernimento\/","title":{"rendered":"[S\u00cdLVIA GARCIA] Como terapias milenares podem fortalecer a nossa caminhada, abrindo novos caminhos e expandindo o nosso discernimento?"},"content":{"rendered":"<p><img decoding=\"async\" loading=\"lazy\" class=\" wp-image-43440 alignleft\" src=\"http:\/\/portalfloresnoar.com\/floresnoar\/wp-content\/uploads\/2023\/05\/silviagarcia-6958-468x700.jpg\" alt=\"\" width=\"312\" height=\"467\" srcset=\"https:\/\/portalfloresnoar.com\/floresnoar\/wp-content\/uploads\/2023\/05\/silviagarcia-6958-468x700.jpg 468w, https:\/\/portalfloresnoar.com\/floresnoar\/wp-content\/uploads\/2023\/05\/silviagarcia-6958-200x300.jpg 200w, https:\/\/portalfloresnoar.com\/floresnoar\/wp-content\/uploads\/2023\/05\/silviagarcia-6958-768x1150.jpg 768w, https:\/\/portalfloresnoar.com\/floresnoar\/wp-content\/uploads\/2023\/05\/silviagarcia-6958.jpg 1080w\" sizes=\"(max-width: 312px) 100vw, 312px\" \/>Ol\u00e1, meu nome \u00e9 S\u00edlvia Garcia e estou nessa caminhada do autoconhecimento desde 2012, motivada pelo buraco existencial que se abriu no meu cora\u00e7\u00e3o com a partida da minha m\u00e3e.<\/p>\n<p>Comecei me tratando sem nenhuma ideia que um dia poderia ser \u00fatil oferecendo esse mesmo trabalho que, na \u00e9poca, curava minhas feridas.<\/p>\n<p>Ap\u00f3s um tempo olhando s\u00f3 pra mim e suprindo minhas demandas pessoais fui impelida naturalmente a partilhar com outras pessoas recursos que foram preciosos comigo e logo vi que seria muita contribui\u00e7\u00e3o para mim e para o outro a troca de fraternidade nessa din\u00e2mica do \u201cdar e receber\u201d.<\/p>\n<p>Assistir de pertinho as pessoas desabrocharem dos seus casulos de dor, sombra, culpa, incerteza, baixa autoestima&#8230; isso tudo era encantador!<\/p>\n<p>\u00c9 por isso que assumi esse caminho n\u00e3o s\u00f3 como profiss\u00e3o, mas como of\u00edcio.<\/p>\n<p>Vi pessoas migrarem de um profundo estado de procrastina\u00e7\u00e3o para iniciarem novos projetos com empolga\u00e7\u00e3o e vitalidade.<\/p>\n<p>Vi pessoas presas a relacionamentos abusivos se libertarem e com coragem assumirem sua vida porque enxergaram que eram fortes e capazes para isso.<\/p>\n<p>Vi tamb\u00e9m a negatividade ser dilu\u00edda e substitu\u00edda por confian\u00e7a e otimismo respons\u00e1vel e maduro, para novas escolhas ou para permanecer no mesmo lugar com uma nova postura, porque o problema n\u00e3o estava fora da pessoa e sim dentro da sua mente desmotivada e sombria.<\/p>\n<figure id=\"attachment_43441\" aria-describedby=\"caption-attachment-43441\" style=\"width: 265px\" class=\"wp-caption alignright\"><img decoding=\"async\" loading=\"lazy\" class=\"wp-image-43441\" src=\"http:\/\/portalfloresnoar.com\/floresnoar\/wp-content\/uploads\/2023\/05\/silviagarcia-7217-468x700.jpg\" alt=\"\" width=\"265\" height=\"396\" srcset=\"https:\/\/portalfloresnoar.com\/floresnoar\/wp-content\/uploads\/2023\/05\/silviagarcia-7217-468x700.jpg 468w, https:\/\/portalfloresnoar.com\/floresnoar\/wp-content\/uploads\/2023\/05\/silviagarcia-7217-200x300.jpg 200w, https:\/\/portalfloresnoar.com\/floresnoar\/wp-content\/uploads\/2023\/05\/silviagarcia-7217-768x1150.jpg 768w, https:\/\/portalfloresnoar.com\/floresnoar\/wp-content\/uploads\/2023\/05\/silviagarcia-7217.jpg 1080w\" sizes=\"(max-width: 265px) 100vw, 265px\" \/><figcaption id=\"caption-attachment-43441\" class=\"wp-caption-text\">Banhos Terap\u00eauticos com ervas e flores<\/figcaption><\/figure>\n<p>Vi relacionamentos conjugais que estavam fadados a se arrastarem sem vida, sem fogo, sem paix\u00e3o, sem tes\u00e3o, a se redescobrirem e perceberem que ainda tinha muito amor para gozar.<\/p>\n<p>Sim, eu vi tudo isso e muito mais.<\/p>\n<p>Por isso, venho aqui te oferecer essas mesmas ferramentas que um dia me salvaram, n\u00e3o como milagre, mas como apoiadoras da minha for\u00e7a pessoal a melhorar. Nunca fui acomodada achando que doen\u00e7a \u00e9 normal, tristeza em demasia \u00e9 normal, marasmo \u00e9 normal, paraliza\u00e7\u00e3o \u00e9 normal, falsa vida \u00e9 normal.<\/p>\n<p>Algo dentro de mim gritava e dizia, normal \u00e9 Viver Bem, em harmonia consigo e com o ambiente ao redor, \u00e9 a Alegria de estar aqui encarnada, \u00e9 a For\u00e7a pra levantar e realizar meus projetos, \u00e9 apreciar e celebrar a vida com todas as suas nuances, \u00e9 aprender com os tombos e rasteiras e n\u00e3o fingir que nada aconteceu, \u00e9 olhar pra ferida e perguntar qual \u00e9 a li\u00e7\u00e3o aprendida dessa vez?<\/p>\n<p>Caso queira caminhar com clareza, assertividade, impulsionando o teu crescimento pessoal para com isso refletir em mais qualidade de vida, de relacionamentos com voc\u00ea e com os outros, estou aqui \u00e0 disposi\u00e7\u00e3o te oferecendo tudo o que sei, o que usei em mim mesma e sempre agregando mais, porque a vida \u00e9 assim, ela n\u00e3o para!<\/p>\n<p><strong>TERAPIAS OFERECIDAS<\/strong><br \/>\n\u2022 Aromaterapia<br \/>\n\u2022 Banhos Terap\u00eauticos<br \/>\n\u2022 Barras de Access\u00ae<br \/>\n\u2022 Cone Hindu<br \/>\n\u2022 Fitoenerg\u00e9tica<br \/>\n\u2022 Floral<br \/>\n\u2022 Osho Neo-Rebalancing (Massagem Profunda)<br \/>\n\u2022 Processos Corporais de Access\u00ae<br \/>\n\u2022 Reiki<br \/>\n\u2022 Thetahealing\u00ae<\/p>\n<p>AGENDAMENTO DE CONSULTAS E MAIS INFORMA\u00c7\u00d5ES<br \/>\n<strong>WhatsApp:<\/strong> (81) 99900.8769<br \/>\n<strong>Instagram:<\/strong> <a href=\"https:\/\/www.instagram.com\/silvia.vieira.garcia\/\" target=\"_blank\" rel=\"noopener\">@silvia.vieira.garcia<\/a> \/ <a href=\"https:\/\/www.instagram.com\/silviagarciaespacoterapeutico\/\" target=\"_blank\" rel=\"noopener\">@silviagarciaespacoterapeutico<\/a><br \/>\n<strong>Local de atendimento:<\/strong> Rua do Cupim, 259, sala 203, Gra\u00e7as, Recife\/PE<\/p>\n","protected":false},"excerpt":{"rendered":"<p>Ol\u00e1, meu nome \u00e9 S\u00edlvia Garcia e estou nessa caminhada do autoconhecimento desde 2012, motivada pelo buraco existencial que se abriu no meu cora\u00e7\u00e3o com a partida da minha m\u00e3e. Comecei me tratando sem nenhuma ideia que um dia poderia ser \u00fatil oferecendo esse mesmo trabalho que, na \u00e9poca, curava minhas feridas. Ap\u00f3s um tempo [&hellip;]<\/p>\n","protected":false},"author":1,"featured_media":43442,"comment_status":"open","ping_status":"open","sticky":false,"template":"","format":"standard","meta":{"om_disable_all_campaigns":false,"_monsterinsights_skip_tracking":false,"_monsterinsights_sitenote_active":false,"_monsterinsights_sitenote_note":"","_monsterinsights_sitenote_category":0,"footnotes":""},"categories":[220,978],"tags":[73,993,630,902,326,1330,37,1329,1148,356,127,286],"acf":[],"publishpress_future_action":{"enabled":false,"date":"1969-12-31 21:00:00","action":"","terms":[],"taxonomy":"","browser_timezone_offset":0},"_links":{"self":[{"href":"https:\/\/portalfloresnoar.com\/floresnoar\/wp-json\/wp\/v2\/posts\/43434"}],"collection":[{"href":"https:\/\/portalfloresnoar.com\/floresnoar\/wp-json\/wp\/v2\/posts"}],"about":[{"href":"https:\/\/portalfloresnoar.com\/floresnoar\/wp-json\/wp\/v2\/types\/post"}],"author":[{"embeddable":true,"href":"https:\/\/portalfloresnoar.com\/floresnoar\/wp-json\/wp\/v2\/users\/1"}],"replies":[{"embeddable":true,"href":"https:\/\/portalfloresnoar.com\/floresnoar\/wp-json\/wp\/v2\/comments?post=43434"}],"version-history":[{"count":0,"href":"https:\/\/portalfloresnoar.com\/floresnoar\/wp-json\/wp\/v2\/posts\/43434\/revisions"}],"wp:featuredmedia":[{"embeddable":true,"href":"https:\/\/portalfloresnoar.com\/floresnoar\/wp-json\/wp\/v2\/media\/43442"}],"wp:attachment":[{"href":"https:\/\/portalfloresnoar.com\/floresnoar\/wp-json\/wp\/v2\/media?parent=43434"}],"wp:term":[{"taxonomy":"category","embeddable":true,"href":"https:\/\/portalfloresnoar.com\/floresnoar\/wp-json\/wp\/v2\/categories?post=43434"},{"taxonomy":"post_tag","embeddable":true,"href":"https:\/\/portalfloresnoar.com\/floresnoar\/wp-json\/wp\/v2\/tags?post=43434"}],"curies":[{"name":"wp","href":"https:\/\/api.w.org\/{rel}","templated":true}]}}