

{"id":43422,"date":"2023-01-08T09:25:27","date_gmt":"2023-01-08T12:25:27","guid":{"rendered":"http:\/\/portalfloresnoar.com\/floresnoar\/?p=43422"},"modified":"2023-07-09T09:30:40","modified_gmt":"2023-07-09T12:30:40","slug":"agenda-pe-retiro-de-silencio-yoga-e-meditacao-com-sandro-bosco-em-aldeiape","status":"publish","type":"post","link":"https:\/\/portalfloresnoar.com\/floresnoar\/agenda-pe-retiro-de-silencio-yoga-e-meditacao-com-sandro-bosco-em-aldeiape\/","title":{"rendered":"[AGENDA PE] Retiro de Sil\u00eancio, Yoga e Medita\u00e7\u00e3o com Sandro Bosco, em Aldeia\/PE"},"content":{"rendered":"<p><img decoding=\"async\" loading=\"lazy\" class=\"aligncenter wp-image-43423 \" src=\"http:\/\/portalfloresnoar.com\/floresnoar\/wp-content\/uploads\/2023\/05\/retiro-com-sandro-bosco-pernambuco-2023-700x449.jpg\" alt=\"\" width=\"587\" height=\"377\" srcset=\"https:\/\/portalfloresnoar.com\/floresnoar\/wp-content\/uploads\/2023\/05\/retiro-com-sandro-bosco-pernambuco-2023-700x449.jpg 700w, https:\/\/portalfloresnoar.com\/floresnoar\/wp-content\/uploads\/2023\/05\/retiro-com-sandro-bosco-pernambuco-2023-300x193.jpg 300w, https:\/\/portalfloresnoar.com\/floresnoar\/wp-content\/uploads\/2023\/05\/retiro-com-sandro-bosco-pernambuco-2023-768x493.jpg 768w, https:\/\/portalfloresnoar.com\/floresnoar\/wp-content\/uploads\/2023\/05\/retiro-com-sandro-bosco-pernambuco-2023.jpg 1491w\" sizes=\"(max-width: 587px) 100vw, 587px\" \/><\/p>\n<p>De 07 a 09 de julho de 2023, o professor de Yoga Sandro Bosco realiza o RETIRO SYM PE 2023. A imers\u00e3o ser\u00e1 no Hotel Campestre de Aldeia, localizado em Aldeia dos Camar\u00e1s, pr\u00f3ximo ao Recife.<\/p>\n<p>O SYM \u00e9 um retiro de Sil\u00eancio, Yoga e Medita\u00e7\u00e3o, onde durante tr\u00eas dias os participantes usufruir\u00e3o de pr\u00e1ticas de Yoga (posturas de n\u00edvel b\u00e1sico), visando a prepara\u00e7\u00e3o do corpo para as medita\u00e7\u00f5es, al\u00e9m de din\u00e2micas interativas e pr\u00e1ticas de respira\u00e7\u00e3o consciente yogue.<\/p>\n<p>&#8220;SYM \u00e9 um convite \u00e0 pausa e ao autocuidado. Um final de semana para deleitar-se, permitindo-se usufruir de momentos com voc\u00ea mesmo&#8221;, informam as organizadoras, acrescentando que a imers\u00e3o contar\u00e1 com alimenta\u00e7\u00e3o saud\u00e1vel e hospedagem num local aconchegante em meio \u00e0 natureza.<\/p>\n<p><strong>SOBRE O FACILITADOR DO RETIRO<\/strong><br \/>\n<img decoding=\"async\" loading=\"lazy\" class=\"size-medium wp-image-42046 alignleft\" src=\"http:\/\/portalfloresnoar.com\/floresnoar\/wp-content\/uploads\/2022\/08\/sandro-bosco-professor-de-yoga-300x193@2x.jpg\" sizes=\"(max-width: 300px) 100vw, 300px\" srcset=\"http:\/\/portalfloresnoar.com\/floresnoar\/wp-content\/uploads\/2022\/08\/sandro-bosco-professor-de-yoga-300x193.jpg 300w, http:\/\/portalfloresnoar.com\/floresnoar\/wp-content\/uploads\/2022\/08\/sandro-bosco-professor-de-yoga.jpg 669w\" alt=\"\" width=\"300\" height=\"193\" \/>Sandro Bosco <a href=\"https:\/\/www.instagram.com\/sandrobosco.yoga\/\">@sandrobosco.yoga<\/a> \u00e9 autor de\u00a0<a href=\"https:\/\/www.sandrobosco.com.br\/livros\/\" target=\"_blank\" rel=\"noopener\">quatro livros<\/a>, palestrante e j\u00e1 formou milhares de professores de yoga no Brasil e fora do pa\u00eds. Desde 1974 vem ensinando yoga no Brasil, EUA, Su\u00ed\u00e7a, Chile, \u00cdndia, Fran\u00e7a, Espanha, It\u00e1lia e Portugal. Sua did\u00e1tica \u00e9 \u00fanica e aborda os assuntos ligados \u00e0 sabedoria oriental com o intuito de simplificar e desmistificar, possibilitando\u00a0uma transforma\u00e7\u00e3o interna e profunda. Conduz retiros de yoga, medita\u00e7\u00e3o e pr\u00e1tica do sil\u00eancio desde 1979.<br \/>\nSite de Sandro Bosco:\u00a0<a href=\"https:\/\/www.sandrobosco.com.br\/\" target=\"_blank\" rel=\"noopener\">www.sandrobosco.com.br\u00a0<\/a><\/p>\n<p><strong>RETIRO SYM PE 2023<\/strong><br \/>\n<strong>Data:<\/strong> 07 a 09 de Julho de 2023<br \/>\n<strong>Local:<\/strong> Hotel Campestre de Aldeia &#8211; Rua Severino de Barros, 465, KM 13, Aldeia dos Camar\u00e1s, Camaragibe &#8211; PE.<br \/>\n<strong>Mentor:<\/strong> Sandro Bosco<\/p>\n<p><strong>Inscri\u00e7\u00f5es, valores e outras informa\u00e7\u00f5es, atrav\u00e9s deste link:<\/strong> <a href=\"https:\/\/docs.google.com\/forms\/d\/e\/1FAIpQLSe6myxA2228P0tY97CUPqRYqU_uZi9BlSoxktT5D7OqYWm8Dg\/viewform?vc=0&amp;c=0&amp;w=1&amp;flr=0\" target=\"_blank\" rel=\"noopener\">https:\/\/docs.google.com\/forms\/d\/e\/1FAIpQLSe6myxA2228P0tY97CUPqRYqU_uZi9BlSoxktT5D7OqYWm8Dg\/viewform?vc=0&amp;c=0&amp;w=1&amp;flr=0<\/a><\/p>\n<p><strong>MAIS INFORMA\u00c7\u00d5ES<\/strong><br \/>\nJamecy Lima: 81 99848.1333<br \/>\nAmanda Morais: 81 99925.7362<br \/>\nAngela Amoras: 61 98102.5922<\/p>\n<p>&nbsp;<\/p>\n","protected":false},"excerpt":{"rendered":"<p>De 07 a 09 de julho de 2023, o professor de Yoga Sandro Bosco realiza o RETIRO SYM PE 2023. A imers\u00e3o ser\u00e1 no Hotel Campestre de Aldeia, localizado em Aldeia dos Camar\u00e1s, pr\u00f3ximo ao Recife. O SYM \u00e9 um retiro de Sil\u00eancio, Yoga e Medita\u00e7\u00e3o, onde durante tr\u00eas dias os participantes usufruir\u00e3o de pr\u00e1ticas [&hellip;]<\/p>\n","protected":false},"author":1,"featured_media":43424,"comment_status":"open","ping_status":"open","sticky":false,"template":"","format":"standard","meta":{"om_disable_all_campaigns":false,"_monsterinsights_skip_tracking":false,"_monsterinsights_sitenote_active":false,"_monsterinsights_sitenote_note":"","_monsterinsights_sitenote_category":0,"footnotes":""},"categories":[8,214],"tags":[136,315,43,396,1328,724,21],"acf":[],"publishpress_future_action":{"enabled":false,"date":"1969-12-31 21:00:00","action":"","terms":[],"taxonomy":"","browser_timezone_offset":0},"_links":{"self":[{"href":"https:\/\/portalfloresnoar.com\/floresnoar\/wp-json\/wp\/v2\/posts\/43422"}],"collection":[{"href":"https:\/\/portalfloresnoar.com\/floresnoar\/wp-json\/wp\/v2\/posts"}],"about":[{"href":"https:\/\/portalfloresnoar.com\/floresnoar\/wp-json\/wp\/v2\/types\/post"}],"author":[{"embeddable":true,"href":"https:\/\/portalfloresnoar.com\/floresnoar\/wp-json\/wp\/v2\/users\/1"}],"replies":[{"embeddable":true,"href":"https:\/\/portalfloresnoar.com\/floresnoar\/wp-json\/wp\/v2\/comments?post=43422"}],"version-history":[{"count":0,"href":"https:\/\/portalfloresnoar.com\/floresnoar\/wp-json\/wp\/v2\/posts\/43422\/revisions"}],"wp:featuredmedia":[{"embeddable":true,"href":"https:\/\/portalfloresnoar.com\/floresnoar\/wp-json\/wp\/v2\/media\/43424"}],"wp:attachment":[{"href":"https:\/\/portalfloresnoar.com\/floresnoar\/wp-json\/wp\/v2\/media?parent=43422"}],"wp:term":[{"taxonomy":"category","embeddable":true,"href":"https:\/\/portalfloresnoar.com\/floresnoar\/wp-json\/wp\/v2\/categories?post=43422"},{"taxonomy":"post_tag","embeddable":true,"href":"https:\/\/portalfloresnoar.com\/floresnoar\/wp-json\/wp\/v2\/tags?post=43422"}],"curies":[{"name":"wp","href":"https:\/\/api.w.org\/{rel}","templated":true}]}}