

{"id":43406,"date":"2023-05-17T15:27:59","date_gmt":"2023-05-17T18:27:59","guid":{"rendered":"http:\/\/portalfloresnoar.com\/floresnoar\/?p=43406"},"modified":"2023-06-27T11:29:51","modified_gmt":"2023-06-27T14:29:51","slug":"agenda-pe-terapeuta-gisela-santana-oferece-atendimentos-no-espaco-gerar","status":"publish","type":"post","link":"https:\/\/portalfloresnoar.com\/floresnoar\/agenda-pe-terapeuta-gisela-santana-oferece-atendimentos-no-espaco-gerar\/","title":{"rendered":"[AGENDA PE] Terapeuta Gisela Santana oferece atendimentos no Espa\u00e7o Gerar"},"content":{"rendered":"<p><img decoding=\"async\" loading=\"lazy\" class=\"size-medium wp-image-43407 alignleft\" src=\"http:\/\/portalfloresnoar.com\/floresnoar\/wp-content\/uploads\/2023\/05\/gisela-santana-terapeuta-1-265x300.jpeg\" alt=\"\" width=\"265\" height=\"300\" srcset=\"https:\/\/portalfloresnoar.com\/floresnoar\/wp-content\/uploads\/2023\/05\/gisela-santana-terapeuta-1-265x300.jpeg 265w, https:\/\/portalfloresnoar.com\/floresnoar\/wp-content\/uploads\/2023\/05\/gisela-santana-terapeuta-1-617x700.jpeg 617w, https:\/\/portalfloresnoar.com\/floresnoar\/wp-content\/uploads\/2023\/05\/gisela-santana-terapeuta-1.jpeg 725w\" sizes=\"(max-width: 265px) 100vw, 265px\" \/>A terapeuta integrativa Gisela Santana est\u00e1 oferecendo no Espa\u00e7o Gerar, no Recife, atendimentos terap\u00eauticos em diversas abordagens, voltados para crian\u00e7as,\u00a0 jovens, adultos e idosos, tanto de forma individual, como em grupos.<\/p>\n<p>S\u00e3o oferecidas as seguintes t\u00e9cnicas terap\u00eauticas:\u00a0Terapia Focal Breve; Relaxamento Mental e Revitaliza\u00e7\u00e3o Energ\u00e9tica; Coaching de Vida, Estudo e Carreira; Estudo Biogr\u00e1fico; Terapia com Mandalas; Reestrutura\u00e7\u00e3o do Ego; Aconselhamento Psicossom\u00e1tico e\u00a0Thetahealing\u00ae.<\/p>\n<p>A terapeuta explica que, dependendo da idade e da t\u00e9cnica, pode haver restri\u00e7\u00e3o para crian\u00e7as, em fun\u00e7\u00e3o da capacidade cognitiva e do pr\u00f3prio contexto de vida. Os atendimentos, no geral, t\u00eam como objetivo promover o autoconhecimento, a qualidade de vida, a conex\u00e3o com o amor-pr\u00f3prio, a harmoniza\u00e7\u00e3o das emo\u00e7\u00f5es, a expans\u00e3o da consci\u00eancia e o bem-estar.<\/p>\n<p><em>Nas palavras de Gisela, seguem abaixo informa\u00e7\u00f5es sobre cada terapia oferecida!<\/em><\/p>\n<p><strong>Terapia Focal Breve<\/strong> &#8211; \u00c9 \u00fatil para trabalhar quest\u00f5es pontuais que n\u00e3o demandam tratamento prolongado e, tem o objetivo de trazer e potencializar a consci\u00eancia, por meio de a\u00e7\u00f5es e t\u00e9cnicas assertivas, focadas no objetivo a ser alcan\u00e7ado. A terapia pode ser utilizada para trabalhar diversos aspectos do ser. Consiste em desenvolver e ampliar a consci\u00eancia da quest\u00e3o trazida, por meio da aplica\u00e7\u00e3o de protocolos de atendimentos como Estudo do Biogr\u00e1fico, Mandalas, Estudo de Luz e Sombra, Objetiva\u00e7\u00e3o de Cena, Quero e Fa\u00e7o e Reestrutura\u00e7\u00e3o do Ego (estes protocolos, est\u00e3o explicados abaixo e tamb\u00e9m envolvem atividades art\u00edsiticas, como desenhos, pinturas, argila, recortes e colagem).<\/p>\n<p><strong>Relaxamento Mental e Revitaliza\u00e7\u00e3o Energ\u00e9tica<\/strong> \u2013 Atendimentos com foco no combate ao estresse e \u00e0 ansiedade. Utiliza diversas t\u00e9cnicas de relaxamento, medita\u00e7\u00e3o e respira\u00e7\u00e3o com o objetivo de equilibrar a vibra\u00e7\u00e3o do cliente por meio de visualiza\u00e7\u00f5es, medita\u00e7\u00f5es guiadas, reconex\u00e3o energ\u00e9tica com a Natureza e uso de t\u00e9cnicas da Programa\u00e7\u00e3o Neurolingu\u00edstica.<\/p>\n<p><strong>Coaching de Vida, Estudo e Carreira<\/strong> &#8211; Coaching de Vida, Estudo e Carreira \u2013 Atendimentos para melhoria da qualidade das rela\u00e7\u00f5es em fam\u00edlia, para facilitar, direcionar a trajet\u00f3ria de vida, estudo e carreira. Promove organiza\u00e7\u00e3o e impulso no desempenho e nos resultados, seja no alcance de objetivos e metas de estilo de vida, estudos e no processo de escolha profissional e de transi\u00e7\u00e3o de carreira.<\/p>\n<p><strong>Estudo Biogr\u00e1fico<\/strong> (Autoconhecimento e Hist\u00f3ria de Vida) &#8211;\u00a0O protocolo Biogr\u00e1fico tra\u00e7a, atrav\u00e9s de um mosaico, o caminho que o ser humano realiza na Terra, rico de fatos, viv\u00eancias, experi\u00eancias e sentimentos que fazem com que cada pessoa seja um ser \u00fanico.<\/p>\n<p><strong>Reestrutura\u00e7\u00e3o do Ego<\/strong> &#8211; A Reestrutura\u00e7\u00e3o do Ego te conecta com a sua ess\u00eancia e identifica em cada chacra os bloqueios, desvios e comportamentos nocivos para que eles possam ser realinhados.\u00a0\u00a0Esta t\u00e9cnica n\u00e3o \u00e9 aconselhada para menores de 21 anos.<\/p>\n<p><strong>Objetiva\u00e7\u00e3o de Cena<\/strong> &#8211; Esta t\u00e9cnica permite olhar de forma objetiva o que est\u00e1 travando a sua vida. Utiliza-se do recurso da Arteterapia, atrav\u00e9s da representa\u00e7\u00e3o na argila para ampliar o olhar, reconhecendo caracter\u00edsticas arquet\u00edpicas de cada set\u00eanio.<\/p>\n<p><strong>Quero e Fa\u00e7o<\/strong> &#8211;\u00a0 O intuito desta t\u00e9cnica \u00e9 trazer a for\u00e7a do querer para a realiza\u00e7\u00e3o de um objetivo espec\u00edfico, com recursos terap\u00eauticos para identificar os bloqueios que emergem e estruturar os passos para cada meta em dire\u00e7\u00e3o ao seu objetivo.<\/p>\n<p><strong>Luz e Sombra<\/strong> &#8211; Esse protocolo comp\u00f5e um trabalho de integra\u00e7\u00e3o do ser. O indiv\u00edduo percebe a pot\u00eancia de sua luz e for\u00e7a, fazendo a integra\u00e7\u00e3o de si mesmo como um ser uno.<\/p>\n<p><strong>Mandala<\/strong> &#8211; A mandala atua nos corpos sutis, fazendo com que o paciente perceba os movimentos da vida e os aspectos importantes que est\u00e3o guardados no n\u00edvel inconsciente.<\/p>\n<p><strong>Atendimentos de Aconselhamento Psicossom\u00e1tico<\/strong> &#8211; O Aconselhamento Psicossom\u00e1tico \u00e9 baseado na amplia\u00e7\u00e3o da consci\u00eancia do cliente em rela\u00e7\u00e3o aos sintomas de alguma doen\u00e7a f\u00edsica e, a partir dessa consci\u00eancia, orienta para caminhos de novos comportamentos que promovam mais sa\u00fade.<\/p>\n<p><strong>Thetahealing\u00ae<\/strong> &#8211; Esta \u00e9 uma t\u00e9cnica de leitura e mudan\u00e7a energ\u00e9tica baseada no acesso \u00e0 energia do cliente, contribuindo para aliviar as altera\u00e7\u00f5es mentais, f\u00edsicas e emocionais, por meio da transforma\u00e7\u00e3o de cren\u00e7as limitantes e situa\u00e7\u00f5es traum\u00e1ticas, promovendo uma reorganiza\u00e7\u00e3o energ\u00e9tica que visa o equil\u00edbrio, baseado no acesso \u00e0s ondas cerebrais Theta.<\/p>\n<p>SOBRE A TERAPEUTA<br \/>\n<strong>Gisela Verri de Santana<\/strong> \u00e9 terapeuta Integrativa e Coach, encantada pela transforma\u00e7\u00e3o humana, pela melhoria da qualidade das rela\u00e7\u00f5es e pela possibilidade de cura por meio do autoconhecimento. Foi professora universit\u00e1ria por mais de 10 anos, \u00e9 arquiteta, doutora em Psicologia Social, apaixonada pela F\u00edsica Qu\u00e2ntica e pelas rela\u00e7\u00f5es com a Natureza.<\/p>\n<p><strong>LOCAL DE ATENDIMENTO<\/strong><br \/>\n<strong>Gerar \u2013 Psicologia, Arteterapia e Bem-Estar<\/strong>:\u00a0 Rua Luiz Guimar\u00e3es, 253, Po\u00e7o da Panela, Recife\/PE<\/p>\n<p><strong>AGENDAMENTOS E MAIS INFORMA\u00c7\u00d5ES<\/strong><br \/>\n<strong>WhatsApp:\u00a0<\/strong><a href=\"https:\/\/wa.me\/message\/CEVRMTXKTHSHP1\" target=\"_blank\" rel=\"noopener\">(81) 98190-7596<\/a><br \/>\n<strong>Instagram:<\/strong>\u00a0<a href=\"https:\/\/www.instagram.com\/giselasantanaalquimia\/\" target=\"_blank\" rel=\"noopener\">@giselasantanaalquimia<\/a><\/p>\n","protected":false},"excerpt":{"rendered":"<p>A terapeuta integrativa Gisela Santana est\u00e1 oferecendo no Espa\u00e7o Gerar, no Recife, atendimentos terap\u00eauticos em diversas abordagens, voltados para crian\u00e7as,\u00a0 jovens, adultos e idosos, tanto de forma individual, como em grupos. S\u00e3o oferecidas as seguintes t\u00e9cnicas terap\u00eauticas:\u00a0Terapia Focal Breve; Relaxamento Mental e Revitaliza\u00e7\u00e3o Energ\u00e9tica; Coaching de Vida, Estudo e Carreira; Estudo Biogr\u00e1fico; Terapia com Mandalas; [&hellip;]<\/p>\n","protected":false},"author":1,"featured_media":43408,"comment_status":"open","ping_status":"open","sticky":false,"template":"","format":"standard","meta":{"om_disable_all_campaigns":false,"_monsterinsights_skip_tracking":false,"_monsterinsights_sitenote_active":false,"_monsterinsights_sitenote_note":"","_monsterinsights_sitenote_category":0,"footnotes":""},"categories":[8,224,214],"tags":[325,1223,119,67,127,286],"acf":[],"publishpress_future_action":{"enabled":false,"date":"1969-12-31 21:00:00","action":"","terms":[],"taxonomy":"","browser_timezone_offset":0},"_links":{"self":[{"href":"https:\/\/portalfloresnoar.com\/floresnoar\/wp-json\/wp\/v2\/posts\/43406"}],"collection":[{"href":"https:\/\/portalfloresnoar.com\/floresnoar\/wp-json\/wp\/v2\/posts"}],"about":[{"href":"https:\/\/portalfloresnoar.com\/floresnoar\/wp-json\/wp\/v2\/types\/post"}],"author":[{"embeddable":true,"href":"https:\/\/portalfloresnoar.com\/floresnoar\/wp-json\/wp\/v2\/users\/1"}],"replies":[{"embeddable":true,"href":"https:\/\/portalfloresnoar.com\/floresnoar\/wp-json\/wp\/v2\/comments?post=43406"}],"version-history":[{"count":0,"href":"https:\/\/portalfloresnoar.com\/floresnoar\/wp-json\/wp\/v2\/posts\/43406\/revisions"}],"wp:featuredmedia":[{"embeddable":true,"href":"https:\/\/portalfloresnoar.com\/floresnoar\/wp-json\/wp\/v2\/media\/43408"}],"wp:attachment":[{"href":"https:\/\/portalfloresnoar.com\/floresnoar\/wp-json\/wp\/v2\/media?parent=43406"}],"wp:term":[{"taxonomy":"category","embeddable":true,"href":"https:\/\/portalfloresnoar.com\/floresnoar\/wp-json\/wp\/v2\/categories?post=43406"},{"taxonomy":"post_tag","embeddable":true,"href":"https:\/\/portalfloresnoar.com\/floresnoar\/wp-json\/wp\/v2\/tags?post=43406"}],"curies":[{"name":"wp","href":"https:\/\/api.w.org\/{rel}","templated":true}]}}