

{"id":43392,"date":"2023-01-16T18:01:11","date_gmt":"2023-01-16T21:01:11","guid":{"rendered":"http:\/\/portalfloresnoar.com\/floresnoar\/?p=43392"},"modified":"2023-05-29T17:29:41","modified_gmt":"2023-05-29T20:29:41","slug":"agenda-inscricoes-abertas-para-1a-conferencia-nacional-livre-de-praticas-integrativas-e-complementares-em-saude","status":"publish","type":"post","link":"https:\/\/portalfloresnoar.com\/floresnoar\/agenda-inscricoes-abertas-para-1a-conferencia-nacional-livre-de-praticas-integrativas-e-complementares-em-saude\/","title":{"rendered":"[AGENDA] Inscri\u00e7\u00f5es abertas para 1\u00aa Confer\u00eancia Nacional Livre de Pr\u00e1ticas Integrativas e Complementares em Sa\u00fade"},"content":{"rendered":"<p><img decoding=\"async\" loading=\"lazy\" class=\"aligncenter wp-image-43393 \" src=\"http:\/\/portalfloresnoar.com\/floresnoar\/wp-content\/uploads\/2023\/05\/conferencia-nacional-livre-pics-560x700.jpg\" alt=\"\" width=\"465\" height=\"581\" srcset=\"https:\/\/portalfloresnoar.com\/floresnoar\/wp-content\/uploads\/2023\/05\/conferencia-nacional-livre-pics-560x700.jpg 560w, https:\/\/portalfloresnoar.com\/floresnoar\/wp-content\/uploads\/2023\/05\/conferencia-nacional-livre-pics-240x300.jpg 240w, https:\/\/portalfloresnoar.com\/floresnoar\/wp-content\/uploads\/2023\/05\/conferencia-nacional-livre-pics-768x959.jpg 768w, https:\/\/portalfloresnoar.com\/floresnoar\/wp-content\/uploads\/2023\/05\/conferencia-nacional-livre-pics.jpg 959w\" sizes=\"(max-width: 465px) 100vw, 465px\" \/><\/p>\n<p>No dia 27 de maio de 2023 ser\u00e1 realizada a 1\u00aa Confer\u00eancia Nacional Livre de Pr\u00e1ticas Integrativas e Complementares em Sa\u00fade, com o tema: &#8220;Democratizar a sa\u00fade para garantir o acesso e o direito \u00e0s PICS&#8221;. O encontro ser\u00e1 on-line e as inscri\u00e7\u00f5es, gratuitas, est\u00e3o abertas at\u00e9 o dia 22\/05.<\/p>\n<p>A 1\u00aa Confer\u00eancia Nacional Livre de PICS \u00e9 fruto da articula\u00e7\u00e3o da RedePICS Brasil, que \u00e9 uma rede colaborativa de atores sociais de diversas inst\u00e2ncias de servi\u00e7os de sa\u00fade, universidades, associa\u00e7\u00f5es, usu\u00e1rios e militantes da \u00e1rea. Ela atende ao modelo organizado pelo Conselho Nacional de Sa\u00fade e pretende debater e integrar os objetivos descritos no Eixo III &#8211; Garantir direitos e defender o SUS, a vida e a democracia, da 17\u00aa CNS, com o o enfoque na implanta\u00e7\u00e3o e o acesso democr\u00e1tico \u00e0s PICS no SUS como direito de escolha, na garantia do fortalecimento e consolida\u00e7\u00e3o da Pol\u00edtica Nacional de Pr\u00e1ticas Integrativas e Complementares (PNPIC-SUS).<\/p>\n<p>As Confer\u00eancias Livres de Sa\u00fade s\u00e3o espa\u00e7os de debate e participa\u00e7\u00e3o social para constru\u00e7\u00e3o das pol\u00edticas do Sistema \u00danico de Sa\u00fade (SUS). Promovidas e protagonizadas pela sociedade civil, s\u00e3o parte integrante do processo da Confer\u00eancia Nacional de Sa\u00fade e est\u00e3o estruturadas pelo Conselho Nacional de Sa\u00fade.<\/p>\n<p>A 17\u00aa Confer\u00eancia Nacional de Sa\u00fade ser\u00e1 realizada de 2 a 5 de julho de 2023. A Confer\u00eancia Nacional de Sa\u00fade \u00e9 o principal espa\u00e7o democr\u00e1tico de exerc\u00edcio do Controle Social na sa\u00fade brasileira. Conta com a participa\u00e7\u00e3o de usu\u00e1rios do SUS, profissionais de sa\u00fade e representantes do governo, e se organiza atrav\u00e9s de um amplo f\u00f3rum de debates com a finalidade de avaliar, planejar e fixar a\u00e7\u00f5es e diretrizes que aprimorem a qualidade dos servi\u00e7os de sa\u00fade, promovendo sa\u00fade de forma integral para toda a popula\u00e7\u00e3o.<\/p>\n<p>SERVI\u00c7O<br \/>\n<strong>1\u00aa Confer\u00eancia Nacional Livre de Pr\u00e1ticas Integrativas e Complementares em Sa\u00fade<\/strong><br \/>\n<strong>Data:<\/strong> 27 de maio de 2023<br \/>\n<strong>Hor\u00e1rio:<\/strong> Das 14h \u00e0s 19h30<br \/>\n<strong>Local:<\/strong> Plataforma on-line Teams<br \/>\n<strong>Inscri\u00e7\u00f5es gratuitas (at\u00e9 22\/05), atrav\u00e9s do link:<\/strong> <a href=\"https:\/\/docs.google.com\/forms\/d\/e\/1FAIpQLSccAA12lBEQU2I9r5zW2CLUiekU36puVQkiamWRrjt_tZukgQ\/viewform\" target=\"_blank\" rel=\"noopener\">https:\/\/docs.google.com\/forms\/d\/e\/1FAIpQLSccAA12lBEQU2I9r5zW2CLUiekU36puVQkiamWRrjt_tZukgQ\/viewform<\/a><\/p>\n<p>MAIS INFORMA\u00c7\u00d5ES:<br \/>\n<a href=\"https:\/\/redepicsbrasil.com.br\/events\/17cns\/\" target=\"_blank\" rel=\"noopener\">www.redepicsbrasil.com.br<\/a><\/p>\n<p>&nbsp;<\/p>\n","protected":false},"excerpt":{"rendered":"<p>No dia 27 de maio de 2023 ser\u00e1 realizada a 1\u00aa Confer\u00eancia Nacional Livre de Pr\u00e1ticas Integrativas e Complementares em Sa\u00fade, com o tema: &#8220;Democratizar a sa\u00fade para garantir o acesso e o direito \u00e0s PICS&#8221;. O encontro ser\u00e1 on-line e as inscri\u00e7\u00f5es, gratuitas, est\u00e3o abertas at\u00e9 o dia 22\/05. A 1\u00aa Confer\u00eancia Nacional Livre [&hellip;]<\/p>\n","protected":false},"author":1,"featured_media":43394,"comment_status":"open","ping_status":"open","sticky":false,"template":"","format":"standard","meta":{"om_disable_all_campaigns":false,"_monsterinsights_skip_tracking":false,"_monsterinsights_sitenote_active":false,"_monsterinsights_sitenote_note":"","_monsterinsights_sitenote_category":0,"footnotes":""},"categories":[8,214],"tags":[1326,1057,1245,127],"acf":[],"publishpress_future_action":{"enabled":false,"date":"1969-12-31 21:00:00","action":"","terms":[],"taxonomy":"","browser_timezone_offset":0},"_links":{"self":[{"href":"https:\/\/portalfloresnoar.com\/floresnoar\/wp-json\/wp\/v2\/posts\/43392"}],"collection":[{"href":"https:\/\/portalfloresnoar.com\/floresnoar\/wp-json\/wp\/v2\/posts"}],"about":[{"href":"https:\/\/portalfloresnoar.com\/floresnoar\/wp-json\/wp\/v2\/types\/post"}],"author":[{"embeddable":true,"href":"https:\/\/portalfloresnoar.com\/floresnoar\/wp-json\/wp\/v2\/users\/1"}],"replies":[{"embeddable":true,"href":"https:\/\/portalfloresnoar.com\/floresnoar\/wp-json\/wp\/v2\/comments?post=43392"}],"version-history":[{"count":0,"href":"https:\/\/portalfloresnoar.com\/floresnoar\/wp-json\/wp\/v2\/posts\/43392\/revisions"}],"wp:featuredmedia":[{"embeddable":true,"href":"https:\/\/portalfloresnoar.com\/floresnoar\/wp-json\/wp\/v2\/media\/43394"}],"wp:attachment":[{"href":"https:\/\/portalfloresnoar.com\/floresnoar\/wp-json\/wp\/v2\/media?parent=43392"}],"wp:term":[{"taxonomy":"category","embeddable":true,"href":"https:\/\/portalfloresnoar.com\/floresnoar\/wp-json\/wp\/v2\/categories?post=43392"},{"taxonomy":"post_tag","embeddable":true,"href":"https:\/\/portalfloresnoar.com\/floresnoar\/wp-json\/wp\/v2\/tags?post=43392"}],"curies":[{"name":"wp","href":"https:\/\/api.w.org\/{rel}","templated":true}]}}