

{"id":43354,"date":"2023-01-11T08:55:07","date_gmt":"2023-01-11T11:55:07","guid":{"rendered":"http:\/\/portalfloresnoar.com\/floresnoar\/?p=43354"},"modified":"2023-06-11T10:23:32","modified_gmt":"2023-06-11T13:23:32","slug":"agenda-pe-ciclos-de-imersao-na-clinica-junguiana-tem-inicio-no-dia-1006-no-recife","status":"publish","type":"post","link":"https:\/\/portalfloresnoar.com\/floresnoar\/agenda-pe-ciclos-de-imersao-na-clinica-junguiana-tem-inicio-no-dia-1006-no-recife\/","title":{"rendered":"[AGENDA PE] &#8216;Ciclos de Imers\u00e3o na Cl\u00ednica Junguiana&#8217; t\u00eam in\u00edcio no dia 10\/06 no Recife"},"content":{"rendered":"<p><img decoding=\"async\" loading=\"lazy\" class=\"aligncenter wp-image-43355\" src=\"http:\/\/portalfloresnoar.com\/floresnoar\/wp-content\/uploads\/2023\/05\/estudos-junguianos-2-700x700.jpeg\" alt=\"\" width=\"600\" height=\"600\" srcset=\"https:\/\/portalfloresnoar.com\/floresnoar\/wp-content\/uploads\/2023\/05\/estudos-junguianos-2-700x700.jpeg 700w, https:\/\/portalfloresnoar.com\/floresnoar\/wp-content\/uploads\/2023\/05\/estudos-junguianos-2-150x150.jpeg 150w, https:\/\/portalfloresnoar.com\/floresnoar\/wp-content\/uploads\/2023\/05\/estudos-junguianos-2-300x300.jpeg 300w, https:\/\/portalfloresnoar.com\/floresnoar\/wp-content\/uploads\/2023\/05\/estudos-junguianos-2-768x768.jpeg 768w, https:\/\/portalfloresnoar.com\/floresnoar\/wp-content\/uploads\/2023\/05\/estudos-junguianos-2-100x100.jpeg 100w, https:\/\/portalfloresnoar.com\/floresnoar\/wp-content\/uploads\/2023\/05\/estudos-junguianos-2.jpeg 1440w\" sizes=\"(max-width: 600px) 100vw, 600px\" \/><\/p>\n<p>O Lumen Novum inicia no dia 10 de junho de 2023 o primeiro ciclo do curso te\u00f3rico-experiencial &#8216;Ciclos de Imers\u00e3o na Cl\u00ednica Junguiana&#8217;. Ser\u00e3o cinco encontros, sendo um s\u00e1bado por m\u00eas, das 9h \u00e0s 13h, na sede do Lumen Novum, localizada no bairro de Casa Forte, no Recife.<\/p>\n<p>O curso tem como objetivo proporcionar um espa\u00e7o f\u00e9rtil de trocas para reflex\u00f5es sobre a pr\u00e1tica cl\u00ednica, e sensibiliza\u00e7\u00e3o para o olhar simb\u00f3lico que norteia a abordagem junguiana. Os encontros s\u00e3o voltados a estudantes e profissionais de Psicologia, Arteterapia, Psiquiatria e \u00e1reas afins.<\/p>\n<p>FACILITADORAS<br \/>\n<strong>Alessandra Guimar\u00e3es<\/strong>,<strong> L\u00edvia Campello<\/strong>, <strong>Manuelle Andreani<\/strong> e <strong>Sayuri Matsumiya<\/strong><br \/>\nAnalistas Junguianas pelo IPABAHIA (AJB\/IAAP). Psic\u00f3logas, arteterapeutas, especialistas em Teoria e Pr\u00e1tica Junguiana. Coordenadoras e professoras da p\u00f3s gradua\u00e7\u00e3o de Psicologia Junguiana, na Faculdade IDE\/Recife. Integrantes do Lumen Novum.<\/p>\n<p>CONTE\u00daDO PROGRAM\u00c1TICO<br \/>\n<strong>Ciclo 1: O trabalho com as imagens<\/strong><br \/>\nA proposta do primeiro ciclo, que acontecer\u00e1 de junho a outubro, ter\u00e1 o foco no trabalho com as imagens. &#8220;Na Cl\u00ednica Junguiana o m\u00e9todo perpassa pelo cultivo \u00e0s imagens e como elas nos afetam.<br \/>\nImagem e emo\u00e7\u00e3o nos ensinam sobre a nossa interioridade. S\u00e3o caminhos para a profundidade. Imagem \u00e9 emo\u00e7\u00e3o&#8221;, contam as facilitadoras.<\/p>\n<p><strong>Datas e temas dos encontros:<\/strong><br \/>\n10\/06 &#8211; A rela\u00e7\u00e3o com as imagens<br \/>\n15\/07 &#8211; A vida simb\u00f3lica<br \/>\n12\/08 &#8211; Imagina\u00e7\u00e3o Ativa<br \/>\n16\/09 &#8211; A escuta imag\u00e9tica<br \/>\n28\/10 &#8211; Imaginando a cl\u00ednica: fechamento do 1\u00b0 ciclo.<\/p>\n<p>SERVI\u00c7O<br \/>\n<strong>Ciclos de Imers\u00e3o na Cl\u00ednica Junguiana<\/strong><br \/>\n<strong>In\u00edcio:<\/strong> 10\/06\/2023 (S\u00e1bado)<br \/>\n<strong>Hor\u00e1rio:<\/strong> 9h \u00e0s 13h<br \/>\n<strong>Local:<\/strong> Lumen Novum &#8211; Estrada do Encanamento, n. 846, Empresarial Sta. Luzia &#8211; Casa Forte, Recife-PE.<br \/>\n<strong>Investimento mensal:<\/strong> 230,00 (ou duas parcelas de 500,00 os cinco encontros)<\/p>\n<p>Obs.: Ser\u00e3o oferecidas duas bolsas integrais para pessoas autodeclaradas negras, ind\u00edgenas e trans, que n\u00e3o estejam em condi\u00e7\u00f5es de custear o curso.<\/p>\n<p><strong>INSCRI\u00c7\u00d5ES E MAIS INFORMA\u00c7\u00d5ES:<\/strong><br \/>\n(81) 996049434 (WhatsApp)<br \/>\n(81) 999741706 (WhatsApp)<\/p>\n","protected":false},"excerpt":{"rendered":"<p>O Lumen Novum inicia no dia 10 de junho de 2023 o primeiro ciclo do curso te\u00f3rico-experiencial &#8216;Ciclos de Imers\u00e3o na Cl\u00ednica Junguiana&#8217;. Ser\u00e3o cinco encontros, sendo um s\u00e1bado por m\u00eas, das 9h \u00e0s 13h, na sede do Lumen Novum, localizada no bairro de Casa Forte, no Recife. O curso tem como objetivo proporcionar um [&hellip;]<\/p>\n","protected":false},"author":1,"featured_media":43356,"comment_status":"open","ping_status":"open","sticky":false,"template":"","format":"standard","meta":{"om_disable_all_campaigns":false,"_monsterinsights_skip_tracking":false,"_monsterinsights_sitenote_active":false,"_monsterinsights_sitenote_note":"","_monsterinsights_sitenote_category":0,"footnotes":""},"categories":[8,214],"tags":[34,1324,167,60,81,478,1323],"acf":[],"publishpress_future_action":{"enabled":false,"date":"1969-12-31 21:00:00","action":"","terms":[],"taxonomy":"","browser_timezone_offset":0},"_links":{"self":[{"href":"https:\/\/portalfloresnoar.com\/floresnoar\/wp-json\/wp\/v2\/posts\/43354"}],"collection":[{"href":"https:\/\/portalfloresnoar.com\/floresnoar\/wp-json\/wp\/v2\/posts"}],"about":[{"href":"https:\/\/portalfloresnoar.com\/floresnoar\/wp-json\/wp\/v2\/types\/post"}],"author":[{"embeddable":true,"href":"https:\/\/portalfloresnoar.com\/floresnoar\/wp-json\/wp\/v2\/users\/1"}],"replies":[{"embeddable":true,"href":"https:\/\/portalfloresnoar.com\/floresnoar\/wp-json\/wp\/v2\/comments?post=43354"}],"version-history":[{"count":0,"href":"https:\/\/portalfloresnoar.com\/floresnoar\/wp-json\/wp\/v2\/posts\/43354\/revisions"}],"wp:featuredmedia":[{"embeddable":true,"href":"https:\/\/portalfloresnoar.com\/floresnoar\/wp-json\/wp\/v2\/media\/43356"}],"wp:attachment":[{"href":"https:\/\/portalfloresnoar.com\/floresnoar\/wp-json\/wp\/v2\/media?parent=43354"}],"wp:term":[{"taxonomy":"category","embeddable":true,"href":"https:\/\/portalfloresnoar.com\/floresnoar\/wp-json\/wp\/v2\/categories?post=43354"},{"taxonomy":"post_tag","embeddable":true,"href":"https:\/\/portalfloresnoar.com\/floresnoar\/wp-json\/wp\/v2\/tags?post=43354"}],"curies":[{"name":"wp","href":"https:\/\/api.w.org\/{rel}","templated":true}]}}