

{"id":43349,"date":"2022-05-08T10:16:20","date_gmt":"2022-05-08T13:16:20","guid":{"rendered":"http:\/\/portalfloresnoar.com\/floresnoar\/?p=43349"},"modified":"2023-05-22T08:36:37","modified_gmt":"2023-05-22T11:36:37","slug":"agenda-pe-cultura-popular-e-saude-mental-e-tema-do-conversas-no-jardim-no-espaco-gerar-com-a-escritora-maria-alice-amorim","status":"publish","type":"post","link":"https:\/\/portalfloresnoar.com\/floresnoar\/agenda-pe-cultura-popular-e-saude-mental-e-tema-do-conversas-no-jardim-no-espaco-gerar-com-a-escritora-maria-alice-amorim\/","title":{"rendered":"[AGENDA PE] &#8216;Cultura Popular e Sa\u00fade Mental&#8217; \u00e9 tema do Conversas no Jardim, no Espa\u00e7o Gerar, com a escritora Maria Alice Amorim"},"content":{"rendered":"<p><img decoding=\"async\" loading=\"lazy\" class=\"aligncenter  wp-image-43350\" src=\"http:\/\/portalfloresnoar.com\/floresnoar\/wp-content\/uploads\/2023\/05\/escritora-maria-alice-amorim-700x449.jpg\" alt=\"\" width=\"603\" height=\"387\" srcset=\"https:\/\/portalfloresnoar.com\/floresnoar\/wp-content\/uploads\/2023\/05\/escritora-maria-alice-amorim-700x449.jpg 700w, https:\/\/portalfloresnoar.com\/floresnoar\/wp-content\/uploads\/2023\/05\/escritora-maria-alice-amorim-300x192.jpg 300w, https:\/\/portalfloresnoar.com\/floresnoar\/wp-content\/uploads\/2023\/05\/escritora-maria-alice-amorim-768x493.jpg 768w, https:\/\/portalfloresnoar.com\/floresnoar\/wp-content\/uploads\/2023\/05\/escritora-maria-alice-amorim.jpg 987w\" sizes=\"(max-width: 603px) 100vw, 603px\" \/><\/p>\n<p>Em comemora\u00e7\u00e3o \u00e0 Semana da Luta Antimanicomial, o Espa\u00e7o Gerar Psicologia,\u00a0Arteterapia e Bem-Estar, no Recife, realiza no dia 19 de maio de 2023 mais uma edi\u00e7\u00e3o do projeto \u2018Conversas no Jardim\u2019, desta vez sobre o tema &#8216;Cultura Popular e Sa\u00fade Mental&#8217;, com a escritora e pesquisadora Maria Alice Amorim.<\/p>\n<p>Maria Alice Amorim atua nas \u00e1reas de Patrim\u00f4nio Imaterial, Cultura Popular, Carnaval, Maracatu de Baque Solto e po\u00e9ticas de tradi\u00e7\u00e3o oral.\u00a0O &#8216;Conversas no Jardim&#8217; tem in\u00edcio \u00e0s 18h, e \u00e9 voltado a\u00a0todas as pessoas interessadas no tema.<\/p>\n<p>SOBRE O \u2018CONVERSAS NO JARDIM\u2019<br \/>\n\u201cO jardim \u00e9 algo que se apresenta como uma passagem; \u00e9 algo que \u00e9 dentro, mas tamb\u00e9m \u00e9 fora, que prepara para adentrar em algo, mas tamb\u00e9m para ganhar outros horizontes. \u00c9 o meio do caminho, um lugar que sugere intera\u00e7\u00f5es com movimento, liberdade, mistura, encantamento. Um jardim \u00e9, enfim, um recorte, em organiza\u00e7\u00e3o e espa\u00e7o, de uma natureza mais abundante e espont\u00e2nea\u201d, contam as gestoras do Gerar, Fabiana Guimar\u00e3es, Josefina Campos e Patr\u00edcia Mello.<\/p>\n<p>Segundo elas, o projeto \u2018Conversas no Jardim\u2019 busca colocar a palavra, o pensamento, a troca de ideia, nesse ambiente mais aberto, valendo-se da pot\u00eancia do ambiente e sugerindo, assim, um modelo sim\u00e9trico de promo\u00e7\u00e3o de conhecimentos, nesse entre meio. \u201c\u00c9 uma proposta que visa colocar a intera\u00e7\u00e3o humana no lugar que \u00e9 seu, ou seja, na sua natureza integrada \u00e0 natureza maior, que a cont\u00e9m\u201d.<\/p>\n<p>SOBRE A CONVIDADA<\/p>\n<p><strong>Maria Alice Amorim<\/strong> &#8211; Poeta, escritora, ensa\u00edsta, pesquisadora, jornalista, editora. Suas publica\u00e7\u00f5es na \u00e1rea da Cultura Popular mesclam ensaio liter\u00e1rio e jornalismo cultural. S\u00e3o elas: &#8216;Carnaval: cortejos e improvisos&#8217;<br \/>\n(2002); &#8216;No visgo do improviso ou A peleja virtual entre cibercultura e tradi\u00e7\u00e3o&#8217; (2008); &#8216;100<br \/>\nanos de frevo: irrever\u00eancia e tradi\u00e7\u00e3o&#8217; (2008); &#8216;Teia de Cord\u00e9is&#8217; (2013); &#8216;Patrim\u00f4nios Vivos de<br \/>\nPernambuco&#8217; (2010 e 2014); &#8216;J. Borges: entre f\u00e1bulas e ast\u00facia&#8217; (2019); &#8216;A gente da palavra,<br \/>\nleituras, sonhos, mem\u00f3rias&#8217; (2019); &#8216;Pelejas em rede&#8217; (2019). Na \u00e1rea da Poesia, participa das colet\u00e2neas: &#8216;Imagem passa palavra&#8217; (poema, 2004); &#8216;Luna, Caos e Lama&#8217; (poema, 2010); &#8216;Publique-se! Literatura na hora!&#8217; (poema, 2011); &#8216;Capibaribe Vivo&#8217; (poema, 2015). \u00c9 autora do poema &#8216;Pays sage&#8217;, no livro Paisagem: arqueologia de uma cole\u00e7\u00e3o (2015). Em 2017 publicou o seu primeiro livro de poesia\u00a0&#8216;Claroscuro&#8217;; e\u00a0 &#8216;Erre aurora erre&#8217;, em 2020.<\/p>\n<p>SERVI\u00c7O<br \/>\n<strong>\u2018Conversas no Jardim\u2019, com a escritora Maria Alice Amorim<\/strong><br \/>\n<strong>Data:<\/strong>\u00a019\/05\/2023 (sexta-feira)<br \/>\n<strong>Hor\u00e1rio:<\/strong>\u00a018h \u00e0s 20h<br \/>\n<strong>Local:<\/strong>\u00a0Gerar Psicologia Arteterapia e Bem-Estar\u00a0 \u2013 Rua Luiz Guimar\u00e3es, 253, Po\u00e7o da Panela, Recife\/PE<br \/>\n<em>(Mapa com a localiza\u00e7\u00e3o:\u00a0<a href=\"https:\/\/maps.app.goo.gl\/kZCHrg1TKRm8Qhmv9\" target=\"_blank\" rel=\"noopener\">https:\/\/maps.app.goo.gl\/kZCHrg1TKRm8Qhmv9<\/a>)<\/em><br \/>\n<strong>Contribui\u00e7\u00e3o:<\/strong>\u00a0R$ 10,00 + 1kg de alimento n\u00e3o perec\u00edvel<\/p>\n<p>MAIS INFORMA\u00c7\u00d5ES<br \/>\n<strong>Fone\/WhatsApp:<\/strong>\u00a0(81) 99760.6383<\/p>\n<p>&nbsp;<\/p>\n","protected":false},"excerpt":{"rendered":"<p>Em comemora\u00e7\u00e3o \u00e0 Semana da Luta Antimanicomial, o Espa\u00e7o Gerar Psicologia,\u00a0Arteterapia e Bem-Estar, no Recife, realiza no dia 19 de maio de 2023 mais uma edi\u00e7\u00e3o do projeto \u2018Conversas no Jardim\u2019, desta vez sobre o tema &#8216;Cultura Popular e Sa\u00fade Mental&#8217;, com a escritora e pesquisadora Maria Alice Amorim. Maria Alice Amorim atua nas \u00e1reas [&hellip;]<\/p>\n","protected":false},"author":1,"featured_media":43350,"comment_status":"open","ping_status":"open","sticky":false,"template":"","format":"standard","meta":{"om_disable_all_campaigns":false,"_monsterinsights_skip_tracking":false,"_monsterinsights_sitenote_active":false,"_monsterinsights_sitenote_note":"","_monsterinsights_sitenote_category":0,"footnotes":""},"categories":[8,214],"tags":[373,69,51,1020],"acf":[],"publishpress_future_action":{"enabled":false,"date":"1969-12-31 21:00:00","action":"","terms":[],"taxonomy":"","browser_timezone_offset":0},"_links":{"self":[{"href":"https:\/\/portalfloresnoar.com\/floresnoar\/wp-json\/wp\/v2\/posts\/43349"}],"collection":[{"href":"https:\/\/portalfloresnoar.com\/floresnoar\/wp-json\/wp\/v2\/posts"}],"about":[{"href":"https:\/\/portalfloresnoar.com\/floresnoar\/wp-json\/wp\/v2\/types\/post"}],"author":[{"embeddable":true,"href":"https:\/\/portalfloresnoar.com\/floresnoar\/wp-json\/wp\/v2\/users\/1"}],"replies":[{"embeddable":true,"href":"https:\/\/portalfloresnoar.com\/floresnoar\/wp-json\/wp\/v2\/comments?post=43349"}],"version-history":[{"count":0,"href":"https:\/\/portalfloresnoar.com\/floresnoar\/wp-json\/wp\/v2\/posts\/43349\/revisions"}],"wp:featuredmedia":[{"embeddable":true,"href":"https:\/\/portalfloresnoar.com\/floresnoar\/wp-json\/wp\/v2\/media\/43350"}],"wp:attachment":[{"href":"https:\/\/portalfloresnoar.com\/floresnoar\/wp-json\/wp\/v2\/media?parent=43349"}],"wp:term":[{"taxonomy":"category","embeddable":true,"href":"https:\/\/portalfloresnoar.com\/floresnoar\/wp-json\/wp\/v2\/categories?post=43349"},{"taxonomy":"post_tag","embeddable":true,"href":"https:\/\/portalfloresnoar.com\/floresnoar\/wp-json\/wp\/v2\/tags?post=43349"}],"curies":[{"name":"wp","href":"https:\/\/api.w.org\/{rel}","templated":true}]}}