

{"id":43319,"date":"2023-04-30T19:55:55","date_gmt":"2023-04-30T22:55:55","guid":{"rendered":"http:\/\/portalfloresnoar.com\/floresnoar\/?p=43319"},"modified":"2023-05-01T18:26:14","modified_gmt":"2023-05-01T21:26:14","slug":"lirinha-lanca-novo-album-solo-intitulado-meike-ras-fan","status":"publish","type":"post","link":"https:\/\/portalfloresnoar.com\/floresnoar\/lirinha-lanca-novo-album-solo-intitulado-meike-ras-fan\/","title":{"rendered":"Lirinha lan\u00e7a novo \u00e1lbum solo, intitulado &#8216;M\u00eaike R\u00e1s F\u00e2n&#8217;"},"content":{"rendered":"<p><img decoding=\"async\" loading=\"lazy\" class=\"aligncenter wp-image-43320\" src=\"http:\/\/portalfloresnoar.com\/floresnoar\/wp-content\/uploads\/2023\/04\/lirinha-meiki-ras-fan-700x350.png\" alt=\"\" width=\"610\" height=\"305\" srcset=\"https:\/\/portalfloresnoar.com\/floresnoar\/wp-content\/uploads\/2023\/04\/lirinha-meiki-ras-fan-700x350.png 700w, https:\/\/portalfloresnoar.com\/floresnoar\/wp-content\/uploads\/2023\/04\/lirinha-meiki-ras-fan-300x150.png 300w, https:\/\/portalfloresnoar.com\/floresnoar\/wp-content\/uploads\/2023\/04\/lirinha-meiki-ras-fan-768x384.png 768w, https:\/\/portalfloresnoar.com\/floresnoar\/wp-content\/uploads\/2023\/04\/lirinha-meiki-ras-fan-400x200.png 400w, https:\/\/portalfloresnoar.com\/floresnoar\/wp-content\/uploads\/2023\/04\/lirinha-meiki-ras-fan.png 800w\" sizes=\"(max-width: 610px) 100vw, 610px\" \/><\/p>\n<p>| <em>Da Reda\u00e7\u00e3o Flores no Ar<\/em> |<\/p>\n<p>O artista Jos\u00e9 Paes de Lira, Lirinha, lan\u00e7ou esta semana o seu terceiro \u00e1lbum solo: &#8216;<strong><a href=\"https:\/\/tratore.ffm.to\/lirinhamikersfn\" target=\"_blank\" rel=\"noopener\">M\u00eaike R\u00e1s F\u00e2n<\/a><\/strong>&#8216;.<\/p>\n<p>Amor indel\u00e9vel, invencionices, palavras, ondas, sonho, mist\u00e9rio, magia.<\/p>\n<p>Constru\u00eddo sobre a investiga\u00e7\u00e3o da R\u00e1dio Arte e do corpo da voz, do gr\u00e3o da voz, o disco traz a poesia recitada dialogando com o canto e com a sonoridade bioeletr\u00f4nica, resultando numa bela mixagem entre m\u00fasica e poesia.<\/p>\n<p><img decoding=\"async\" loading=\"lazy\" class=\"https:\/\/tratore.ffm.to\/lirinhamikersfn alignright wp-image-43321\" title=\"M\u00eaike R\u00e1s F\u00e2n\" src=\"http:\/\/portalfloresnoar.com\/floresnoar\/wp-content\/uploads\/2023\/04\/MEIKE-RAS-FAN_capa-700x700.jpg\" alt=\"\" width=\"270\" height=\"270\" srcset=\"https:\/\/portalfloresnoar.com\/floresnoar\/wp-content\/uploads\/2023\/04\/MEIKE-RAS-FAN_capa-700x700.jpg 700w, https:\/\/portalfloresnoar.com\/floresnoar\/wp-content\/uploads\/2023\/04\/MEIKE-RAS-FAN_capa-150x150.jpg 150w, https:\/\/portalfloresnoar.com\/floresnoar\/wp-content\/uploads\/2023\/04\/MEIKE-RAS-FAN_capa-300x300.jpg 300w, https:\/\/portalfloresnoar.com\/floresnoar\/wp-content\/uploads\/2023\/04\/MEIKE-RAS-FAN_capa.jpg 768w, https:\/\/portalfloresnoar.com\/floresnoar\/wp-content\/uploads\/2023\/04\/MEIKE-RAS-FAN_capa-100x100.jpg 100w\" sizes=\"(max-width: 270px) 100vw, 270px\" \/><\/p>\n<p>&#8220;O cen\u00e1rio que eu desenvolvi para todas as can\u00e7\u00f5es \u00e9 de uma r\u00e1dio interplanet\u00e1ria, uma r\u00e1dio c\u00f3smica. O nome dela \u00e9 M\u00eaiki R\u00e1s F\u00e3n. \u00c9 uma ideia do sonho, da inven\u00e7\u00e3o. Os arranjos e letras est\u00e3o ligados ao universo c\u00f3smico&#8221;, conta Lirinha.<\/p>\n<p>&#8220;Um dos motes que me moveu na constru\u00e7\u00e3o deste trabalho foi: o universo como uma realidade aberta; o processo ainda n\u00e3o est\u00e1 pronto&#8230; h\u00e1 a constru\u00e7\u00e3o, atrav\u00e9s das pessoas, do que ainda pode ser&#8221;, disse Lirinha numa entrevista sobre a r\u00e1dio c\u00f3smica a Sandra Bittencourt, no programa Revista Eletr\u00f4nica da r\u00e1dio CBN Recife.<\/p>\n<p>A presen\u00e7a de diversos timbres femininos e vozes de gargantas tecnol\u00f3gicas comp\u00f5em as can\u00e7\u00f5es junto \u00e0 voz do poeta cantante. O disco tem oito faixas e produ\u00e7\u00e3o musical assinada pelo pr\u00f3prio artista.<\/p>\n<p>Entre as participa\u00e7\u00f5es, as vozes de Gabi da Pele Preta, em &#8216;Estrela Negr\u00edssima&#8217;; Nash Laila em &#8216;Bebe&#8217;; Lana Balisa, em &#8216;Mesmo&#8217;; o coral de Dan Maia, em &#8216;Oy\u00ea&#8217;; Iara Renn\u00f3, em &#8216;Amor Vinil&#8217;; e Sofia Freire, em &#8216;No Fim do Mundo&#8217;.<\/p>\n<p>Na discografia solo de Lirinha, antes de &#8216;M\u00eaike R\u00e1s F\u00e2n&#8217; vieram os \u00e1lbuns &#8216;Lira&#8217; (2011) e &#8216;O labirinto e o desmantelo&#8217; (2015)<\/p>\n<p>Segundo Lirinha, mais adiante, a fict\u00edcia r\u00e1dio M\u00eaiki R\u00e1s F\u00e3n ir\u00e1 lan\u00e7ar um podcast para desenvolver outras ideias que n\u00e3o entraram no disco, como entrevistas com os amigos sobre o tema, e a cria\u00e7\u00e3o de um quadro de r\u00e1dio-drama.<\/p>\n<p><strong>&gt;&gt;&gt; Escute M\u00eaike R\u00e1s F\u00e2n atrav\u00e9s deste link:\u00a0<a href=\"https:\/\/tratore.ffm.to\/lirinhamikersfn\" target=\"_blank\" rel=\"noopener\">https:\/\/tratore.ffm.to\/lirinhamikersfn<\/a><\/strong><\/p>\n<p><strong>Ficha T\u00e9cnica:<\/strong><br \/>\nProdu\u00e7\u00e3o musical: Jos\u00e9 Paes de Lira, Lirinha<br \/>\nMixagem: Ricardo Bolognini SP BR @ricardobolognini &#8211;<br \/>\nMasteriza\u00e7\u00e3o: Scott Hull NY EUA @scott_hull_mastering<br \/>\nVideos e Fotos: Thais Taverna @thaistaverna<br \/>\nDesigner Gr\u00e1fico: Rodrigo Sommer @rodrigosommerdesign<br \/>\nAssessoria de imprensa e social media: Caf\u00e98 Music @cafe8music<\/p>\n<p><strong>Participa\u00e7\u00f5es:<\/strong><br \/>\nGabi da Pele Preta<br \/>\nIara Renn\u00f3<br \/>\nSofia Freire<br \/>\nDan Maia<br \/>\nNash Laila<br \/>\nIsadora Melo<br \/>\nPaulo Kishimoto<br \/>\nThomas Harres<br \/>\nMaestro Parr\u00f4 Melo<br \/>\nDizin @dizin16<br \/>\nOrlando Melo<br \/>\nJo\u00e3o Le\u00e3o<br \/>\nRafael Marques<br \/>\nJuliano Holanda<br \/>\nRovilson Pascoal<br \/>\nLuchas Arie<br \/>\nAdriano Duprat<br \/>\nLana Balisa<br \/>\nAndr\u00e9 Lima<br \/>\nPedro Castilho<br \/>\nFl\u00e1vio Rodrigues<br \/>\nAlan Ameson<br \/>\nTratore Br<\/p>\n<p>&nbsp;<\/p>\n<p>&nbsp;<\/p>\n","protected":false},"excerpt":{"rendered":"<p>| Da Reda\u00e7\u00e3o Flores no Ar | O artista Jos\u00e9 Paes de Lira, Lirinha, lan\u00e7ou esta semana o seu terceiro \u00e1lbum solo: &#8216;M\u00eaike R\u00e1s F\u00e2n&#8216;. Amor indel\u00e9vel, invencionices, palavras, ondas, sonho, mist\u00e9rio, magia. Constru\u00eddo sobre a investiga\u00e7\u00e3o da R\u00e1dio Arte e do corpo da voz, do gr\u00e3o da voz, o disco traz a poesia recitada [&hellip;]<\/p>\n","protected":false},"author":1,"featured_media":43320,"comment_status":"open","ping_status":"open","sticky":false,"template":"","format":"standard","meta":{"om_disable_all_campaigns":false,"_monsterinsights_skip_tracking":false,"_monsterinsights_sitenote_active":false,"_monsterinsights_sitenote_note":"","_monsterinsights_sitenote_category":0,"footnotes":""},"categories":[9],"tags":[1315,244,1074,1314,31,51,1106,1316,303],"acf":[],"publishpress_future_action":{"enabled":false,"date":"1969-12-31 21:00:00","action":"","terms":[],"taxonomy":"","browser_timezone_offset":0},"_links":{"self":[{"href":"https:\/\/portalfloresnoar.com\/floresnoar\/wp-json\/wp\/v2\/posts\/43319"}],"collection":[{"href":"https:\/\/portalfloresnoar.com\/floresnoar\/wp-json\/wp\/v2\/posts"}],"about":[{"href":"https:\/\/portalfloresnoar.com\/floresnoar\/wp-json\/wp\/v2\/types\/post"}],"author":[{"embeddable":true,"href":"https:\/\/portalfloresnoar.com\/floresnoar\/wp-json\/wp\/v2\/users\/1"}],"replies":[{"embeddable":true,"href":"https:\/\/portalfloresnoar.com\/floresnoar\/wp-json\/wp\/v2\/comments?post=43319"}],"version-history":[{"count":0,"href":"https:\/\/portalfloresnoar.com\/floresnoar\/wp-json\/wp\/v2\/posts\/43319\/revisions"}],"wp:featuredmedia":[{"embeddable":true,"href":"https:\/\/portalfloresnoar.com\/floresnoar\/wp-json\/wp\/v2\/media\/43320"}],"wp:attachment":[{"href":"https:\/\/portalfloresnoar.com\/floresnoar\/wp-json\/wp\/v2\/media?parent=43319"}],"wp:term":[{"taxonomy":"category","embeddable":true,"href":"https:\/\/portalfloresnoar.com\/floresnoar\/wp-json\/wp\/v2\/categories?post=43319"},{"taxonomy":"post_tag","embeddable":true,"href":"https:\/\/portalfloresnoar.com\/floresnoar\/wp-json\/wp\/v2\/tags?post=43319"}],"curies":[{"name":"wp","href":"https:\/\/api.w.org\/{rel}","templated":true}]}}