

{"id":43297,"date":"2024-04-11T10:40:57","date_gmt":"2024-04-11T13:40:57","guid":{"rendered":"http:\/\/portalfloresnoar.com\/floresnoar\/?p=43297"},"modified":"2024-04-11T19:34:02","modified_gmt":"2024-04-11T22:34:02","slug":"galeria-o-sensivel-feitico-de-uma-feroz-dualidade","status":"publish","type":"post","link":"https:\/\/portalfloresnoar.com\/floresnoar\/galeria-o-sensivel-feitico-de-uma-feroz-dualidade\/","title":{"rendered":"[GALERIA] &#8216;O sens\u00edvel feiti\u00e7o de uma feroz dualidade&#8217;"},"content":{"rendered":"<p><img decoding=\"async\" loading=\"lazy\" class=\" wp-image-43303 alignleft\" src=\"http:\/\/portalfloresnoar.com\/floresnoar\/wp-content\/uploads\/2023\/04\/Morgan-Leon-467x700.jpg\" alt=\"\" width=\"323\" height=\"484\" srcset=\"https:\/\/portalfloresnoar.com\/floresnoar\/wp-content\/uploads\/2023\/04\/Morgan-Leon-467x700.jpg 467w, https:\/\/portalfloresnoar.com\/floresnoar\/wp-content\/uploads\/2023\/04\/Morgan-Leon-200x300.jpg 200w, https:\/\/portalfloresnoar.com\/floresnoar\/wp-content\/uploads\/2023\/04\/Morgan-Leon.jpg 690w\" sizes=\"(max-width: 323px) 100vw, 323px\" \/><\/p>\n<p>| <em>Por Morgan Leon<\/em> |<\/p>\n<p>Antes de tudo, gostaria de come\u00e7ar esta escrita afirmando meu posicionamento dentro da arte contempor\u00e2nea &#8211; trabalho com o sens\u00edvel feiti\u00e7o de uma feroz dualidade. Dualidade esta que talvez seja o cora\u00e7\u00e3o da minha obra.<\/p>\n<p>Me chamo Morgan, tenho 27 anos, e sou um artista n\u00e3o-binarie de Recife\/PE. Tento propagar o repensar do movimento de precariedade do homem em meio a sua pr\u00f3pria natureza. Nesse sentido, o prec\u00e1rio est\u00e1 afastando o (ser) humano do seu pr\u00f3prio lugar afetivo-humano, onde nele \u00e9 poss\u00edvel obter um olhar observador e dotado de sensibilidade, capaz de vir \u00e0 tona manifesta\u00e7\u00f5es art\u00edsticas que &#8211; por controv\u00e9rsias e oposi\u00e7\u00f5es diante de um sistema que propaga a mecaniza\u00e7\u00e3o generalizada &#8211; o afasta da obten\u00e7\u00e3o desse olhar.<\/p>\n<p>As experi\u00eancias que vivenciei ao longo de minha vida, boas, ruins, intensas, e at\u00e9 mesmo entediantes, me proporcionaram visitas a lugares antes desconhecidos dentro de mim. Talvez, esse seja o principal recurso art\u00edstico que me permitiu\/permite criar at\u00e9 hoje, metaforicamente falando, o acesso ao cora\u00e7\u00e3o do cora\u00e7\u00e3o. A partir dele, \u00e9 poss\u00edvel extrair uma linguagem pr\u00f3pria, unicamente sua, capaz de sensibilizar, n\u00e3o de uma forma totalmente planejada, ou pr\u00e9-condicionada, mas a partir de um inconsciente individual que foi expressado. \u00c9 atrav\u00e9s desse lugar contemplativo surgido por meio de um olhar observador no cotidiano \u2014 e que tanto fala sobre n\u00f3s \u2014 que venho trabalhando nesse mar expressivo de desenhos e instala\u00e7\u00f5es sobre corpo-sentimento desde 2013.<\/p>\n<p><strong>A Imagem do Artista<\/strong><\/p>\n<p>Desfazendo a imagem do artista como sujeito dotado de ess\u00eancia extraordin\u00e1ria, cuja emerg\u00eancia da obra nada mais \u00e9 que a mera atesta\u00e7\u00e3o de uma subjetividade distinta, encontro tamb\u00e9m na arte minha pr\u00f3pria abertura \u00e0s experi\u00eancias, ao modo como a vida nos abala, altera e produz.<\/p>\n<p>Numa entrevista recente, o historiador de arte Georges Didi-Huberman recordava o j\u00e1 falecido poeta e cineasta Pier Paolo Pasolini para indagar: <em>o que significa a liberdade art\u00edstica, enquanto tudo ao redor est\u00e1 privado de liberdade?<\/em> Se a liberdade art\u00edstica pode atualmente se tornar um fetiche que esconde a falta de liberdade de todos os outros indiv\u00edduos, penso que os cruzamentos entre subjetividade individual e condi\u00e7\u00e3o coletiva \u00e9 o que carecemos em tempos sombrios nos quais estamos vivendo.<\/p>\n<figure id=\"attachment_43302\" aria-describedby=\"caption-attachment-43302\" style=\"width: 525px\" class=\"wp-caption aligncenter\"><img decoding=\"async\" loading=\"lazy\" class=\"wp-image-43302 size-large\" src=\"http:\/\/portalfloresnoar.com\/floresnoar\/wp-content\/uploads\/2023\/04\/instala\u00e7\u00e3o-despejos-estudo-n\u00famero-2-FIG-525x700.jpeg\" alt=\"\" width=\"525\" height=\"700\" srcset=\"https:\/\/portalfloresnoar.com\/floresnoar\/wp-content\/uploads\/2023\/04\/instala\u00e7\u00e3o-despejos-estudo-n\u00famero-2-FIG-525x700.jpeg 525w, https:\/\/portalfloresnoar.com\/floresnoar\/wp-content\/uploads\/2023\/04\/instala\u00e7\u00e3o-despejos-estudo-n\u00famero-2-FIG-225x300.jpeg 225w, https:\/\/portalfloresnoar.com\/floresnoar\/wp-content\/uploads\/2023\/04\/instala\u00e7\u00e3o-despejos-estudo-n\u00famero-2-FIG.jpeg 690w\" sizes=\"(max-width: 525px) 100vw, 525px\" \/><figcaption id=\"caption-attachment-43302\" class=\"wp-caption-text\">Instala\u00e7\u00e3o &#8220;Despe(j)os estudo #2&#8221;, no Festival de Inverno de Garanhuns de 2022<\/figcaption><\/figure>\n<p><strong>Exposi\u00e7\u00f5es<\/strong><br \/>\nEm 2017, tive a honra de realizar minha primeira exposi\u00e7\u00e3o individual, &#8220;Jardim das Esta\u00e7\u00f5es&#8221; no Sesc Casa Amarela &#8211; Recife\/PE, e exposi\u00e7\u00f5es coletivas pela cidade, entre elas, a &#8220;Mostra \u00e0 Beira&#8221;, no edif\u00edcio AIP. Em 2020, fui selecionado para compor o &#8220;Sal\u00e3o Dorian Gray&#8221;- Natal\/RN, com a ilustra\u00e7\u00e3o &#8220;Devorar&#8221;.<\/p>\n<figure id=\"attachment_43304\" aria-describedby=\"caption-attachment-43304\" style=\"width: 342px\" class=\"wp-caption alignright\"><img decoding=\"async\" loading=\"lazy\" class=\"wp-image-43304\" src=\"http:\/\/portalfloresnoar.com\/floresnoar\/wp-content\/uploads\/2023\/04\/exposi\u00e7\u00e3o-sesc-casa-amarela-700x499.jpg\" alt=\"\" width=\"342\" height=\"244\" srcset=\"https:\/\/portalfloresnoar.com\/floresnoar\/wp-content\/uploads\/2023\/04\/exposi\u00e7\u00e3o-sesc-casa-amarela-700x499.jpg 700w, https:\/\/portalfloresnoar.com\/floresnoar\/wp-content\/uploads\/2023\/04\/exposi\u00e7\u00e3o-sesc-casa-amarela-300x214.jpg 300w, https:\/\/portalfloresnoar.com\/floresnoar\/wp-content\/uploads\/2023\/04\/exposi\u00e7\u00e3o-sesc-casa-amarela-768x547.jpg 768w, https:\/\/portalfloresnoar.com\/floresnoar\/wp-content\/uploads\/2023\/04\/exposi\u00e7\u00e3o-sesc-casa-amarela.jpg 1100w\" sizes=\"(max-width: 342px) 100vw, 342px\" \/><figcaption id=\"caption-attachment-43304\" class=\"wp-caption-text\">Exposi\u00e7\u00e3o &#8220;Jardim das Esta\u00e7\u00f5es&#8221;, no Sesc Casa Amarela<\/figcaption><\/figure>\n<p>Fazendo uma singela homenagem \u00e0s diferentes formas de amar, e integrando um estudo imersivo sobre o abandono, &#8220;Jardim das Esta\u00e7\u00f5es&#8221; \u00e9 um conjunto de express\u00f5es art\u00edsticas que buscam atrav\u00e9s de 20 ilustra\u00e7\u00f5es, 3 instala\u00e7\u00f5es e 1 performance, mostrar o processo da \u201cfor\u00e7a do eu\u201d diante das perdas e faltas amorosas, onde personagem e cen\u00e1rio se tornam um s\u00f3. Questionamentos sobre a impossibilidade de permanecer, a solid\u00e3o, distanciamentos e aceita\u00e7\u00f5es, s\u00e3o colocadas em prova emergindo uma aproxima\u00e7\u00e3o realista do cotidiano social. O corpo se funde entre o masculino e o feminino, fomentando novas narrativas corporais diante de quem v\u00ea &#8211; estabelecendo, assim, um est\u00edmulo de coragem entre p\u00fablico e obra, onde barreiras entre o real e o imagin\u00e1rio s\u00e3o quebradas a todo instante.<\/p>\n<p>A exposi\u00e7\u00e3o ainda foi dividida em 4 ciclos, exercendo em cada um simbologias human\u00edsticas sobre cada fase da vida (inf\u00e2ncia, adolesc\u00eancia, fase adulta e velhice) e conectando-as ao natural\u00edstico, representado pelo ciclo do tempo (primavera, ver\u00e3o, outono e inverno). Tal exposi\u00e7\u00e3o foi exibida tamb\u00e9m no Festival de Inverno de Garanhuns, na Casa Galeria Galp\u00e3o em 2022.<\/p>\n<p>Por fim, ainda em 2022, exibi minha primeira exposi\u00e7\u00e3o virtual &#8211; &#8220;Em Tarde, Ser&#8221;, atrav\u00e9s do edital da Lei Aldir Blanc-PE. De cunho sensorial, a exposi\u00e7\u00e3o tem como objetivo proporcionar momentos de incertezas. A ideia \u00e9 que as telas n\u00e3o sejam protagonistas, mas sim toda a experi\u00eancia, que se forma atrav\u00e9s de um desencontro com o vis\u00edvel.<br \/>\nO registro da mostra est\u00e1 dispon\u00edvel no meu canal do YouTube, e pode ser vista abaixo:<\/p>\n<p><iframe loading=\"lazy\" title=\"YouTube video player\" src=\"https:\/\/www.youtube.com\/embed\/Jxe9xnlO2zM\" width=\"560\" height=\"315\" frameborder=\"0\"><\/iframe><\/p>\n<p><strong>Novos projetos, parcerias e contatos<\/strong><br \/>\nAtualmente, estou desenvolvendo um novo projeto de exposi\u00e7\u00e3o, chamado &#8220;<em>Lembra como festej\u00e1vamos a noite toda?<\/em>&#8221; que, sobretudo, fala de tempo diante de um per\u00edodo p\u00f3s-pand\u00eamico.<\/p>\n<p>Caso voc\u00ea deseje ver um pouco mais do meu trabalho, adquirir alguma obra, fazer algum projeto junto, ou apenas trocar ideia, s\u00f3 entrar em contato pelo meu Instagram ou WhatsApp:<\/p>\n<p><strong>Instagram:<\/strong><a href=\"https:\/\/www.instagram.com\/morganleon__\/\" target=\"_blank\" rel=\"noopener\"> @morganleon__<\/a><br \/>\n<strong>WhatsApp:<\/strong>\u00a0 81 995772182<\/p>\n<p><strong>Abaixo, compartilho algumas de minhas obras!<\/strong><\/p>\n<p><img decoding=\"async\" loading=\"lazy\" class=\"aligncenter wp-image-43299\" src=\"http:\/\/portalfloresnoar.com\/floresnoar\/wp-content\/uploads\/2023\/04\/Chegarr-562x700.jpg\" alt=\"\" width=\"526\" height=\"655\" srcset=\"https:\/\/portalfloresnoar.com\/floresnoar\/wp-content\/uploads\/2023\/04\/Chegarr-562x700.jpg 562w, https:\/\/portalfloresnoar.com\/floresnoar\/wp-content\/uploads\/2023\/04\/Chegarr-241x300.jpg 241w, https:\/\/portalfloresnoar.com\/floresnoar\/wp-content\/uploads\/2023\/04\/Chegarr.jpg 690w\" sizes=\"(max-width: 526px) 100vw, 526px\" \/><\/p>\n<p>&nbsp;<\/p>\n<p><img decoding=\"async\" loading=\"lazy\" class=\"aligncenter size-large wp-image-43300\" src=\"http:\/\/portalfloresnoar.com\/floresnoar\/wp-content\/uploads\/2023\/04\/crescer-522x700.jpg\" alt=\"\" width=\"522\" height=\"700\" srcset=\"https:\/\/portalfloresnoar.com\/floresnoar\/wp-content\/uploads\/2023\/04\/crescer-522x700.jpg 522w, https:\/\/portalfloresnoar.com\/floresnoar\/wp-content\/uploads\/2023\/04\/crescer-224x300.jpg 224w, https:\/\/portalfloresnoar.com\/floresnoar\/wp-content\/uploads\/2023\/04\/crescer.jpg 690w\" sizes=\"(max-width: 522px) 100vw, 522px\" \/><\/p>\n<p>&nbsp;<\/p>\n<p><img decoding=\"async\" loading=\"lazy\" class=\"aligncenter size-large wp-image-43298\" src=\"http:\/\/portalfloresnoar.com\/floresnoar\/wp-content\/uploads\/2023\/04\/a-loba3-520x700.jpg\" alt=\"\" width=\"520\" height=\"700\" srcset=\"https:\/\/portalfloresnoar.com\/floresnoar\/wp-content\/uploads\/2023\/04\/a-loba3-520x700.jpg 520w, https:\/\/portalfloresnoar.com\/floresnoar\/wp-content\/uploads\/2023\/04\/a-loba3-223x300.jpg 223w, https:\/\/portalfloresnoar.com\/floresnoar\/wp-content\/uploads\/2023\/04\/a-loba3.jpg 690w\" sizes=\"(max-width: 520px) 100vw, 520px\" \/><\/p>\n<p>&nbsp;<\/p>\n<p><img decoding=\"async\" loading=\"lazy\" class=\"aligncenter size-large wp-image-43301\" src=\"http:\/\/portalfloresnoar.com\/floresnoar\/wp-content\/uploads\/2023\/04\/devorar-84cm-x-118cm.-1-519x700.jpg\" alt=\"\" width=\"519\" height=\"700\" srcset=\"https:\/\/portalfloresnoar.com\/floresnoar\/wp-content\/uploads\/2023\/04\/devorar-84cm-x-118cm.-1-519x700.jpg 519w, https:\/\/portalfloresnoar.com\/floresnoar\/wp-content\/uploads\/2023\/04\/devorar-84cm-x-118cm.-1-222x300.jpg 222w, https:\/\/portalfloresnoar.com\/floresnoar\/wp-content\/uploads\/2023\/04\/devorar-84cm-x-118cm.-1.jpg 690w\" sizes=\"(max-width: 519px) 100vw, 519px\" \/><\/p>\n","protected":false},"excerpt":{"rendered":"<p>| Por Morgan Leon | Antes de tudo, gostaria de come\u00e7ar esta escrita afirmando meu posicionamento dentro da arte contempor\u00e2nea &#8211; trabalho com o sens\u00edvel feiti\u00e7o de uma feroz dualidade. Dualidade esta que talvez seja o cora\u00e7\u00e3o da minha obra. Me chamo Morgan, tenho 27 anos, e sou um artista n\u00e3o-binarie de Recife\/PE. Tento propagar [&hellip;]<\/p>\n","protected":false},"author":1,"featured_media":43306,"comment_status":"open","ping_status":"open","sticky":false,"template":"","format":"standard","meta":{"om_disable_all_campaigns":false,"_monsterinsights_skip_tracking":false,"_monsterinsights_sitenote_active":false,"_monsterinsights_sitenote_note":"","_monsterinsights_sitenote_category":0,"footnotes":""},"categories":[12],"tags":[364,310,350,1313,150],"acf":[],"publishpress_future_action":{"enabled":false,"date":"1969-12-31 21:00:00","action":"","terms":[],"taxonomy":"","browser_timezone_offset":0},"_links":{"self":[{"href":"https:\/\/portalfloresnoar.com\/floresnoar\/wp-json\/wp\/v2\/posts\/43297"}],"collection":[{"href":"https:\/\/portalfloresnoar.com\/floresnoar\/wp-json\/wp\/v2\/posts"}],"about":[{"href":"https:\/\/portalfloresnoar.com\/floresnoar\/wp-json\/wp\/v2\/types\/post"}],"author":[{"embeddable":true,"href":"https:\/\/portalfloresnoar.com\/floresnoar\/wp-json\/wp\/v2\/users\/1"}],"replies":[{"embeddable":true,"href":"https:\/\/portalfloresnoar.com\/floresnoar\/wp-json\/wp\/v2\/comments?post=43297"}],"version-history":[{"count":1,"href":"https:\/\/portalfloresnoar.com\/floresnoar\/wp-json\/wp\/v2\/posts\/43297\/revisions"}],"predecessor-version":[{"id":45061,"href":"https:\/\/portalfloresnoar.com\/floresnoar\/wp-json\/wp\/v2\/posts\/43297\/revisions\/45061"}],"wp:featuredmedia":[{"embeddable":true,"href":"https:\/\/portalfloresnoar.com\/floresnoar\/wp-json\/wp\/v2\/media\/43306"}],"wp:attachment":[{"href":"https:\/\/portalfloresnoar.com\/floresnoar\/wp-json\/wp\/v2\/media?parent=43297"}],"wp:term":[{"taxonomy":"category","embeddable":true,"href":"https:\/\/portalfloresnoar.com\/floresnoar\/wp-json\/wp\/v2\/categories?post=43297"},{"taxonomy":"post_tag","embeddable":true,"href":"https:\/\/portalfloresnoar.com\/floresnoar\/wp-json\/wp\/v2\/tags?post=43297"}],"curies":[{"name":"wp","href":"https:\/\/api.w.org\/{rel}","templated":true}]}}