

{"id":43284,"date":"2022-04-20T20:28:07","date_gmt":"2022-04-20T23:28:07","guid":{"rendered":"http:\/\/portalfloresnoar.com\/floresnoar\/?p=43284"},"modified":"2023-04-30T20:14:48","modified_gmt":"2023-04-30T23:14:48","slug":"agenda-pe-vivencia-mandale-se-conexao-com-sua-natureza-interior-dia-2904-no-recife","status":"publish","type":"post","link":"https:\/\/portalfloresnoar.com\/floresnoar\/agenda-pe-vivencia-mandale-se-conexao-com-sua-natureza-interior-dia-2904-no-recife\/","title":{"rendered":"[AGENDA PE] &#8216;Viv\u00eancia Mandale-se: Conex\u00e3o com sua Natureza Interior&#8217;, dia 29\/04, no Recife"},"content":{"rendered":"<p><img decoding=\"async\" loading=\"lazy\" class=\"aligncenter wp-image-43287 \" src=\"http:\/\/portalfloresnoar.com\/floresnoar\/wp-content\/uploads\/2023\/04\/vivencia-mandala-recife-700x700.jpeg\" alt=\"\" width=\"531\" height=\"531\" srcset=\"https:\/\/portalfloresnoar.com\/floresnoar\/wp-content\/uploads\/2023\/04\/vivencia-mandala-recife-700x700.jpeg 700w, https:\/\/portalfloresnoar.com\/floresnoar\/wp-content\/uploads\/2023\/04\/vivencia-mandala-recife-150x150.jpeg 150w, https:\/\/portalfloresnoar.com\/floresnoar\/wp-content\/uploads\/2023\/04\/vivencia-mandala-recife-300x300.jpeg 300w, https:\/\/portalfloresnoar.com\/floresnoar\/wp-content\/uploads\/2023\/04\/vivencia-mandala-recife-768x768.jpeg 768w, https:\/\/portalfloresnoar.com\/floresnoar\/wp-content\/uploads\/2023\/04\/vivencia-mandala-recife-100x100.jpeg 100w, https:\/\/portalfloresnoar.com\/floresnoar\/wp-content\/uploads\/2023\/04\/vivencia-mandala-recife.jpeg 1080w\" sizes=\"(max-width: 531px) 100vw, 531px\" \/><\/p>\n<p>A terapeuta Gisela Santana realiza no dia 29 de abril, no Espa\u00e7o Gerar, no Recife, a &#8216;Viv\u00eancia\u00a0Mandale-se: Conex\u00e3o com sua Natureza Interior&#8217;. No encontro, que \u00e9 voltado para mulheres, haver\u00e1 pr\u00e1tica de Medita\u00e7\u00e3o Ativa e viv\u00eancias terap\u00eauticas com Arte e Natureza.<\/p>\n<figure id=\"attachment_43281\" aria-describedby=\"caption-attachment-43281\" style=\"width: 254px\" class=\"wp-caption alignright\"><img decoding=\"async\" loading=\"lazy\" class=\"wp-image-43281 size-medium\" src=\"http:\/\/portalfloresnoar.com\/floresnoar\/wp-content\/uploads\/2023\/04\/terapia-com-mandalas-no-recife-254x300.jpg\" alt=\"\" width=\"254\" height=\"300\" srcset=\"https:\/\/portalfloresnoar.com\/floresnoar\/wp-content\/uploads\/2023\/04\/terapia-com-mandalas-no-recife-254x300.jpg 254w, https:\/\/portalfloresnoar.com\/floresnoar\/wp-content\/uploads\/2023\/04\/terapia-com-mandalas-no-recife-594x700.jpg 594w, https:\/\/portalfloresnoar.com\/floresnoar\/wp-content\/uploads\/2023\/04\/terapia-com-mandalas-no-recife.jpg 714w\" sizes=\"(max-width: 254px) 100vw, 254px\" \/><figcaption id=\"caption-attachment-43281\" class=\"wp-caption-text\">A viv\u00eancia &#8216; Mandale-se&#8217; foi selecionada para participar da Virada Sustent\u00e1vel no Jardim Bot\u00e2nico, no Rio de Janeiro, sendo classificada no evento conforme o ODS 3 da ONU (Objetivo de Desenvolvimento Sustent\u00e1vel de Bem-estar da ONU).<\/figcaption><\/figure>\n<p>&#8220;Em 2019, l\u00e1 no Rio de Janeiro, iniciei uma jornada de viv\u00eancias com foco no autoconhecimento, integrando mandalas, medita\u00e7\u00e3o, Natureza e partilha, numa egr\u00e9gora de mulheres. Agora, com alegria, estou trazendo a experi\u00eancia para o Espa\u00e7o Gerar, no Recife&#8221;, conta Gisela.<\/p>\n<p>SOBRE A TERAPEUTA<br \/>\n<strong>Gisela Verri de Santana<\/strong> \u00e9 terapeuta Integrativa e Coach, encantada pela transforma\u00e7\u00e3o humana, pela melhoria da qualidade das rela\u00e7\u00f5es e pela possibilidade de cura por meio do autoconhecimento. Foi professora universit\u00e1ria por mais de 10 anos, \u00e9 arquiteta, doutora em Psicologia Social, apaixonada pela F\u00edsica Qu\u00e2ntica e pelas rela\u00e7\u00f5es com a Natureza.<\/p>\n<p>Atua com as seguintes t\u00e9cnicas terap\u00eauticas: Thetahealing\u00ae, Estudo do Biogr\u00e1fico, Coaching de Vida, Terapia com Mandalas, Terapia Focal Breve, Tratamentos Energ\u00e9ticos com Medita\u00e7\u00e3o, Visualiza\u00e7\u00e3o Criativa, Relaxamento Mental, Reestrutura\u00e7\u00e3o de Chacras e Aconselhamento Psicossom\u00e1tico.<\/p>\n<p>SERVI\u00c7O<br \/>\n<strong>Viv\u00eancia\u00a0Mandale-se: Conex\u00e3o com sua Natureza Interior<\/strong><br \/>\n<strong>Data:<\/strong>\u00a029\/04\/2023 (S\u00e1bado)<br \/>\n<strong>Hora:<\/strong>\u00a09h30 \u00e0s 12h30<br \/>\n<strong>Local:\u00a0<\/strong> Gerar &#8211; Psicologia, Arteterapia e Bem-Estar: Rua Luiz Guimar\u00e3es, 253, Po\u00e7o da Panela, Recife\/PE<\/p>\n<p><strong>Valor de troca:<\/strong><br \/>\nSuficiente: R$ 43,00<br \/>\nSustent\u00e1vel: R$ 70,00<br \/>\nIncentivadora: R$ 124,00<\/p>\n<p><strong>Inscri\u00e7\u00f5es atrav\u00e9s do PIX:<\/strong> 81 98190 7596 (telefone)<\/p>\n<p>MAIS INFORMA\u00c7\u00d5ES<br \/>\n<strong>WhatsApp:\u00a0<\/strong><a href=\"https:\/\/wa.me\/message\/CEVRMTXKTHSHP1\" target=\"_blank\" rel=\"noopener\">(81) 98190-7596<\/a><br \/>\n<strong>Instagram:<\/strong> <a href=\"https:\/\/www.instagram.com\/giselasantanaalquimia\/\" target=\"_blank\" rel=\"noopener\">@giselasantanaalquimia<\/a><\/p>\n","protected":false},"excerpt":{"rendered":"<p>A terapeuta Gisela Santana realiza no dia 29 de abril, no Espa\u00e7o Gerar, no Recife, a &#8216;Viv\u00eancia\u00a0Mandale-se: Conex\u00e3o com sua Natureza Interior&#8217;. No encontro, que \u00e9 voltado para mulheres, haver\u00e1 pr\u00e1tica de Medita\u00e7\u00e3o Ativa e viv\u00eancias terap\u00eauticas com Arte e Natureza. &#8220;Em 2019, l\u00e1 no Rio de Janeiro, iniciei uma jornada de viv\u00eancias com foco [&hellip;]<\/p>\n","protected":false},"author":1,"featured_media":43286,"comment_status":"open","ping_status":"open","sticky":false,"template":"","format":"standard","meta":{"om_disable_all_campaigns":false,"_monsterinsights_skip_tracking":false,"_monsterinsights_sitenote_active":false,"_monsterinsights_sitenote_note":"","_monsterinsights_sitenote_category":0,"footnotes":""},"categories":[8,214],"tags":[136,67,1264,304],"acf":[],"publishpress_future_action":{"enabled":false,"date":"1969-12-31 21:00:00","action":"","terms":[],"taxonomy":"","browser_timezone_offset":0},"_links":{"self":[{"href":"https:\/\/portalfloresnoar.com\/floresnoar\/wp-json\/wp\/v2\/posts\/43284"}],"collection":[{"href":"https:\/\/portalfloresnoar.com\/floresnoar\/wp-json\/wp\/v2\/posts"}],"about":[{"href":"https:\/\/portalfloresnoar.com\/floresnoar\/wp-json\/wp\/v2\/types\/post"}],"author":[{"embeddable":true,"href":"https:\/\/portalfloresnoar.com\/floresnoar\/wp-json\/wp\/v2\/users\/1"}],"replies":[{"embeddable":true,"href":"https:\/\/portalfloresnoar.com\/floresnoar\/wp-json\/wp\/v2\/comments?post=43284"}],"version-history":[{"count":0,"href":"https:\/\/portalfloresnoar.com\/floresnoar\/wp-json\/wp\/v2\/posts\/43284\/revisions"}],"wp:featuredmedia":[{"embeddable":true,"href":"https:\/\/portalfloresnoar.com\/floresnoar\/wp-json\/wp\/v2\/media\/43286"}],"wp:attachment":[{"href":"https:\/\/portalfloresnoar.com\/floresnoar\/wp-json\/wp\/v2\/media?parent=43284"}],"wp:term":[{"taxonomy":"category","embeddable":true,"href":"https:\/\/portalfloresnoar.com\/floresnoar\/wp-json\/wp\/v2\/categories?post=43284"},{"taxonomy":"post_tag","embeddable":true,"href":"https:\/\/portalfloresnoar.com\/floresnoar\/wp-json\/wp\/v2\/tags?post=43284"}],"curies":[{"name":"wp","href":"https:\/\/api.w.org\/{rel}","templated":true}]}}