

{"id":43262,"date":"2023-04-18T17:00:47","date_gmt":"2023-04-18T20:00:47","guid":{"rendered":"http:\/\/portalfloresnoar.com\/floresnoar\/?p=43262"},"modified":"2023-04-18T19:09:50","modified_gmt":"2023-04-18T22:09:50","slug":"chamo-estrela-eclipse-solar-a-29-graus-de-aries-entre-vitorias-e-fracassos-entre-o-fim-e-o-comeco","status":"publish","type":"post","link":"https:\/\/portalfloresnoar.com\/floresnoar\/chamo-estrela-eclipse-solar-a-29-graus-de-aries-entre-vitorias-e-fracassos-entre-o-fim-e-o-comeco\/","title":{"rendered":"[CHAMO ESTRELA] Eclipse Solar a 29 graus de \u00c1ries \u2013 entre vit\u00f3rias e fracassos, entre o fim e o come\u00e7o"},"content":{"rendered":"<p><img decoding=\"async\" loading=\"lazy\" class=\"aligncenter wp-image-43264 \" src=\"http:\/\/portalfloresnoar.com\/floresnoar\/wp-content\/uploads\/2023\/04\/eclipse-solar-abril-em-aries-2023-671x700.jpeg\" alt=\"\" width=\"527\" height=\"550\" srcset=\"https:\/\/portalfloresnoar.com\/floresnoar\/wp-content\/uploads\/2023\/04\/eclipse-solar-abril-em-aries-2023-671x700.jpeg 671w, https:\/\/portalfloresnoar.com\/floresnoar\/wp-content\/uploads\/2023\/04\/eclipse-solar-abril-em-aries-2023-288x300.jpeg 288w, https:\/\/portalfloresnoar.com\/floresnoar\/wp-content\/uploads\/2023\/04\/eclipse-solar-abril-em-aries-2023.jpeg 748w\" sizes=\"(max-width: 527px) 100vw, 527px\" \/><\/p>\n<p>|\u00a0<em>Por Ana Ghandra*<\/em>\u00a0|<\/p>\n<p>E \u00e9 chegada a hora, quando a Lua e a Terra cruzam pontos de interse\u00e7\u00e3o de suas \u00f3rbitas el\u00edpticas em rela\u00e7\u00e3o ao Sol criando os Eclipses.<\/p>\n<p>Para n\u00f3s, astr\u00f3logos, s\u00e3o momentos de grandes transforma\u00e7\u00f5es, pois desde a antiguidade h\u00e1 relatos de sincronicidades entre estes acontecimentos astron\u00f4micos e mudan\u00e7as significativas e, por vezes, irrevers\u00edveis na vida real.<\/p>\n<p>Eclipses sempre v\u00eam em pares, desta vez, teremos incialmente, no dia 20 de abril, um Eclipse Solar &#8211; quando a Lua intercede entre a Terra e o Sol, obstruindo, por algumas horas, a luz solar enviada pelo astro Rei a n\u00f3s.<\/p>\n<p>Este Eclipse Solar ser\u00e1 no signo de \u00c1ries a 29 graus (um grau considerado anar\u00e9tico, pois marca a finaliza\u00e7\u00e3o do ciclo em um signo).<\/p>\n<p>O interessante \u00e9 que \u00c1ries por ser o primeiro signo do zod\u00edaco, possui um simbolismo de in\u00edcios, come\u00e7os. Contudo, o fato deste Eclipse ocorrer a 29 graus, h\u00e1 tamb\u00e9m um final, uma conclus\u00e3o ocorrendo de forma bem contundente.<\/p>\n<p>O mapa deste Eclipse Solar nos mostra Sol, Lua, J\u00fapiter e Qu\u00edron, todos, em \u00c1ries, signo que nos remete ao \u00edmpeto inicial, \u00e0 for\u00e7a motriz que nos bota em a\u00e7\u00e3o, \u00e0 coragem necess\u00e1ria para desbravar um caminho desconhecido, ao vigor que promove o primeiro passo.<\/p>\n<p>Por\u00e9m, \u00c1ries, em sua sombra, pode ativar nossa raiva e impulsividade, que nos acelera de forma err\u00e1tica e nos faz tomar decis\u00f5es sem uma avalia\u00e7\u00e3o madura. Com uma incapacidade de considerar o outro, sai atropelando todos que estiverem em sua frente, agindo com um excesso de territorialismo, que se fecha para construir alian\u00e7as e parcerias.<\/p>\n<p>Por isso que, ao avaliar um Eclipse Solar (onde h\u00e1 um obscurecimento da luz para depois ocorrer seu retorno), \u00e9 preciso considerar ambas as facetas de \u00c1ries e ter consci\u00eancia onde estamos ancorando sua luz e onde estamos sucumbindo \u00e0 sua sombra.<\/p>\n<p>Marte, regente de \u00c1ries e, portanto, deste Eclipse, est\u00e1 no sens\u00edvel e protetor signo de C\u00e2ncer, trazendo quest\u00f5es familiares, de \u00e2mbito emocional e do passado \u00e0 tona. Aqui h\u00e1 muita tens\u00e3o acumulada (de muito tempo) entrando em erup\u00e7\u00e3o.<\/p>\n<p>Isso pode ser o gatilho necess\u00e1rio que nos coloca em movimento e nos tira de um lugar estagnado, mas pode ser tamb\u00e9m a fagulha que provoca um inc\u00eandio catastr\u00f3fico, que causa viol\u00eancia e destrui\u00e7\u00e3o.<\/p>\n<p>Por isso, neste Eclipse, precisaremos olhar para nossos afetos. O que eles nos trazem? Nossas rela\u00e7\u00f5es mais \u00edntimas (C\u00e2ncer) clamam por cura e transforma\u00e7\u00e3o. Restaurar v\u00ednculos ou decidir se separar de rela\u00e7\u00f5es desgastadas podem estar nesta paleta, no entanto, a qualquer decis\u00e3o, ser\u00e1 exigido coragem e maturidade para bancar a escolha feita.<\/p>\n<p>Merc\u00fario est\u00e1 prestes a retrogradar no signo de Touro, ou seja, quest\u00f5es relativas \u00e0s finan\u00e7as, apego ou sobre seguran\u00e7a, est\u00e3o influenciando, de forma consider\u00e1vel, at\u00e9 onde podemos ir.<\/p>\n<p>Talvez haja uma escolha (Merc\u00fario) que precisar\u00e1 ser refeita, reavaliada (retr\u00f3grado), e nem tudo ocorrer\u00e1 na velocidade que desejamos, pelo contr\u00e1rio, ser\u00e1 exigido de n\u00f3s paci\u00eancia e resili\u00eancia (qualidades taurinas que \u00c1ries precisa desenvolver).<\/p>\n<p>De alguma forma, toda vontade ariana, de seguir em frente sem medo, pode n\u00e3o ser bem sucedida, com potencial de trazer bastante frustra\u00e7\u00e3o, causando raiva e impaci\u00eancia.<\/p>\n<p>Isso se refor\u00e7a pelo fato de Qu\u00edron (curador ferido) tamb\u00e9m estar em \u00c1ries, nos mostrando que algumas batalhas ir\u00e3o demandar ren\u00fancias e a desist\u00eancia de algo (que para \u00c1ries representa um grande fracasso, pois ativa um lugar bem desconfort\u00e1vel de impot\u00eancia) pode se mostrar uma grande vit\u00f3ria, ainda que seja uma perda para o ego.<\/p>\n<p>J\u00fapiter, planeta que na astrologia \u00e9 considerado um grande ben\u00e9fico, pois nos traz sabedoria, prote\u00e7\u00e3o e guian\u00e7a, tamb\u00e9m envia suas ben\u00e7\u00e3os a \u00c1ries neste Eclipse.<\/p>\n<p>Logo, podemos sim ter esperan\u00e7as de que algumas empreitadas receber\u00e3o seu aux\u00edlio auspicioso e possuem chances de se concretizar, ainda que demandem tempo, paci\u00eancia e resili\u00eancia. Ou seja, n\u00e3o desista no primeiro obst\u00e1culo. Reformule suas estrat\u00e9gias, avalie erros e acertos, considere novas rotas e tente outra vez.<\/p>\n<p>Por\u00e9m saiba quais batalhas merecem seu vigor e, principalmente, quais precisam que voc\u00ea estenda uma bandeira branca. A grande tarefa deste Eclipse Solar \u00e9 alcan\u00e7ar este discernimento. Se assim o fizer, voc\u00ea sair\u00e1 recompensado e este \u00e9 o maior presente para os anseios arianos: alcan\u00e7ar a vit\u00f3ria.<\/p>\n<p><img decoding=\"async\" loading=\"lazy\" class=\"wp-image-40804 alignleft\" src=\"http:\/\/portalfloresnoar.com\/floresnoar\/wp-content\/uploads\/2022\/01\/astrologa-ana-ghandra-525x700@2x.jpeg\" sizes=\"(max-width: 202px) 100vw, 202px\" srcset=\"http:\/\/portalfloresnoar.com\/floresnoar\/wp-content\/uploads\/2022\/01\/astrologa-ana-ghandra-525x700.jpeg 525w, http:\/\/portalfloresnoar.com\/floresnoar\/wp-content\/uploads\/2022\/01\/astrologa-ana-ghandra-225x300.jpeg 225w, http:\/\/portalfloresnoar.com\/floresnoar\/wp-content\/uploads\/2022\/01\/astrologa-ana-ghandra-768x1024.jpeg 768w, http:\/\/portalfloresnoar.com\/floresnoar\/wp-content\/uploads\/2022\/01\/astrologa-ana-ghandra.jpeg 1200w\" alt=\"\" width=\"202\" height=\"269\" \/><\/p>\n<p>&nbsp;<\/p>\n<p><em>* Ana Ghandra \u00e9 mineira, radicada na Chapada Diamantina. H\u00e1 20 anos estuda Astrologia e pratica a interpreta\u00e7\u00e3o de mapas. Nos \u00faltimos anos tem dedicado sua pesquisa \u00e0 fomenta\u00e7\u00e3o de pontes entre a Astrologia, a contemporaneidade, a espiritualidade e a pol\u00edtica.<\/em><\/p>\n<p><strong><em>* CONTATOS<\/em><\/strong><br \/>\n<em><strong>E-mail:<\/strong>\u00a0anaghandra@gmail.com<\/em><br \/>\n<em><strong>Instagram:<\/strong>\u00a0<a href=\"https:\/\/www.instagram.com\/anaghandra\/\" target=\"_blank\" rel=\"noopener\">@anaghandra<\/a><\/em><\/p>\n<div class=\"fb-like-wrp\"><\/div>\n","protected":false},"excerpt":{"rendered":"<p>|\u00a0Por Ana Ghandra*\u00a0| E \u00e9 chegada a hora, quando a Lua e a Terra cruzam pontos de interse\u00e7\u00e3o de suas \u00f3rbitas el\u00edpticas em rela\u00e7\u00e3o ao Sol criando os Eclipses. Para n\u00f3s, astr\u00f3logos, s\u00e3o momentos de grandes transforma\u00e7\u00f5es, pois desde a antiguidade h\u00e1 relatos de sincronicidades entre estes acontecimentos astron\u00f4micos e mudan\u00e7as significativas e, por vezes, [&hellip;]<\/p>\n","protected":false},"author":1,"featured_media":43268,"comment_status":"open","ping_status":"open","sticky":false,"template":"","format":"standard","meta":{"om_disable_all_campaigns":false,"_monsterinsights_skip_tracking":false,"_monsterinsights_sitenote_active":false,"_monsterinsights_sitenote_note":"","_monsterinsights_sitenote_category":0,"footnotes":""},"categories":[1086,220],"tags":[1205,18,1242,467],"acf":[],"publishpress_future_action":{"enabled":false,"date":"1969-12-31 21:00:00","action":"","terms":[],"taxonomy":"","browser_timezone_offset":0},"_links":{"self":[{"href":"https:\/\/portalfloresnoar.com\/floresnoar\/wp-json\/wp\/v2\/posts\/43262"}],"collection":[{"href":"https:\/\/portalfloresnoar.com\/floresnoar\/wp-json\/wp\/v2\/posts"}],"about":[{"href":"https:\/\/portalfloresnoar.com\/floresnoar\/wp-json\/wp\/v2\/types\/post"}],"author":[{"embeddable":true,"href":"https:\/\/portalfloresnoar.com\/floresnoar\/wp-json\/wp\/v2\/users\/1"}],"replies":[{"embeddable":true,"href":"https:\/\/portalfloresnoar.com\/floresnoar\/wp-json\/wp\/v2\/comments?post=43262"}],"version-history":[{"count":0,"href":"https:\/\/portalfloresnoar.com\/floresnoar\/wp-json\/wp\/v2\/posts\/43262\/revisions"}],"wp:featuredmedia":[{"embeddable":true,"href":"https:\/\/portalfloresnoar.com\/floresnoar\/wp-json\/wp\/v2\/media\/43268"}],"wp:attachment":[{"href":"https:\/\/portalfloresnoar.com\/floresnoar\/wp-json\/wp\/v2\/media?parent=43262"}],"wp:term":[{"taxonomy":"category","embeddable":true,"href":"https:\/\/portalfloresnoar.com\/floresnoar\/wp-json\/wp\/v2\/categories?post=43262"},{"taxonomy":"post_tag","embeddable":true,"href":"https:\/\/portalfloresnoar.com\/floresnoar\/wp-json\/wp\/v2\/tags?post=43262"}],"curies":[{"name":"wp","href":"https:\/\/api.w.org\/{rel}","templated":true}]}}