

{"id":43242,"date":"2023-04-18T13:49:23","date_gmt":"2023-04-18T16:49:23","guid":{"rendered":"http:\/\/portalfloresnoar.com\/floresnoar\/?p=43242"},"modified":"2023-04-18T14:00:37","modified_gmt":"2023-04-18T17:00:37","slug":"agenda-pe-espaco-gerar-oferece-sessoes-de-hipnoterapia-com-leandro-silva","status":"publish","type":"post","link":"https:\/\/portalfloresnoar.com\/floresnoar\/agenda-pe-espaco-gerar-oferece-sessoes-de-hipnoterapia-com-leandro-silva\/","title":{"rendered":"[AGENDA PE] Espa\u00e7o Gerar oferece sess\u00f5es de Hipnoterapia com Leandro Silva"},"content":{"rendered":"<p><img decoding=\"async\" loading=\"lazy\" class=\"aligncenter wp-image-43259\" src=\"http:\/\/portalfloresnoar.com\/floresnoar\/wp-content\/uploads\/2023\/04\/hipnoterapia-no-recife-700x700.jpeg\" alt=\"\" width=\"519\" height=\"519\" srcset=\"https:\/\/portalfloresnoar.com\/floresnoar\/wp-content\/uploads\/2023\/04\/hipnoterapia-no-recife-700x700.jpeg 700w, https:\/\/portalfloresnoar.com\/floresnoar\/wp-content\/uploads\/2023\/04\/hipnoterapia-no-recife-150x150.jpeg 150w, https:\/\/portalfloresnoar.com\/floresnoar\/wp-content\/uploads\/2023\/04\/hipnoterapia-no-recife-300x300.jpeg 300w, https:\/\/portalfloresnoar.com\/floresnoar\/wp-content\/uploads\/2023\/04\/hipnoterapia-no-recife-768x768.jpeg 768w, https:\/\/portalfloresnoar.com\/floresnoar\/wp-content\/uploads\/2023\/04\/hipnoterapia-no-recife-100x100.jpeg 100w, https:\/\/portalfloresnoar.com\/floresnoar\/wp-content\/uploads\/2023\/04\/hipnoterapia-no-recife.jpeg 1080w\" sizes=\"(max-width: 519px) 100vw, 519px\" \/><\/p>\n<p>O Espa\u00e7o Gerar &#8211; Psicologia, Arteterapia e Bem-Estar oferece no bairro do Po\u00e7o da Panela, no Recife, sess\u00f5es de Hipnoterapia com o terapeuta Leandro Silva. A t\u00e9cnica pode ser aplicada em pessoas com mais de 10 anos de idade, para resolu\u00e7\u00e3o de problemas f\u00edsicos, mentais e emocionais.<\/p>\n<p>A Hipnoterapia, a partir da t\u00e9cnica da Hipnose (que faz com que o indiv\u00edduo acesse mem\u00f3rias do subconsciente), busca identificar a raiz do problema no subconsciente do paciente e, ap\u00f3s a identifica\u00e7\u00e3o da causa, realiza um processo de compreens\u00e3o e reeduca\u00e7\u00e3o das emo\u00e7\u00f5es conflitantes que est\u00e3o levando ao desequil\u00edbrio e, consequentemente, aos sintomas.<\/p>\n<p>&#8220;Todos os pensamentos, medos, emo\u00e7\u00f5es e padr\u00f5es de comportamento est\u00e3o guardados e arquivados no nosso subconsciente, agindo de maneira aut\u00f4noma e aut\u00f4mata em nossa vida, e influenciando nossas escolhas e h\u00e1bitos.\u00a0Durante as sess\u00f5es, o paciente consegue romper padr\u00f5es limitadores, mudar cren\u00e7as e modificar comportamentos disfuncionais&#8221;, explica Leandro Silva, acrescentando que, diferente de terapias tradicionais, que podem levar anos para solucionar o problema das pessoas, &#8220;a Hipnoterapia \u00e9 uma terapia breve e revolucion\u00e1ria, que procura a solu\u00e7\u00e3o diretamente na fonte: a mente subconsciente!\u201d<\/p>\n<p>A Hipnoterapia \u00e9 indicada como complemento no tratamento de diversos dist\u00farbios, como: fobias, depress\u00e3o, crises de ansiedade, ins\u00f4nia, v\u00edcios, traumas, disfun\u00e7\u00f5es sexuais, fibromialgia, processos al\u00e9rgicos, bruxismo, procrastina\u00e7\u00e3o, baixa autoestima, entre outras.<\/p>\n<p>SOBRE O TERAPEUTA<br \/>\n<strong>Leandro Silva<\/strong> \u00e9 uma pessoa incans\u00e1vel na busca do conhecimento e do autoconhecimento. Hipnoterapeuta, hipn\u00f3logo, p\u00f3s-graduado em Neuropsicologia e graduando em Neuroci\u00eancia. Formado em M\u00fasica pela UFPE. M\u00fasico e produtor musical de v\u00e1rios artistas locais e nacionais. Fundou a empresa Recife Eventos e treinamentos, que tem como miss\u00e3o: colaborar para um mundo melhor atrav\u00e9s do cuidado e desenvolvimento das pessoas. Possui diversos cursos t\u00e9cnicos nas \u00e1reas de PNL, Administra\u00e7\u00e3o, Empretec, Gest\u00e3o de pessoas e Marketing.<\/p>\n<p>AGENDAMENTOS E MAIS INFORMA\u00c7\u00d5ES<br \/>\n<strong>WhatsApp:<\/strong> 81 9489-7666<br \/>\n<strong>Instagram:<\/strong> <a href=\"https:\/\/www.instagram.com\/leandrosilvaterapeuta\/\" target=\"_blank\" rel=\"noopener\">@leandrosilvaterapeuta<\/a><br \/>\n<strong>Site:<\/strong> <a href=\"http:\/\/leandrosilvaterapeuta.com.br\/\" target=\"_blank\" rel=\"noopener\">http:\/\/leandrosilvaterapeuta.com.br\/<\/a><\/p>\n","protected":false},"excerpt":{"rendered":"<p>O Espa\u00e7o Gerar &#8211; Psicologia, Arteterapia e Bem-Estar oferece no bairro do Po\u00e7o da Panela, no Recife, sess\u00f5es de Hipnoterapia com o terapeuta Leandro Silva. A t\u00e9cnica pode ser aplicada em pessoas com mais de 10 anos de idade, para resolu\u00e7\u00e3o de problemas f\u00edsicos, mentais e emocionais. A Hipnoterapia, a partir da t\u00e9cnica da Hipnose [&hellip;]<\/p>\n","protected":false},"author":1,"featured_media":43248,"comment_status":"open","ping_status":"open","sticky":false,"template":"","format":"standard","meta":{"om_disable_all_campaigns":false,"_monsterinsights_skip_tracking":false,"_monsterinsights_sitenote_active":false,"_monsterinsights_sitenote_note":"","_monsterinsights_sitenote_category":0,"footnotes":""},"categories":[8,224,214],"tags":[692,745,1148],"acf":[],"publishpress_future_action":{"enabled":false,"date":"1969-12-31 21:00:00","action":"","terms":[],"taxonomy":"","browser_timezone_offset":0},"_links":{"self":[{"href":"https:\/\/portalfloresnoar.com\/floresnoar\/wp-json\/wp\/v2\/posts\/43242"}],"collection":[{"href":"https:\/\/portalfloresnoar.com\/floresnoar\/wp-json\/wp\/v2\/posts"}],"about":[{"href":"https:\/\/portalfloresnoar.com\/floresnoar\/wp-json\/wp\/v2\/types\/post"}],"author":[{"embeddable":true,"href":"https:\/\/portalfloresnoar.com\/floresnoar\/wp-json\/wp\/v2\/users\/1"}],"replies":[{"embeddable":true,"href":"https:\/\/portalfloresnoar.com\/floresnoar\/wp-json\/wp\/v2\/comments?post=43242"}],"version-history":[{"count":0,"href":"https:\/\/portalfloresnoar.com\/floresnoar\/wp-json\/wp\/v2\/posts\/43242\/revisions"}],"wp:featuredmedia":[{"embeddable":true,"href":"https:\/\/portalfloresnoar.com\/floresnoar\/wp-json\/wp\/v2\/media\/43248"}],"wp:attachment":[{"href":"https:\/\/portalfloresnoar.com\/floresnoar\/wp-json\/wp\/v2\/media?parent=43242"}],"wp:term":[{"taxonomy":"category","embeddable":true,"href":"https:\/\/portalfloresnoar.com\/floresnoar\/wp-json\/wp\/v2\/categories?post=43242"},{"taxonomy":"post_tag","embeddable":true,"href":"https:\/\/portalfloresnoar.com\/floresnoar\/wp-json\/wp\/v2\/tags?post=43242"}],"curies":[{"name":"wp","href":"https:\/\/api.w.org\/{rel}","templated":true}]}}