

{"id":43200,"date":"2023-04-12T09:22:01","date_gmt":"2023-04-12T12:22:01","guid":{"rendered":"http:\/\/portalfloresnoar.com\/floresnoar\/?p=43200"},"modified":"2023-04-12T09:35:45","modified_gmt":"2023-04-12T12:35:45","slug":"coluna-do-scalambrini-a-insanidade-na-escolha-da-localizacao-da-escola-de-sargentos-e-armas-esa-em-pernambuco","status":"publish","type":"post","link":"https:\/\/portalfloresnoar.com\/floresnoar\/coluna-do-scalambrini-a-insanidade-na-escolha-da-localizacao-da-escola-de-sargentos-e-armas-esa-em-pernambuco\/","title":{"rendered":"[COLUNA DO SCALAMBRINI] A insanidade na escolha da localiza\u00e7\u00e3o da Escola de Sargentos e Armas (ESA) em Pernambuco"},"content":{"rendered":"<p>| <em>Por Heitor Scalambrini Costa<\/em>* |<\/p>\n<p>O negacionismo ambiental propagado pelo ex-capit\u00e3o de extrema direita, que chegou \u00e0 presid\u00eancia da Rep\u00fablica pelo voto popular, fez escola dentro do Ex\u00e9rcito brasileiro.<\/p>\n<p>A manipula\u00e7\u00e3o das informa\u00e7\u00f5es \u00e9 tanta que a proposta de constru\u00e7\u00e3o da Escola de Sargentos e Armas (ESA), estabelecimento de Ensino de N\u00edvel Superior (tecn\u00f3logo) do Ex\u00e9rcito brasileiro em Pernambuco &#8211; entre os munic\u00edpios de Abreu e Lima, Ara\u00e7oiaba e Camaragibe &#8211; \u00e9 vista pelos exterminadores do futuro como algo de positivo para o Estado. O pr\u00f3prio ex-comandante da 7\u00aa Regi\u00e3o Militar na audi\u00eancia p\u00fablica realizada em fevereiro de 2022, onde se discutiu este megaempreendimento, chegou a afirmar &#8220;o empreendimento ser\u00e1 desenvolvido com uso racional do espa\u00e7o e oferecer\u00e1 m\u00ednimo impacto ambiental. A atua\u00e7\u00e3o do Ex\u00e9rcito favorece a preserva\u00e7\u00e3o da natureza, pois, al\u00e9m de fazer o manejo adequado dos territ\u00f3rios que ocupa, a institui\u00e7\u00e3o fiscaliza, inibe a invas\u00e3o e impede o desmatamento&#8221;.<\/p>\n<p>Para algum desavisado, o discurso do general estaria corret\u00edssimo, e ser\u00edamos os primeiros a \u201cbater palmas\u201d. Todavia, a localiza\u00e7\u00e3o desta constru\u00e7\u00e3o \u00e9 uma grande amea\u00e7a a uma das \u00e1reas mais ricas em biodiversidade do planeta, a Mata Atl\u00e2ntica, cujos resqu\u00edcios em Pernambuco, apontam para irris\u00f3rios 6% da floresta original. \u00c9 o ecossistema onde 70% da popula\u00e7\u00e3o brasileira vive em territ\u00f3rio antes coberto por ele. Hoje, resta apenas 12,4% da floresta que existia originalmente no pa\u00eds, e cuja fauna tem grande variedade de esp\u00e9cies de aves, mam\u00edferos, r\u00e9pteis, anf\u00edbios e insetos, sendo que boa parte end\u00eamica.<\/p>\n<p>A \u00e1rea prevista para abrigar a ESA, corresponde ao desmatamento de 2 milh\u00f5es de m2 de floresta (equivalente a 200 campos de futebol), e fica localizada na Unidade de Conserva\u00e7\u00e3o de Uso Sustent\u00e1vel APA Aldeia-Beberibe, criada pelo <a href=\"https:\/\/legis.alepe.pe.gov.br\/texto.aspx?tiponorma=6&amp;numero=34692&amp;complemento=0&amp;ano=2010&amp;tipo=&amp;url=\" target=\"_blank\" rel=\"noopener\">decreto estadual no 34.692<\/a>, de 17 de mar\u00e7o de 2010. Em seus 10 considerandos e 5 objetivos, o legislador evidenciou a import\u00e2ncia deste territ\u00f3rio para a qualidade de vida dos habitantes da regi\u00e3o metropolitana do Recife, e a necess\u00e1ria prote\u00e7\u00e3o ambiental para resguardar a biodiversidade ali existente.<\/p>\n<p>O disparate e a insanidade s\u00e3o de tal magnitude, que, caso o desmatamento seja realizado, colocar\u00e1 em risco os recursos h\u00eddricos do sistema Botafogo, principal fonte de fornecimento de \u00e1gua que atende os munic\u00edpios localizados na Zona Norte da Regi\u00e3o Metropolitana do Recife (Olinda, Igarassu, Paulista e Abreu e Lima), com uma popula\u00e7\u00e3o estimada em mais de 700 mil pessoas.<\/p>\n<p>Mesmo se tratando de \u00c1rea de Prote\u00e7\u00e3o Ambiental (APA), amparada pelas leis de prote\u00e7\u00e3o aos mananciais, pela lei da Mata Atl\u00e2ntica e por outras legisla\u00e7\u00f5es de prote\u00e7\u00e3o ambiental, o que imp\u00f5e restri\u00e7\u00f5es e limites aos empreendimentos que coloquem em risco o ecossistema; ainda assim esta constru\u00e7\u00e3o \u00e9 defendida, principalmente por raz\u00f5es econ\u00f4micas, com a alega\u00e7\u00e3o de que ser\u00e3o investidos 1,8 bilh\u00f5es de reais (no ano passado era 1 bilh\u00e3o de reais).<\/p>\n<p>Um clamor a toda sociedade pernambucana \u00e9 que nos unamos contra mais esta afronesia promovida por institui\u00e7\u00f5es de Estado. Os argumentos injustific\u00e1veis para tal empreendimento negam a ci\u00eancia. Al\u00e9m de autorit\u00e1rios e sem nenhuma fundamenta\u00e7\u00e3o t\u00e9cnico-cient\u00edfica que justifique este monstruoso desmatamento de uma floresta estabelecida. Aceitar a promessa de replantio da floresta desmatada, em outro local, carece de,no m\u00ednimo, algum sinal de intelig\u00eancia.<\/p>\n<p>O F\u00f3rum Socioambiental de Aldeia, em sua luta quase solit\u00e1ria contra desmandos que se avolumam ao longo dos anos contra o bioma, em defesa da qualidade de vida dos habitantes deste territ\u00f3rio, merece todo o nosso respeito e apoio.<\/p>\n<p>Somos todos F\u00f3rum Socioambiental de Aldeia.<\/p>\n<p>Somos todos ambientalistas.<\/p>\n<p>* <em>Heitor Scalambrini Costa \u00e9 f\u00edsico pela Unicamp (Universidade Estadual de Campinas), mestre em Ci\u00eancias e Tecnologia Nuclear pelo Departamento de Energia Nuclear da UFPE (Universidade Federal de Pernambuco), doutor pela Universidade de Aix-Marselha, Laborat\u00f3rio de Fotoeletricidade\/Comissariado de Energia At\u00f4mica da Fran\u00e7a, professor aposentado da UFPE e ativista ambiental.<\/em><\/p>\n","protected":false},"excerpt":{"rendered":"<p>| Por Heitor Scalambrini Costa* | O negacionismo ambiental propagado pelo ex-capit\u00e3o de extrema direita, que chegou \u00e0 presid\u00eancia da Rep\u00fablica pelo voto popular, fez escola dentro do Ex\u00e9rcito brasileiro. A manipula\u00e7\u00e3o das informa\u00e7\u00f5es \u00e9 tanta que a proposta de constru\u00e7\u00e3o da Escola de Sargentos e Armas (ESA), estabelecimento de Ensino de N\u00edvel Superior (tecn\u00f3logo) [&hellip;]<\/p>\n","protected":false},"author":1,"featured_media":43203,"comment_status":"open","ping_status":"open","sticky":false,"template":"","format":"standard","meta":{"om_disable_all_campaigns":false,"_monsterinsights_skip_tracking":false,"_monsterinsights_sitenote_active":false,"_monsterinsights_sitenote_note":"","_monsterinsights_sitenote_category":0,"footnotes":""},"categories":[1289,220],"tags":[499,1198,26,1243,170],"acf":[],"publishpress_future_action":{"enabled":false,"date":"1969-12-31 21:00:00","action":"","terms":[],"taxonomy":"","browser_timezone_offset":0},"_links":{"self":[{"href":"https:\/\/portalfloresnoar.com\/floresnoar\/wp-json\/wp\/v2\/posts\/43200"}],"collection":[{"href":"https:\/\/portalfloresnoar.com\/floresnoar\/wp-json\/wp\/v2\/posts"}],"about":[{"href":"https:\/\/portalfloresnoar.com\/floresnoar\/wp-json\/wp\/v2\/types\/post"}],"author":[{"embeddable":true,"href":"https:\/\/portalfloresnoar.com\/floresnoar\/wp-json\/wp\/v2\/users\/1"}],"replies":[{"embeddable":true,"href":"https:\/\/portalfloresnoar.com\/floresnoar\/wp-json\/wp\/v2\/comments?post=43200"}],"version-history":[{"count":0,"href":"https:\/\/portalfloresnoar.com\/floresnoar\/wp-json\/wp\/v2\/posts\/43200\/revisions"}],"wp:featuredmedia":[{"embeddable":true,"href":"https:\/\/portalfloresnoar.com\/floresnoar\/wp-json\/wp\/v2\/media\/43203"}],"wp:attachment":[{"href":"https:\/\/portalfloresnoar.com\/floresnoar\/wp-json\/wp\/v2\/media?parent=43200"}],"wp:term":[{"taxonomy":"category","embeddable":true,"href":"https:\/\/portalfloresnoar.com\/floresnoar\/wp-json\/wp\/v2\/categories?post=43200"},{"taxonomy":"post_tag","embeddable":true,"href":"https:\/\/portalfloresnoar.com\/floresnoar\/wp-json\/wp\/v2\/tags?post=43200"}],"curies":[{"name":"wp","href":"https:\/\/api.w.org\/{rel}","templated":true}]}}