

{"id":43185,"date":"2024-12-18T05:07:41","date_gmt":"2024-12-18T08:07:41","guid":{"rendered":"http:\/\/portalfloresnoar.com\/floresnoar\/?p=43185"},"modified":"2024-12-18T10:17:30","modified_gmt":"2024-12-18T13:17:30","slug":"documentario-vento-agreste-denuncia-os-impactos-causados-pelas-usinas-eolicas","status":"publish","type":"post","link":"https:\/\/portalfloresnoar.com\/floresnoar\/documentario-vento-agreste-denuncia-os-impactos-causados-pelas-usinas-eolicas\/","title":{"rendered":"Document\u00e1rio &#8216;Vento Agreste&#8217; denuncia os impactos causados pelas usinas e\u00f3licas"},"content":{"rendered":"<p><iframe loading=\"lazy\" title=\"YouTube video player\" src=\"https:\/\/www.youtube.com\/embed\/pYEDygsfheE\" width=\"560\" height=\"315\" frameborder=\"0\" allowfullscreen=\"allowfullscreen\"><\/iframe><\/p>\n<p>Est\u00e1 dispon\u00edvel no YouTube o document\u00e1rio &#8216;<a href=\"https:\/\/youtu.be\/pYEDygsfheE?si=gcYa2o36OKW8heRN\" target=\"_blank\" rel=\"noopener\">Vento Agreste<\/a>&#8216;, produzido com o intuito de denunciar os impactos e danos causados pelas usinas e\u00f3licas, al\u00e9m de fazer um alerta para as comunidades ainda n\u00e3o impactas, mas que vivem em locais que s\u00e3o de interesse desses grandes empreendimentos, especialmente no Agreste e no Sert\u00e3o pernambucano.<\/p>\n<p>O filme mostra como as vidas de fam\u00edlias camponesas foram afetadas por esta ind\u00fastria de energia, causando expuls\u00f5es, problemas estruturais, como rachaduras em algumas casas, e problemas de sa\u00fade como depress\u00e3o, s\u00edndrome do p\u00e2nico e doen\u00e7as de pele. Al\u00e9m disso, animais tamb\u00e9m passaram a adoecer.<\/p>\n<p>\u201cDe forma recorrente chegam \u00e0 Comiss\u00e3o Pastoral da Terra (CPT) informa\u00e7\u00f5es de comunidades que est\u00e3o sofrendo com os impactos causados por usinas e\u00f3licas. Contraditoriamente, pouca gente sabe que essas usinas e\u00f3licas, no modelo que s\u00e3o instaladas no Brasil, s\u00e3o muito violentas com as comunidades do campo e com a natureza. Est\u00e3o longe da propaganda de \u2018energia limpa e sustent\u00e1vel\u2019 que espalham\u201d, destaca o diretor, Jo\u00e3o do Vale, da Comissa\u0303o Pastoral da Terra, ressaltando que o projeto visa tamb\u00e9m apoiar a luta pela repara\u00e7\u00e3o dos direitos violados.<\/p>\n<p>O material foi desenvolvido atrave\u0301s de um projeto da Comissa\u0303o Pastoral da Terra, da Reside\u0302ncia em Sau\u0301de Coletiva e Agroecologia da UPE e do Instituto Ma\u0303e Terra, com apoio do Fundo Casa Socioambiental.<\/p>\n<p>FICHA T\u00c9CNICA<br \/>\nDire\u00e7\u00e3o: Jo\u00e3o do Vale<br \/>\nImagens e edi\u00e7\u00e3o: Felipe Correia<br \/>\nSonoplastia: Luca Lemos<br \/>\nAssist\u00eancia de c\u00e2mera: Mariana Starling<br \/>\nPesquisa: Mariana Starling, Andr\u00e9 Monteiro e Wanessa Gomes<br \/>\nProdu\u00e7\u00e3o: Josefa Eurenice<br \/>\nImagens auxiliares: Eriko Renan<br \/>\nP\u00f4ster e ilustra\u00e7\u00e3o: Lua<br \/>\nIdentidade visual: Cec\u00edlia T\u00e1vora<br \/>\nComunica\u00e7\u00e3o: Alice Alves e Cec\u00edlia T\u00e1vora<\/p>\n<p>&nbsp;<\/p>\n","protected":false},"excerpt":{"rendered":"<p>Est\u00e1 dispon\u00edvel no YouTube o document\u00e1rio &#8216;Vento Agreste&#8216;, produzido com o intuito de denunciar os impactos e danos causados pelas usinas e\u00f3licas, al\u00e9m de fazer um alerta para as comunidades ainda n\u00e3o impactas, mas que vivem em locais que s\u00e3o de interesse desses grandes empreendimentos, especialmente no Agreste e no Sert\u00e3o pernambucano. O filme mostra [&hellip;]<\/p>\n","protected":false},"author":1,"featured_media":43186,"comment_status":"open","ping_status":"open","sticky":false,"template":"","format":"standard","meta":{"om_disable_all_campaigns":false,"_monsterinsights_skip_tracking":false,"_monsterinsights_sitenote_active":false,"_monsterinsights_sitenote_note":"","_monsterinsights_sitenote_category":0,"footnotes":""},"categories":[14],"tags":[121,1304,24,123,106,746,170,154],"acf":[],"publishpress_future_action":{"enabled":false,"date":"1969-12-31 21:00:00","action":"","terms":[],"taxonomy":"","browser_timezone_offset":0},"_links":{"self":[{"href":"https:\/\/portalfloresnoar.com\/floresnoar\/wp-json\/wp\/v2\/posts\/43185"}],"collection":[{"href":"https:\/\/portalfloresnoar.com\/floresnoar\/wp-json\/wp\/v2\/posts"}],"about":[{"href":"https:\/\/portalfloresnoar.com\/floresnoar\/wp-json\/wp\/v2\/types\/post"}],"author":[{"embeddable":true,"href":"https:\/\/portalfloresnoar.com\/floresnoar\/wp-json\/wp\/v2\/users\/1"}],"replies":[{"embeddable":true,"href":"https:\/\/portalfloresnoar.com\/floresnoar\/wp-json\/wp\/v2\/comments?post=43185"}],"version-history":[{"count":1,"href":"https:\/\/portalfloresnoar.com\/floresnoar\/wp-json\/wp\/v2\/posts\/43185\/revisions"}],"predecessor-version":[{"id":44168,"href":"https:\/\/portalfloresnoar.com\/floresnoar\/wp-json\/wp\/v2\/posts\/43185\/revisions\/44168"}],"wp:featuredmedia":[{"embeddable":true,"href":"https:\/\/portalfloresnoar.com\/floresnoar\/wp-json\/wp\/v2\/media\/43186"}],"wp:attachment":[{"href":"https:\/\/portalfloresnoar.com\/floresnoar\/wp-json\/wp\/v2\/media?parent=43185"}],"wp:term":[{"taxonomy":"category","embeddable":true,"href":"https:\/\/portalfloresnoar.com\/floresnoar\/wp-json\/wp\/v2\/categories?post=43185"},{"taxonomy":"post_tag","embeddable":true,"href":"https:\/\/portalfloresnoar.com\/floresnoar\/wp-json\/wp\/v2\/tags?post=43185"}],"curies":[{"name":"wp","href":"https:\/\/api.w.org\/{rel}","templated":true}]}}