

{"id":43159,"date":"2023-04-03T09:12:25","date_gmt":"2023-04-03T12:12:25","guid":{"rendered":"http:\/\/portalfloresnoar.com\/floresnoar\/?p=43159"},"modified":"2023-04-03T13:58:03","modified_gmt":"2023-04-03T16:58:03","slug":"espaco-gerar-e-ponto-de-venda-da-editora-vozes-e-da-aroma-da-terra","status":"publish","type":"post","link":"https:\/\/portalfloresnoar.com\/floresnoar\/espaco-gerar-e-ponto-de-venda-da-editora-vozes-e-da-aroma-da-terra\/","title":{"rendered":"Espa\u00e7o Gerar \u00e9 ponto de venda da Editora Vozes e da Aromas da Terra"},"content":{"rendered":"<p><img decoding=\"async\" loading=\"lazy\" class=\"wp-image-43161 alignleft\" src=\"http:\/\/portalfloresnoar.com\/floresnoar\/wp-content\/uploads\/2023\/04\/lojinha-gerar-2-525x700.jpeg\" alt=\"\" width=\"297\" height=\"396\" srcset=\"https:\/\/portalfloresnoar.com\/floresnoar\/wp-content\/uploads\/2023\/04\/lojinha-gerar-2-525x700.jpeg 525w, https:\/\/portalfloresnoar.com\/floresnoar\/wp-content\/uploads\/2023\/04\/lojinha-gerar-2-225x300.jpeg 225w, https:\/\/portalfloresnoar.com\/floresnoar\/wp-content\/uploads\/2023\/04\/lojinha-gerar-2-768x1024.jpeg 768w, https:\/\/portalfloresnoar.com\/floresnoar\/wp-content\/uploads\/2023\/04\/lojinha-gerar-2.jpeg 1200w\" sizes=\"(max-width: 297px) 100vw, 297px\" \/>O Espa\u00e7o Gerar &#8211; Psicologia, Arteterapia e Bem-Estar, no Recife, conta agora com uma lojinha, onde est\u00e3o sendo comercializados produtos aromater\u00e1picos da marca Aromas da Terra e livros da Editora Vozes.<\/p>\n<p>&#8220;A nossa inten\u00e7\u00e3o \u00e9 possibilitar a facilidade de acesso a produtos que fortalecem os terapeutas e clientes. E estamos abertas a parcerias com outros empreendimentos&#8221;, informam Fabiana Guimar\u00e3es, Josefina Campos e Patr\u00edcia Mello, gestoras do Espa\u00e7o Gerar.<\/p>\n<p>Na se\u00e7\u00e3o de livros, a obra completa do psiquiatra Carl Gustav Jung est\u00e1 dispon\u00edvel, al\u00e9m de diversas outras publica\u00e7\u00f5es com temas relacionados a Autoconhecimento, Simbologia, Mitologia e Sa\u00fade Mental, entre outros.<\/p>\n<p>Na estante de Aromaterapia, est\u00e3o \u00e0 venda diversos \u00f3leos essenciais da marca Aromas da Terra, al\u00e9m de colar difusor e difusor de ambiente.<br \/>\n<img decoding=\"async\" loading=\"lazy\" class=\"wp-image-43162 alignright\" src=\"http:\/\/portalfloresnoar.com\/floresnoar\/wp-content\/uploads\/2023\/04\/lojinha-gerar-4-525x700.jpeg\" alt=\"\" width=\"239\" height=\"319\" srcset=\"https:\/\/portalfloresnoar.com\/floresnoar\/wp-content\/uploads\/2023\/04\/lojinha-gerar-4-525x700.jpeg 525w, https:\/\/portalfloresnoar.com\/floresnoar\/wp-content\/uploads\/2023\/04\/lojinha-gerar-4-225x300.jpeg 225w, https:\/\/portalfloresnoar.com\/floresnoar\/wp-content\/uploads\/2023\/04\/lojinha-gerar-4-768x1024.jpeg 768w, https:\/\/portalfloresnoar.com\/floresnoar\/wp-content\/uploads\/2023\/04\/lojinha-gerar-4.jpeg 1200w\" sizes=\"(max-width: 239px) 100vw, 239px\" \/><em>Confira abaixo os \u00f3leos essenciais dispon\u00edveis:<\/em><br \/>\nAlecrim<br \/>\nBergamota<br \/>\nCanela<br \/>\nCapim Lim\u00e3o<br \/>\nCitronela<br \/>\nCopa\u00edba<br \/>\nCravo da \u00cdndia<br \/>\nEucalipto Globulus<br \/>\nGengibre<br \/>\nGer\u00e2nio<br \/>\nHortel\u00e3 Pimenta<br \/>\nLaranja Doce<br \/>\nLavanda<br \/>\nLavandim<br \/>\nLim\u00e3o Siciliano<br \/>\nMandarina<br \/>\nPatchouli<br \/>\nTangerina<br \/>\nTea Tree<br \/>\nYlang Ylang<\/p>\n<p>MAIS INFORMA\u00c7\u00d5ES<br \/>\n<strong>Fone\/WhatsApp:<\/strong>\u00a0(81) 99760.6383<br \/>\n<strong>E-mail:<\/strong>\u00a0gerararte@gmail.com<br \/>\n<strong>Instagram:<\/strong>\u00a0<a href=\"https:\/\/www.instagram.com\/gerararteterapia\/\" target=\"_blank\" rel=\"noopener\">@gerararteterapia<\/a><br \/>\n<strong>Endere\u00e7o:<\/strong>\u00a0Rua Luiz Guimar\u00e3es, 253, Po\u00e7o da Panela, Recife\/PE<br \/>\n<strong>Hor\u00e1rio de funcionamento:<\/strong>\u00a0Segunda a Sexta-feira, das 8h \u00e0s 12h e das 13h \u00e0s 20h<\/p>\n","protected":false},"excerpt":{"rendered":"<p>O Espa\u00e7o Gerar &#8211; Psicologia, Arteterapia e Bem-Estar, no Recife, conta agora com uma lojinha, onde est\u00e3o sendo comercializados produtos aromater\u00e1picos da marca Aromas da Terra e livros da Editora Vozes. &#8220;A nossa inten\u00e7\u00e3o \u00e9 possibilitar a facilidade de acesso a produtos que fortalecem os terapeutas e clientes. E estamos abertas a parcerias com outros [&hellip;]<\/p>\n","protected":false},"author":1,"featured_media":43160,"comment_status":"open","ping_status":"open","sticky":false,"template":"","format":"standard","meta":{"om_disable_all_campaigns":false,"_monsterinsights_skip_tracking":false,"_monsterinsights_sitenote_active":false,"_monsterinsights_sitenote_note":"","_monsterinsights_sitenote_category":0,"footnotes":""},"categories":[9],"tags":[73,69,62,1303,616,613],"acf":[],"publishpress_future_action":{"enabled":false,"date":"1969-12-31 21:00:00","action":"","terms":[],"taxonomy":"","browser_timezone_offset":0},"_links":{"self":[{"href":"https:\/\/portalfloresnoar.com\/floresnoar\/wp-json\/wp\/v2\/posts\/43159"}],"collection":[{"href":"https:\/\/portalfloresnoar.com\/floresnoar\/wp-json\/wp\/v2\/posts"}],"about":[{"href":"https:\/\/portalfloresnoar.com\/floresnoar\/wp-json\/wp\/v2\/types\/post"}],"author":[{"embeddable":true,"href":"https:\/\/portalfloresnoar.com\/floresnoar\/wp-json\/wp\/v2\/users\/1"}],"replies":[{"embeddable":true,"href":"https:\/\/portalfloresnoar.com\/floresnoar\/wp-json\/wp\/v2\/comments?post=43159"}],"version-history":[{"count":0,"href":"https:\/\/portalfloresnoar.com\/floresnoar\/wp-json\/wp\/v2\/posts\/43159\/revisions"}],"wp:featuredmedia":[{"embeddable":true,"href":"https:\/\/portalfloresnoar.com\/floresnoar\/wp-json\/wp\/v2\/media\/43160"}],"wp:attachment":[{"href":"https:\/\/portalfloresnoar.com\/floresnoar\/wp-json\/wp\/v2\/media?parent=43159"}],"wp:term":[{"taxonomy":"category","embeddable":true,"href":"https:\/\/portalfloresnoar.com\/floresnoar\/wp-json\/wp\/v2\/categories?post=43159"},{"taxonomy":"post_tag","embeddable":true,"href":"https:\/\/portalfloresnoar.com\/floresnoar\/wp-json\/wp\/v2\/tags?post=43159"}],"curies":[{"name":"wp","href":"https:\/\/api.w.org\/{rel}","templated":true}]}}