

{"id":43123,"date":"2023-03-22T10:21:54","date_gmt":"2023-03-22T13:21:54","guid":{"rendered":"http:\/\/portalfloresnoar.com\/floresnoar\/?p=43123"},"modified":"2023-03-22T10:21:54","modified_gmt":"2023-03-22T13:21:54","slug":"agenda-pe-atividades-artisticas-e-brincadeiras-de-quintal-para-criancas-a-partir-de-4-anos-toda-terca-na-casa-astral","status":"publish","type":"post","link":"https:\/\/portalfloresnoar.com\/floresnoar\/agenda-pe-atividades-artisticas-e-brincadeiras-de-quintal-para-criancas-a-partir-de-4-anos-toda-terca-na-casa-astral\/","title":{"rendered":"[AGENDA PE] Atividades art\u00edsticas e brincadeiras de quintal para crian\u00e7as a partir de 4 anos, toda ter\u00e7a, na Casa Astral"},"content":{"rendered":"<p><img decoding=\"async\" loading=\"lazy\" class=\"aligncenter wp-image-43124 \" src=\"http:\/\/portalfloresnoar.com\/floresnoar\/wp-content\/uploads\/2023\/03\/recrea\u00e7\u00e3o-para-crian\u00e7as-no-recife-700x696.jpeg\" alt=\"\" width=\"603\" height=\"600\" srcset=\"https:\/\/portalfloresnoar.com\/floresnoar\/wp-content\/uploads\/2023\/03\/recrea\u00e7\u00e3o-para-crian\u00e7as-no-recife-700x696.jpeg 700w, https:\/\/portalfloresnoar.com\/floresnoar\/wp-content\/uploads\/2023\/03\/recrea\u00e7\u00e3o-para-crian\u00e7as-no-recife-150x150.jpeg 150w, https:\/\/portalfloresnoar.com\/floresnoar\/wp-content\/uploads\/2023\/03\/recrea\u00e7\u00e3o-para-crian\u00e7as-no-recife-300x298.jpeg 300w, https:\/\/portalfloresnoar.com\/floresnoar\/wp-content\/uploads\/2023\/03\/recrea\u00e7\u00e3o-para-crian\u00e7as-no-recife-100x100.jpeg 100w, https:\/\/portalfloresnoar.com\/floresnoar\/wp-content\/uploads\/2023\/03\/recrea\u00e7\u00e3o-para-crian\u00e7as-no-recife.jpeg 712w\" sizes=\"(max-width: 603px) 100vw, 603px\" \/><\/p>\n<p>A partir de 4 de Abril, todas as ter\u00e7as feiras, das 14h \u00e0s 18h, a <a href=\"https:\/\/www.instagram.com\/farrinhacriativa\/\" target=\"_blank\" rel=\"noopener\">Farrinha Criativa<\/a> realizar\u00e1 na <a href=\"http:\/\/portalfloresnoar.com\/floresnoar\/agenda-pe-vivencia-harmonizacao-de-ambientes-numa-visao-sistemica-dia-2503-no-recife\/\" target=\"_blank\" rel=\"noopener\">Casa Astral<\/a>, no Recife, o projeto &#8216;Trelinhas Criativas&#8217;, oferecendo atividades art\u00edsticas e brincadeiras de quintal para crian\u00e7as a partir de 4 anos.<\/p>\n<p>Ser\u00e3o ter\u00e7as repletas de provoca\u00e7\u00f5es art\u00edsticas e din\u00e2micas diversas para a garotada. A cada semana haver\u00e1 propostas diferentes dentro das artes visuais, buscando sensibilizar o lado criativo e espont\u00e2neo das crian\u00e7as, al\u00e9m de aproveitar a experi\u00eancia do contato com a terra e com os elementos da natureza que o espa\u00e7o da Casa Astral oferece.<\/p>\n<p>&#8220;Acreditamos no potencial que a arte e o brincar tem de favorecer um desenvolvimento saud\u00e1vel para a crian\u00e7ada, por aqui nos dedicamos a esse prop\u00f3sito&#8221;, declaram Melissa Bara\u00fana, da Farrinha Criativa, e Guida Gomes, da Casa Astral.<\/p>\n<p>A proposta \u00e9 que essa experi\u00eancia aconte\u00e7a de forma cont\u00ednua, sendo assim, a crian\u00e7a ser\u00e1 inscrita para o m\u00eas inteiro e a contribui\u00e7\u00e3o financeira acontecer\u00e1 no formato de mensalidades. No pacote est\u00e3o inclusos os lanches e todo o material que ser\u00e1 utilizado As crian\u00e7as podem ficar na casa sem a presen\u00e7a dos respons\u00e1veis, pois ser\u00e3o cuidadas com bastante aten\u00e7\u00e3o.<\/p>\n<p>SERVI\u00c7O<br \/>\n<strong>* Trelinhas Criativas *<\/strong><br \/>\n<strong>Data:<\/strong> Ter\u00e7as-feiras (a partir de 04\/04\/2023)<br \/>\n<strong>Hor\u00e1rio:<\/strong> 14h \u00e0s 18h<br \/>\n<strong>Faixa et\u00e1ria:<\/strong> Crian\u00e7as a partir de 4 anos<br \/>\n<strong>Mensalidade:<\/strong> R$ 250,00<br \/>\n<strong>Local:<\/strong> Casa Astral &#8211; Rua Joaquim Xavier de Andrade, 104, Po\u00e7o da Panela, Recife<\/p>\n<p><strong>INSCRI\u00c7\u00d5ES E MAIS INFORMA\u00c7\u00d5ES<\/strong><br \/>\n(81) 99836.8786 (WhatsApp)<\/p>\n","protected":false},"excerpt":{"rendered":"<p>A partir de 4 de Abril, todas as ter\u00e7as feiras, das 14h \u00e0s 18h, a Farrinha Criativa realizar\u00e1 na Casa Astral, no Recife, o projeto &#8216;Trelinhas Criativas&#8217;, oferecendo atividades art\u00edsticas e brincadeiras de quintal para crian\u00e7as a partir de 4 anos. Ser\u00e3o ter\u00e7as repletas de provoca\u00e7\u00f5es art\u00edsticas e din\u00e2micas diversas para a garotada. A cada [&hellip;]<\/p>\n","protected":false},"author":1,"featured_media":43125,"comment_status":"open","ping_status":"open","sticky":false,"template":"","format":"standard","meta":{"om_disable_all_campaigns":false,"_monsterinsights_skip_tracking":false,"_monsterinsights_sitenote_active":false,"_monsterinsights_sitenote_note":"","_monsterinsights_sitenote_category":0,"footnotes":""},"categories":[8,224,214],"tags":[1300,45,853,1278,223],"acf":[],"publishpress_future_action":{"enabled":false,"date":"1969-12-31 21:00:00","action":"","terms":[],"taxonomy":"","browser_timezone_offset":0},"_links":{"self":[{"href":"https:\/\/portalfloresnoar.com\/floresnoar\/wp-json\/wp\/v2\/posts\/43123"}],"collection":[{"href":"https:\/\/portalfloresnoar.com\/floresnoar\/wp-json\/wp\/v2\/posts"}],"about":[{"href":"https:\/\/portalfloresnoar.com\/floresnoar\/wp-json\/wp\/v2\/types\/post"}],"author":[{"embeddable":true,"href":"https:\/\/portalfloresnoar.com\/floresnoar\/wp-json\/wp\/v2\/users\/1"}],"replies":[{"embeddable":true,"href":"https:\/\/portalfloresnoar.com\/floresnoar\/wp-json\/wp\/v2\/comments?post=43123"}],"version-history":[{"count":0,"href":"https:\/\/portalfloresnoar.com\/floresnoar\/wp-json\/wp\/v2\/posts\/43123\/revisions"}],"wp:featuredmedia":[{"embeddable":true,"href":"https:\/\/portalfloresnoar.com\/floresnoar\/wp-json\/wp\/v2\/media\/43125"}],"wp:attachment":[{"href":"https:\/\/portalfloresnoar.com\/floresnoar\/wp-json\/wp\/v2\/media?parent=43123"}],"wp:term":[{"taxonomy":"category","embeddable":true,"href":"https:\/\/portalfloresnoar.com\/floresnoar\/wp-json\/wp\/v2\/categories?post=43123"},{"taxonomy":"post_tag","embeddable":true,"href":"https:\/\/portalfloresnoar.com\/floresnoar\/wp-json\/wp\/v2\/tags?post=43123"}],"curies":[{"name":"wp","href":"https:\/\/api.w.org\/{rel}","templated":true}]}}