

{"id":43106,"date":"2023-01-19T12:43:27","date_gmt":"2023-01-19T15:43:27","guid":{"rendered":"http:\/\/portalfloresnoar.com\/floresnoar\/?p=43106"},"modified":"2023-04-10T10:22:18","modified_gmt":"2023-04-10T13:22:18","slug":"agenda-se-retiro-de-cura-ancestral-com-ramael-dias-7-8-e-9-de-abril-em-aracaju","status":"publish","type":"post","link":"https:\/\/portalfloresnoar.com\/floresnoar\/agenda-se-retiro-de-cura-ancestral-com-ramael-dias-7-8-e-9-de-abril-em-aracaju\/","title":{"rendered":"[AGENDA SE] Retiro de Cura Ancestral, com Ramael, dias 7, 8 e 9 de abril, em Aracaju"},"content":{"rendered":"<p><img decoding=\"async\" loading=\"lazy\" class=\"aligncenter wp-image-43107 \" src=\"http:\/\/portalfloresnoar.com\/floresnoar\/wp-content\/uploads\/2023\/03\/retiro-em-aracaju-700x700.jpeg\" alt=\"\" width=\"561\" height=\"561\" srcset=\"https:\/\/portalfloresnoar.com\/floresnoar\/wp-content\/uploads\/2023\/03\/retiro-em-aracaju-700x700.jpeg 700w, https:\/\/portalfloresnoar.com\/floresnoar\/wp-content\/uploads\/2023\/03\/retiro-em-aracaju-150x150.jpeg 150w, https:\/\/portalfloresnoar.com\/floresnoar\/wp-content\/uploads\/2023\/03\/retiro-em-aracaju-300x300.jpeg 300w, https:\/\/portalfloresnoar.com\/floresnoar\/wp-content\/uploads\/2023\/03\/retiro-em-aracaju-768x768.jpeg 768w, https:\/\/portalfloresnoar.com\/floresnoar\/wp-content\/uploads\/2023\/03\/retiro-em-aracaju-100x100.jpeg 100w, https:\/\/portalfloresnoar.com\/floresnoar\/wp-content\/uploads\/2023\/03\/retiro-em-aracaju.jpeg 1080w\" sizes=\"(max-width: 561px) 100vw, 561px\" \/><\/p>\n<p>Nos dias 7, 8 e 9 de abril de 2023, o mentor da consci\u00eancia e terapeuta russo Ramael conduz o &#8216;Retiro de Cura Ancestral: Retorno ao Cora\u00e7\u00e3o&#8217;, no Espa\u00e7o Ciranda da Paz, em Aracaju\/SE. Al\u00e9m de rituais de cura, o encontro tamb\u00e9m ir\u00e1 proporcionar viv\u00eancias na natureza, pr\u00e1ticas de yoga, m\u00fasica e medita\u00e7\u00e3o.<\/p>\n<p>&#8220;Nesses retiro, os participantes ir\u00e3o ampliar a vis\u00e3o sobre a pr\u00f3pria for\u00e7a, criatividade e resili\u00eancia, olhando para suas quest\u00f5es atrav\u00e9s da historia da sua fam\u00edlia e da sua linhagem ancestral, identificando os padr\u00f5es herdados dos antepassados. Reconhecendo e honrando nossos antepassados, podemos trazer a liberta\u00e7\u00e3o dos karmas e o perd\u00e3o para a nossa linhagem ancestral, e um maior equil\u00edbrio para nossas vidas&#8221;, conta Ramael, acrescentando que o retiro utiliza poderosos rituais de cura que possibilitam uma limpeza profunda para linhagem masculina e feminina.<\/p>\n<p>Ramael destaca que a situa\u00e7\u00e3o planet\u00e1ria atual est\u00e1 desafiando a todos, trazendo instabilidade, inseguran\u00e7as e preocupa\u00e7\u00f5es. Ele explica que algumas dessas quest\u00f5es s\u00e3o coletivas, mas outras t\u00eam a ver com os nossos ancestrais.<\/p>\n<p>&#8220;A poderosa energia feminina da Grande M\u00e3e Terra, no Brasil representada pela Virgem da Concei\u00e7\u00e3o e Nossa Senhora Aparecida, vai servir para ancorar o nosso workshop em amor, compaix\u00e3o, acolhimento maternal e aceita\u00e7\u00e3o&#8221;, diz Ramael.<\/p>\n<p>SOBRE O FACILITADOR DO RETIRO<br \/>\n<img decoding=\"async\" loading=\"lazy\" class=\"wp-image-42950 alignleft\" src=\"http:\/\/portalfloresnoar.com\/floresnoar\/wp-content\/uploads\/2023\/03\/terapeuta-ramael-300x300.jpeg\" alt=\"\" width=\"222\" height=\"222\" srcset=\"https:\/\/portalfloresnoar.com\/floresnoar\/wp-content\/uploads\/2023\/03\/terapeuta-ramael-300x300.jpeg 300w, https:\/\/portalfloresnoar.com\/floresnoar\/wp-content\/uploads\/2023\/03\/terapeuta-ramael-150x150.jpeg 150w, https:\/\/portalfloresnoar.com\/floresnoar\/wp-content\/uploads\/2023\/03\/terapeuta-ramael-100x100.jpeg 100w, https:\/\/portalfloresnoar.com\/floresnoar\/wp-content\/uploads\/2023\/03\/terapeuta-ramael.jpeg 640w\" sizes=\"(max-width: 222px) 100vw, 222px\" \/><\/p>\n<p><strong>Ramael<\/strong> \u00e9 terapeuta, mentor de consci\u00eancia e ritualista.<\/p>\n<p>Facilita cursos de autoconhecimento e viv\u00eancias de cura, com ampla experi\u00eancia internacional, tendo realizado cursos e eventos hol\u00edsticos em 15 pa\u00edses.<\/p>\n<p>Nascido na R\u00fassia e\u00a0criado nos Estados Unidos, Ramael reside no Brasil h\u00e1 mais de 20 anos, com total dom\u00ednio do portugu\u00eas.<\/p>\n<p>&nbsp;<\/p>\n<p><strong>DEPOIMENTOS DE QUEM J\u00c1 PARTICIPOU DO RETIRO DE CURA ANCESTRAL:<\/strong><\/p>\n<p><em>\u201cDepois deste trabalho eu tive muitas respostas positivas, muitas coisas que estavam emperradas come\u00e7aram a fluir. Gratid\u00e3o!&#8221;<\/em> (Ivana Meirelles &#8211; Salvador\/BA).<\/p>\n<p><em>\u201cO trabalho foi de uma qualidade e amor sem igual, de uma pot\u00eancia de cura muito poderosa e amorosa.&#8221;<\/em>\u00a0(Ana Paula Minozzo &#8211; S\u00e3o Paulo\/SP).<\/p>\n<p>SERVI\u00c7O<br \/>\n<strong>Retiro de Cura Ancestral: Retorno ao Cora\u00e7\u00e3o<\/strong><br \/>\n<strong>Data:<\/strong>\u00a0 7, 8 e 9 de Abril de 2023<br \/>\n<strong>Local:<\/strong> Espa\u00e7o Ciranda da Paz, em Aracaju\/PE<br \/>\n<strong>Investimento:\u00a0<\/strong>\u00a0R$ 1.200,00 (2\u00ba Lote)<\/p>\n<p><strong>INSCRI\u00c7\u00d5ES E MAIS INFORMA\u00c7\u00d5ES<\/strong><br \/>\n<strong>WhatsApp:<\/strong> +55 79 99890-8661<\/p>\n<p><strong>Confira neste link a Live Flores no Ar com Ramael<\/strong>:\u00a0<a href=\"https:\/\/www.instagram.com\/p\/Cpv4V-fIjCZ\/?utm_source=ig_web_copy_link\" target=\"_blank\" rel=\"noopener\">https:\/\/www.instagram.com\/p\/Cpv4V-fIjCZ\/?utm_source=ig_web_copy_link<\/a><\/p>\n","protected":false},"excerpt":{"rendered":"<p>Nos dias 7, 8 e 9 de abril de 2023, o mentor da consci\u00eancia e terapeuta russo Ramael conduz o &#8216;Retiro de Cura Ancestral: Retorno ao Cora\u00e7\u00e3o&#8217;, no Espa\u00e7o Ciranda da Paz, em Aracaju\/SE. Al\u00e9m de rituais de cura, o encontro tamb\u00e9m ir\u00e1 proporcionar viv\u00eancias na natureza, pr\u00e1ticas de yoga, m\u00fasica e medita\u00e7\u00e3o. &#8220;Nesses retiro, [&hellip;]<\/p>\n","protected":false},"author":1,"featured_media":43108,"comment_status":"open","ping_status":"open","sticky":false,"template":"","format":"standard","meta":{"om_disable_all_campaigns":false,"_monsterinsights_skip_tracking":false,"_monsterinsights_sitenote_active":false,"_monsterinsights_sitenote_note":"","_monsterinsights_sitenote_category":0,"footnotes":""},"categories":[8,848],"tags":[172,319,33,396],"acf":[],"publishpress_future_action":{"enabled":false,"date":"1969-12-31 21:00:00","action":"","terms":[],"taxonomy":"","browser_timezone_offset":0},"_links":{"self":[{"href":"https:\/\/portalfloresnoar.com\/floresnoar\/wp-json\/wp\/v2\/posts\/43106"}],"collection":[{"href":"https:\/\/portalfloresnoar.com\/floresnoar\/wp-json\/wp\/v2\/posts"}],"about":[{"href":"https:\/\/portalfloresnoar.com\/floresnoar\/wp-json\/wp\/v2\/types\/post"}],"author":[{"embeddable":true,"href":"https:\/\/portalfloresnoar.com\/floresnoar\/wp-json\/wp\/v2\/users\/1"}],"replies":[{"embeddable":true,"href":"https:\/\/portalfloresnoar.com\/floresnoar\/wp-json\/wp\/v2\/comments?post=43106"}],"version-history":[{"count":0,"href":"https:\/\/portalfloresnoar.com\/floresnoar\/wp-json\/wp\/v2\/posts\/43106\/revisions"}],"wp:featuredmedia":[{"embeddable":true,"href":"https:\/\/portalfloresnoar.com\/floresnoar\/wp-json\/wp\/v2\/media\/43108"}],"wp:attachment":[{"href":"https:\/\/portalfloresnoar.com\/floresnoar\/wp-json\/wp\/v2\/media?parent=43106"}],"wp:term":[{"taxonomy":"category","embeddable":true,"href":"https:\/\/portalfloresnoar.com\/floresnoar\/wp-json\/wp\/v2\/categories?post=43106"},{"taxonomy":"post_tag","embeddable":true,"href":"https:\/\/portalfloresnoar.com\/floresnoar\/wp-json\/wp\/v2\/tags?post=43106"}],"curies":[{"name":"wp","href":"https:\/\/api.w.org\/{rel}","templated":true}]}}