

{"id":43078,"date":"2022-03-16T18:04:58","date_gmt":"2022-03-16T21:04:58","guid":{"rendered":"http:\/\/portalfloresnoar.com\/floresnoar\/?p=43078"},"modified":"2023-03-23T11:42:09","modified_gmt":"2023-03-23T14:42:09","slug":"agenda-meditacao-da-piramide-de-chama-branca-sera-realizada-de-forma-on-line-e-gratuita-dia-2203","status":"publish","type":"post","link":"https:\/\/portalfloresnoar.com\/floresnoar\/agenda-meditacao-da-piramide-de-chama-branca-sera-realizada-de-forma-on-line-e-gratuita-dia-2203\/","title":{"rendered":"[AGENDA] &#8216;Medita\u00e7\u00e3o da Pir\u00e2mide de Chama Branca&#8217; ser\u00e1 realizada de forma on-line e gratuita dia 22\/03"},"content":{"rendered":"<p><img decoding=\"async\" loading=\"lazy\" class=\"aligncenter wp-image-43079 \" src=\"http:\/\/portalfloresnoar.com\/floresnoar\/wp-content\/uploads\/2023\/03\/meditacao-online-700x700.jpeg\" alt=\"\" width=\"610\" height=\"610\" srcset=\"https:\/\/portalfloresnoar.com\/floresnoar\/wp-content\/uploads\/2023\/03\/meditacao-online-700x700.jpeg 700w, https:\/\/portalfloresnoar.com\/floresnoar\/wp-content\/uploads\/2023\/03\/meditacao-online-150x150.jpeg 150w, https:\/\/portalfloresnoar.com\/floresnoar\/wp-content\/uploads\/2023\/03\/meditacao-online-300x300.jpeg 300w, https:\/\/portalfloresnoar.com\/floresnoar\/wp-content\/uploads\/2023\/03\/meditacao-online-768x768.jpeg 768w, https:\/\/portalfloresnoar.com\/floresnoar\/wp-content\/uploads\/2023\/03\/meditacao-online-100x100.jpeg 100w, https:\/\/portalfloresnoar.com\/floresnoar\/wp-content\/uploads\/2023\/03\/meditacao-online.jpeg 1080w\" sizes=\"(max-width: 610px) 100vw, 610px\" \/><\/p>\n<p>A terapeuta Lira de Apolo realiza no dia 22 de mar\u00e7o de 2023, \u00e0s 20h, o ritual &#8216;Medita\u00e7\u00e3o da Pir\u00e2mide de Chama Branca&#8217;. O encontro ser\u00e1 aberto e on-line, e as inscri\u00e7\u00f5es para participar s\u00e3o gratuitas.<\/p>\n<p>&#8220;A &#8216;Medita\u00e7\u00e3o da Pir\u00e2mide de Chama Branca&#8217; nos conecta com o plano dos mestres ascencionados e nos permite receber muita luz, limpeza energ\u00e9tica e uma consider\u00e1vel acelera\u00e7\u00e3o vibracional que se reflete em harmoniza\u00e7\u00e3o nos diversos campos da vida. Durante o ritual, os participantes s\u00e3o orientados a mentalizar as \u00e1reas de suas vidas em que desejam receber cura e depois s\u00e3o guiados a um estado de profundo relaxamento e receptividade&#8221;, explica Lira.<\/p>\n<p>O encontro visa divulgar o n\u00edvel 1 do Curso de &#8216;Arte do Amor&#8217;, onde os participantes s\u00e3o iniciados no ritual &#8216;Pir\u00e2mide de Chama Branca&#8217;. &#8220;Neste n\u00edvel \u00e9 estabelecida a conex\u00e3o com a Fraternidade Branca, Mestres e Anjos, e vivenciada a cria\u00e7\u00e3o de um espa\u00e7o de luz, prote\u00e7\u00e3o e cura, que estar\u00e1 dispon\u00edvel sempre que necess\u00e1rio. Na ocasi\u00e3o trabalharemos tamb\u00e9m o equil\u00edbrio entre enraizamento e eleva\u00e7\u00e3o espiritual, numa prepara\u00e7\u00e3o para despertar kundalini com seguran\u00e7a no n\u00edvel 2.&#8221;<\/p>\n<p>O Curso de Arte do Amor ser\u00e1 realizado no dia 25 de mar\u00e7o de 2023, das 9h \u00e0s 17h, via plataforma Zoom. O curso tem como objetivo ajudar buscadores a se conectarem com seus mestres e mentores, potencializando a intui\u00e7\u00e3o, o autoconhecimento, a confian\u00e7a e a expans\u00e3o da consci\u00eancia. Mais informa\u00e7\u00f5es sobre o curso, neste link:\u00a0<a href=\"http:\/\/portalfloresnoar.com\/floresnoar\/agenda-lira-de-apolo-ministra-curso-on-line-de-arte-do-amor-dia-25-de-marco\/\" target=\"_blank\" rel=\"noopener\">http:\/\/portalfloresnoar.com\/floresnoar\/agenda-lira-de-apolo-ministra-curso-on-line-de-arte-do-amor-dia-25-de-marco\/<\/a><\/p>\n<p>SOBRE A FACILITADORA<br \/>\n<strong>Lira de Apolo<\/strong> \u00e9 sacerdotisa Wiccan h\u00e1 18 anos, canalizadora do sistema Arte do Amor, ap\u00f4metra, terapeuta de Frequ\u00eancias de Brilho, Reiki Master, condutora de C\u00edrculos de Mulheres, facilitadora dos trabalhos de Sexualidade Sagrada, Consagra\u00e7\u00e3o do Ventre e do Falo.<\/p>\n<p><strong>Medita\u00e7\u00e3o da Pir\u00e2mide de Chama Branca<\/strong><br \/>\n<strong>Data:<\/strong> 22 de mar\u00e7o de 2023 (quarta-feira)<br \/>\n<strong>Hor\u00e1rio:<\/strong> 20h \u00e0s 21h<br \/>\n<strong>Local:<\/strong> Plataforma de videoconferencia zoom<br \/>\n<strong>Ingresso:<\/strong> Gratuito<\/p>\n<p><strong>INSCRI\u00c7\u00d5ES, ATRAV\u00c9S DESTE LINK:<\/strong> <a href=\"https:\/\/docs.google.com\/forms\/d\/e\/1FAIpQLScIy4JLW3iGaOvfW74l7s9_KtzOlwVRkG1dDou5T1ZwUJvgXw\/viewform\" target=\"_blank\" rel=\"noopener\">https:\/\/docs.google.com\/forms\/d\/e\/1FAIpQLScIy4JLW3iGaOvfW74l7s9_KtzOlwVRkG1dDou5T1ZwUJvgXw\/viewform<\/a><\/p>\n<p><strong>MAIS INFORMA\u00c7\u00d5ES:<\/strong><br \/>\n<strong>WhatsApp:<\/strong>\u00a081 99455 2650<br \/>\n<strong>Instagram:<\/strong>\u00a0<a href=\"https:\/\/www.instagram.com\/lira.de.apolo\/\" target=\"_blank\" rel=\"noopener\">@lira.de.apolo<\/a><\/p>\n","protected":false},"excerpt":{"rendered":"<p>A terapeuta Lira de Apolo realiza no dia 22 de mar\u00e7o de 2023, \u00e0s 20h, o ritual &#8216;Medita\u00e7\u00e3o da Pir\u00e2mide de Chama Branca&#8217;. O encontro ser\u00e1 aberto e on-line, e as inscri\u00e7\u00f5es para participar s\u00e3o gratuitas. &#8220;A &#8216;Medita\u00e7\u00e3o da Pir\u00e2mide de Chama Branca&#8217; nos conecta com o plano dos mestres ascencionados e nos permite receber [&hellip;]<\/p>\n","protected":false},"author":1,"featured_media":43080,"comment_status":"open","ping_status":"open","sticky":false,"template":"","format":"standard","meta":{"om_disable_all_campaigns":false,"_monsterinsights_skip_tracking":false,"_monsterinsights_sitenote_active":false,"_monsterinsights_sitenote_note":"","_monsterinsights_sitenote_category":0,"footnotes":""},"categories":[8,214],"tags":[33,43,971],"acf":[],"publishpress_future_action":{"enabled":false,"date":"1969-12-31 21:00:00","action":"","terms":[],"taxonomy":"","browser_timezone_offset":0},"_links":{"self":[{"href":"https:\/\/portalfloresnoar.com\/floresnoar\/wp-json\/wp\/v2\/posts\/43078"}],"collection":[{"href":"https:\/\/portalfloresnoar.com\/floresnoar\/wp-json\/wp\/v2\/posts"}],"about":[{"href":"https:\/\/portalfloresnoar.com\/floresnoar\/wp-json\/wp\/v2\/types\/post"}],"author":[{"embeddable":true,"href":"https:\/\/portalfloresnoar.com\/floresnoar\/wp-json\/wp\/v2\/users\/1"}],"replies":[{"embeddable":true,"href":"https:\/\/portalfloresnoar.com\/floresnoar\/wp-json\/wp\/v2\/comments?post=43078"}],"version-history":[{"count":0,"href":"https:\/\/portalfloresnoar.com\/floresnoar\/wp-json\/wp\/v2\/posts\/43078\/revisions"}],"wp:featuredmedia":[{"embeddable":true,"href":"https:\/\/portalfloresnoar.com\/floresnoar\/wp-json\/wp\/v2\/media\/43080"}],"wp:attachment":[{"href":"https:\/\/portalfloresnoar.com\/floresnoar\/wp-json\/wp\/v2\/media?parent=43078"}],"wp:term":[{"taxonomy":"category","embeddable":true,"href":"https:\/\/portalfloresnoar.com\/floresnoar\/wp-json\/wp\/v2\/categories?post=43078"},{"taxonomy":"post_tag","embeddable":true,"href":"https:\/\/portalfloresnoar.com\/floresnoar\/wp-json\/wp\/v2\/tags?post=43078"}],"curies":[{"name":"wp","href":"https:\/\/api.w.org\/{rel}","templated":true}]}}