

{"id":43052,"date":"2022-03-14T09:32:49","date_gmt":"2022-03-14T12:32:49","guid":{"rendered":"http:\/\/portalfloresnoar.com\/floresnoar\/?p=43052"},"modified":"2023-03-20T11:02:17","modified_gmt":"2023-03-20T14:02:17","slug":"agenda-pe-vivencia-a-harmonizacao-da-morada-interior-e-exterior-para-o-equinocio-de-outono-e-o-ano-novo-astrologico-dia-2003-no-recife","status":"publish","type":"post","link":"https:\/\/portalfloresnoar.com\/floresnoar\/agenda-pe-vivencia-a-harmonizacao-da-morada-interior-e-exterior-para-o-equinocio-de-outono-e-o-ano-novo-astrologico-dia-2003-no-recife\/","title":{"rendered":"[AGENDA PE] Viv\u00eancia &#8216;A Harmoniza\u00e7\u00e3o da Morada Interior e Exterior para o Equin\u00f3cio de Outono e o Ano Novo Astrol\u00f3gico&#8217;, dia 20\/03, no Recife"},"content":{"rendered":"<p><img decoding=\"async\" loading=\"lazy\" class=\"aligncenter wp-image-43053\" src=\"http:\/\/portalfloresnoar.com\/floresnoar\/wp-content\/uploads\/2023\/03\/feng-shui-recife-700x700.jpeg\" alt=\"\" width=\"601\" height=\"601\" srcset=\"https:\/\/portalfloresnoar.com\/floresnoar\/wp-content\/uploads\/2023\/03\/feng-shui-recife-700x700.jpeg 700w, https:\/\/portalfloresnoar.com\/floresnoar\/wp-content\/uploads\/2023\/03\/feng-shui-recife-150x150.jpeg 150w, https:\/\/portalfloresnoar.com\/floresnoar\/wp-content\/uploads\/2023\/03\/feng-shui-recife-300x300.jpeg 300w, https:\/\/portalfloresnoar.com\/floresnoar\/wp-content\/uploads\/2023\/03\/feng-shui-recife-768x768.jpeg 768w, https:\/\/portalfloresnoar.com\/floresnoar\/wp-content\/uploads\/2023\/03\/feng-shui-recife-100x100.jpeg 100w, https:\/\/portalfloresnoar.com\/floresnoar\/wp-content\/uploads\/2023\/03\/feng-shui-recife.jpeg 1080w\" sizes=\"(max-width: 601px) 100vw, 601px\" \/><\/p>\n<p>Neste dia 20 de mar\u00e7o, tem in\u00edcio o Outono e o novo ano astrol\u00f3gico. Para orientar as pessoas a entrarem neste ciclo com mais leveza e prop\u00f3sito, a consultora de Feng Shui e psicoterapeuta Karla Zovka facilita, no Recife, o encontro vivencial &#8216;A Harmoniza\u00e7\u00e3o da Morada Interior e Exterior para o Equin\u00f3cio de Outono e o Ano Novo Astrol\u00f3gico&#8217;, nesta pr\u00f3xima segunda-feira, das 19h \u00e0s 21h30.<\/p>\n<p>&#8220;A viv\u00eancia tem o intuito de proporcionar a limpeza e harmoniza\u00e7\u00e3o energ\u00e9tica, interna e externa, favorecendo a conex\u00e3o com a ess\u00eancia e a autorrealiza\u00e7\u00e3o&#8221;, explica Karla. O encontro \u00e9 voltado para adultos e jovens, a partir de 16 anos.<\/p>\n<p>PROGRAMA\u00c7\u00c3O<br \/>\n&#8211; O Equin\u00f3cio de Outono e o Ano Novo Astrol\u00f3gico<br \/>\n&#8211; A interfer\u00eancia dos &#8216;Bagulhos Energ\u00e9ticos&#8217;<br \/>\n&#8211; Limpeza e Harmoniza\u00e7\u00e3o dos Ambientes<br \/>\n&#8211; A Ess\u00eancia da Morada Interior e Exterior<br \/>\n&#8211; Prop\u00f3sito e Autorrealiza\u00e7\u00e3o<\/p>\n<p><strong>Viv\u00eancia &#8216;A Harmoniza\u00e7\u00e3o da Morada Interior e Exterior para o Equin\u00f3cio de Outono e o Ano Novo Astrol\u00f3gico&#8217;<\/strong><br \/>\n<strong>Data:<\/strong> 20\/03\/2023 (Segunda-feira)<br \/>\n<strong>Hor\u00e1rio:<\/strong> 19h \u00e0s 21h:30<br \/>\n<strong>Local:<\/strong> Trinus Office: Rua Marechal Rondon 146, Casa Forte &#8211; Recife\/PE<br \/>\n<strong>Facilitadora:<\/strong> Karla Zovka &#8211; Consultora e difusora do Feng Shui desde 2005. Consteladora Familiar desde 2015. Psicoterapeuta e Especialista em Sa\u00fade Mental h\u00e1 mais de 22 anos. Apaixonada pela vida. Idealizadora do Projeto Reflorescer, que visa a qualidade de vida e a autorrealiza\u00e7\u00e3o.<br \/>\n<strong>Investimento*:<\/strong> Valor individual: R$ 80,00 \/Dupla: R$ 140,00<br \/>\n<em><strong>*<\/strong> Para quem j\u00e1 participou de outras atividades com a facilitadora, o valor \u00e9: R$ 60,00<\/em><\/p>\n<p><strong>Obs.:<\/strong> Inscri\u00e7\u00f5es antecipadas\/ Vagas limitadas!<\/p>\n<p><strong>Forma de pagamento:<\/strong> PIX &#8211; 81999690239 (telefone)<\/p>\n<p>INSCRI\u00c7\u00d5ES E MAIS INFORMA\u00c7\u00d5ES:<br \/>\n<strong>Fone\/ WhatsApp:<\/strong> (81) 99969.0239<\/p>\n","protected":false},"excerpt":{"rendered":"<p>Neste dia 20 de mar\u00e7o, tem in\u00edcio o Outono e o novo ano astrol\u00f3gico. Para orientar as pessoas a entrarem neste ciclo com mais leveza e prop\u00f3sito, a consultora de Feng Shui e psicoterapeuta Karla Zovka facilita, no Recife, o encontro vivencial &#8216;A Harmoniza\u00e7\u00e3o da Morada Interior e Exterior para o Equin\u00f3cio de Outono e [&hellip;]<\/p>\n","protected":false},"author":1,"featured_media":43054,"comment_status":"open","ping_status":"open","sticky":false,"template":"","format":"standard","meta":{"om_disable_all_campaigns":false,"_monsterinsights_skip_tracking":false,"_monsterinsights_sitenote_active":false,"_monsterinsights_sitenote_note":"","_monsterinsights_sitenote_category":0,"footnotes":""},"categories":[8,214],"tags":[389,295,143,1298,304],"acf":[],"publishpress_future_action":{"enabled":false,"date":"1969-12-31 21:00:00","action":"","terms":[],"taxonomy":"","browser_timezone_offset":0},"_links":{"self":[{"href":"https:\/\/portalfloresnoar.com\/floresnoar\/wp-json\/wp\/v2\/posts\/43052"}],"collection":[{"href":"https:\/\/portalfloresnoar.com\/floresnoar\/wp-json\/wp\/v2\/posts"}],"about":[{"href":"https:\/\/portalfloresnoar.com\/floresnoar\/wp-json\/wp\/v2\/types\/post"}],"author":[{"embeddable":true,"href":"https:\/\/portalfloresnoar.com\/floresnoar\/wp-json\/wp\/v2\/users\/1"}],"replies":[{"embeddable":true,"href":"https:\/\/portalfloresnoar.com\/floresnoar\/wp-json\/wp\/v2\/comments?post=43052"}],"version-history":[{"count":0,"href":"https:\/\/portalfloresnoar.com\/floresnoar\/wp-json\/wp\/v2\/posts\/43052\/revisions"}],"wp:featuredmedia":[{"embeddable":true,"href":"https:\/\/portalfloresnoar.com\/floresnoar\/wp-json\/wp\/v2\/media\/43054"}],"wp:attachment":[{"href":"https:\/\/portalfloresnoar.com\/floresnoar\/wp-json\/wp\/v2\/media?parent=43052"}],"wp:term":[{"taxonomy":"category","embeddable":true,"href":"https:\/\/portalfloresnoar.com\/floresnoar\/wp-json\/wp\/v2\/categories?post=43052"},{"taxonomy":"post_tag","embeddable":true,"href":"https:\/\/portalfloresnoar.com\/floresnoar\/wp-json\/wp\/v2\/tags?post=43052"}],"curies":[{"name":"wp","href":"https:\/\/api.w.org\/{rel}","templated":true}]}}